{"id":136879,"date":"2026-01-14T09:46:26","date_gmt":"2026-01-14T09:46:26","guid":{"rendered":"https:\/\/www.europesays.com\/no\/136879\/"},"modified":"2026-01-14T09:46:26","modified_gmt":"2026-01-14T09:46:26","slug":"sentralbanksjefer-over-hele-verden-stiller-seg-bak-jerome-powell","status":"publish","type":"post","link":"https:\/\/www.europesays.com\/no\/136879\/","title":{"rendered":"Sentralbanksjefer over hele verden stiller seg bak Jerome Powell"},"content":{"rendered":"<p>    En rekke sentralbanksjefer, inkludert v\u00e5r egen Ida Wolden Bache, kommer i en felles uttalelse med st\u00f8tte til den amerikanske sentralbanksjefen Jerome Powell i konflikten med president Donald Trump.<\/p>\n<p>\n        USAs sentralbanksjef Jerome Powell f\u00e5r st\u00f8tte fra en rekke andre sentralbanksjefer verden over.<br \/>\n        Jacquelyn Martin \/ AP \/ NTB\n    <\/p>\n<p class=\"kicker tertiary color_mobile_tertiary\" style=\"\">Verden<\/p>\n<p>\u2013 Vi st\u00e5r i full solidaritet med Federal Reserve og sentralbanksjef Jerome H. Powell, heter det i uttalelsen, som er signert av sentralbanksjefene fra Norge, Sverige, Storbritannia, Danmark, Sveits, Australia, Canada, S\u00f8r-Korea og Brasil, i tillegg til EUs sentralbanksjef Christine Lagarde.<\/p>\n<p>Sentralbanksjef Ida Wolde Bache er blant sentralbanksjefene som har signert uttalelsen.<\/p>\n<p>\u2013 Norges Bank er opptatt av at sentralbankers uavhengighet ivaretas, sier fungerende kommunikasjonssjef B\u00e5rd Ove Molberg til NTB.<\/p>\n<p>\u2013 En hj\u00f8rnestein<\/p>\n<p><a href=\"https:\/\/www.ecb.europa.eu\/press\/pr\/date\/2026\/html\/ecb.pr260113~ec4630b9fa.cs.html\" target=\"_blank\" rel=\"nofollow noopener\">Uttalelsen\u00a0<\/a>er publisert p\u00e5 nettsidene til Den europeiske sentralbanken (ESB). Ogs\u00e5 Fran\u00e7ois Villeroy de Galhau og Pablo Hernandez de Cos, begge toppsjefer i Den internasjonale oppgj\u00f8rsbanken (BIS), har signert uttalelsen.<\/p>\n<p>\u2013 Uavhengigheten til sentralbanker er en hj\u00f8rnestein for pris, finans- og \u00f8konomisk stabilitet i borgernes interesse. Det er derfor avgj\u00f8rende \u00e5 bevare denne uavhengigheten, heter det videre.<\/p>\n<p>Renovering<\/p>\n<p>S\u00f8ndag kunngjorde Powell selv at det er innledet en etterforskning av ham knyttet til at han vitnet i Senatet i juni. H\u00f8ringen handlet om en st\u00f8rre renovering av bygget der sentralbanken har sine kontorer.<\/p>\n<p>If\u00f8lge Powell har p\u00e5talemyndigheten ogs\u00e5 truet med \u00e5 reise tiltale mot ham. Sentralbanksjefen sier etterforskningen kun er et p\u00e5skudd og en del av president Donald Trumps fors\u00f8k p\u00e5 \u00e5 presse ham til \u00e5 endre avgj\u00f8relser i pengepolitikken.<\/p>\n<p>\u2013 Powell har tjent med integritet, fokusert p\u00e5 sitt mandat og med et urokkelig engasjement til allmennhetens interesser. For oss er han en respektert kollega som holdes i h\u00f8yeste aktelse av alle som har jobbet med ham, skriver hans internasjonale kolleger.<\/p>\n","protected":false},"excerpt":{"rendered":"En rekke sentralbanksjefer, inkludert v\u00e5r egen Ida Wolden Bache, kommer i en felles uttalelse med st\u00f8tte til den&hellip;\n","protected":false},"author":2,"featured_media":136880,"comment_status":"","ping_status":"","sticky":false,"template":"","format":"standard","meta":{"footnotes":""},"categories":[12],"tags":[20,21,24,25,15,22,23,13,30,28,29,14,16,26,27,42,43,44,45],"class_list":{"0":"post-136879","1":"post","2":"type-post","3":"status-publish","4":"format-standard","5":"has-post-thumbnail","7":"category-verden","8":"tag-breaking-news","9":"tag-breakingnews","10":"tag-featured-news","11":"tag-featurednews","12":"tag-headlines","13":"tag-latest-news","14":"tag-latestnews","15":"tag-news","16":"tag-no","17":"tag-norge","18":"tag-norway","19":"tag-nyheter","20":"tag-overskrifter","21":"tag-top-stories","22":"tag-topstories","23":"tag-verden","24":"tag-world","25":"tag-world-news","26":"tag-worldnews"},"share_on_mastodon":{"url":"https:\/\/pubeurope.com\/@no\/115892819423335147","error":""},"_links":{"self":[{"href":"https:\/\/www.europesays.com\/no\/wp-json\/wp\/v2\/posts\/136879","targetHints":{"allow":["GET"]}}],"collection":[{"href":"https:\/\/www.europesays.com\/no\/wp-json\/wp\/v2\/posts"}],"about":[{"href":"https:\/\/www.europesays.com\/no\/wp-json\/wp\/v2\/types\/post"}],"author":[{"embeddable":true,"href":"https:\/\/www.europesays.com\/no\/wp-json\/wp\/v2\/users\/2"}],"replies":[{"embeddable":true,"href":"https:\/\/www.europesays.com\/no\/wp-json\/wp\/v2\/comments?post=136879"}],"version-history":[{"count":0,"href":"https:\/\/www.europesays.com\/no\/wp-json\/wp\/v2\/posts\/136879\/revisions"}],"wp:featuredmedia":[{"embeddable":true,"href":"https:\/\/www.europesays.com\/no\/wp-json\/wp\/v2\/media\/136880"}],"wp:attachment":[{"href":"https:\/\/www.europesays.com\/no\/wp-json\/wp\/v2\/media?parent=136879"}],"wp:term":[{"taxonomy":"category","embeddable":true,"href":"https:\/\/www.europesays.com\/no\/wp-json\/wp\/v2\/categories?post=136879"},{"taxonomy":"post_tag","embeddable":true,"href":"https:\/\/www.europesays.com\/no\/wp-json\/wp\/v2\/tags?post=136879"}],"curies":[{"name":"wp","href":"https:\/\/api.w.org\/{rel}","templated":true}]}}