{"id":136881,"date":"2026-01-14T09:47:09","date_gmt":"2026-01-14T09:47:09","guid":{"rendered":"https:\/\/www.europesays.com\/no\/136881\/"},"modified":"2026-01-14T09:47:09","modified_gmt":"2026-01-14T09:47:09","slug":"frp-og-sp-vil-reversere-psykiatrilov","status":"publish","type":"post","link":"https:\/\/www.europesays.com\/no\/136881\/","title":{"rendered":"Frp og Sp vil reversere psykiatrilov"},"content":{"rendered":"\n<ul class=\"_list_o9xde_3 _list_64s2r_85 _unordered_o9xde_106 text-sans-m\">\n<li class=\"_item_o9xde_30\">Frp vil reversere lovendringene fra 2017 for \u00e5 gj\u00f8re det lettere \u00e5 bruke tvang i psykiatrien.<\/li>\n<li class=\"_item_o9xde_30\">Partiet f\u00e5r st\u00f8tte fra Senterpartiet som mener konsekvensene av lovendringene i 2017 har v\u00e6rt for store.<\/li>\n<li class=\"_item_o9xde_30\">Frp vil \u00f8ke kapasiteten p\u00e5 psykiatriske d\u00f8gnplasser.<\/li>\n<\/ul>\n<p>Vis mer <\/p>\n<p class=\"_paragraph_o9xde_4 _paragraph_xtcu6_10 layout-component text-serif-m layout-normal text-serif-m layout-padded\">\u2013 Dette er s\u00e5 oppr\u00f8rende som det f\u00e5r blitt.<\/p>\n<p class=\"_paragraph_o9xde_4 _paragraph_xtcu6_10 layout-component text-serif-m layout-normal text-serif-m layout-padded\">Det sier Kristian Eilertsen (Frp) etter \u00e5 ha lest VGs saker om tvangsbruk i psykiatri og om drap beg\u00e5tt av psykisk syke personer. <\/p>\n<p class=\"_paragraph_o9xde_4 _paragraph_xtcu6_10 layout-component text-serif-m layout-normal text-serif-m layout-padded\">\u2013 Det er oppr\u00f8rende og hjerteskj\u00e6rende \u00e5 lese om p\u00e5r\u00f8rende som forteller om sine n\u00e6re og kj\u00e6re som enten kunne v\u00e6rt her i dag, ikke har f\u00e5tt hjelp, eller som g\u00e5r rundt og utgj\u00f8r en fare for seg selv og andre.<\/p>\n<p class=\"_paragraph_o9xde_4 _paragraph_xtcu6_10 layout-component text-serif-m layout-normal text-serif-m layout-padded\">En av sakene VG fortalte denne julen var historien om 23 \u00e5r gamle <a href=\"https:\/\/www.vg.no\/nyheter\/i\/M7gPdE\/fem-drept-i-kongsberg-angrepet-linnea-ble-det-ukjente-offeret\" data-track-element-type=\"Link\" data-track-id=\"link:M7gPdE\" class=\"_link_o9xde_39\" rel=\"nofollow noopener\" target=\"_blank\">Linn\u00e8a Bernardine Englund,<\/a> som tok sitt eget liv ett \u00e5r etter at moren ble drept i Kongsberg-drapene i 2021. <\/p>\n<p> Vil senke terskelen for tvangsbruk<\/p>\n<p class=\"_paragraph_o9xde_4 _paragraph_xtcu6_10 layout-component text-serif-m layout-normal text-serif-m layout-padded\">Faren til Linn\u00e8a er kritisk til en lovendring som ble gjort i 2017, som ga psykisk syke pasienter st\u00f8rre r\u00e5derett over egen behandling dersom de regnes som samtykkekompetente.<\/p>\n<p class=\"_paragraph_o9xde_4 _paragraph_xtcu6_10 layout-component text-serif-m layout-normal text-serif-m layout-padded\">Han mener at datterens \u00f8nske om \u00e5 v\u00e6re alene ble tillagt st\u00f8rre vekt enn hennes sykdomshistorikk med tidligere selvmordsfors\u00f8k og psykose. <\/p>\n<p><img alt=\"MISTET DATTER: \u00d8ystein Kjennerud mistet datteren Linn\u00e8a til psykisk sykdom.   Foto: Naina Hel\u00e9n J\u00e5ma \/ VG\" class=\"_image_qp4xg_65 layout-component layout-normal\" data-fullscreen- data-track-element-type=\"Article image fullscreen\" data-track-name=\"ImageFullscreen\" decoding=\"async\" loading=\"lazy\" height=\"5504\" itemprop=\"image\"  src=\"https:\/\/www.europesays.com\/no\/wp-content\/uploads\/2026\/01\/787ee687-5d13-4086-ada9-cdc8aed62641.jpeg\"  style=\"object-position:0% 0%\" width=\"8256\"\/>MISTET DATTER: \u00d8ystein Kjennerud mistet datteren Linn\u00e8a til psykisk sykdom.   Foto: Naina Hel\u00e9n J\u00e5ma \/ VG<\/p>\n<p class=\"_paragraph_o9xde_4 _paragraph_xtcu6_10 layout-component text-serif-m layout-normal text-serif-m layout-padded\">\u2013 De konsekvensene p\u00e5r\u00f8rende forteller om i dag, er en direkte konsekvens av lovendringen i 2017, sier Eilertsen. <\/p>\n<p class=\"_paragraph_o9xde_4 _paragraph_xtcu6_10 layout-component text-serif-m layout-normal text-serif-m layout-padded\"><strong class=\"_strong_o9xde_25\">N\u00e5 foresl\u00e5r Frp \u00e5 reversere nettopp denne lovendringen fra 2017.<\/strong><\/p>\n<p class=\"_paragraph_o9xde_4 _paragraph_xtcu6_10 layout-component text-serif-m layout-normal text-serif-m layout-padded\">\u2013 Vi vil fremme et konkret forslag der kravet om manglende samtykkekompetanse fjernes, og vilk\u00e5rene for tvang i psykisk helsevern tilbakef\u00f8res til slik de var f\u00f8r 2017.<\/p>\n<p class=\"_paragraph_o9xde_4 _paragraph_xtcu6_10 layout-component text-serif-m layout-normal text-serif-m layout-padded\">\u2013 Vi mener det er altfor mange tikkende bomber som b\u00e5de m\u00e5 beskyttes mot seg selv, og som resten av samfunnet m\u00e5 beskyttes mot.<\/p>\n<p><img decoding=\"async\" alt=\"Bilde av Kristian Eilertsen\" class=\"_image_ygndg_42\" height=\"27\" itemprop=\"image\" loading=\"lazy\"  src=\"https:\/\/www.europesays.com\/no\/wp-content\/uploads\/2026\/01\/9e439164-61ac-4c79-bfe3-79a1654d217c.jpeg\"  width=\"40\"\/><strong class=\"_name_ygndg_51 title-serif-xs\">Kristian Eilertsen<\/strong><\/p>\n<p class=\"_paragraph_o9xde_4 text-sans-m _description_ygndg_56\">Helse- og omsorgspolitisk talsperson, Frp<\/p>\n<p class=\"_paragraph_o9xde_4 _paragraph_xtcu6_10 layout-component text-serif-m layout-normal text-serif-m layout-padded\">\u2013 Bruk av tvang er sv\u00e6rt inngripende overfor enkeltmennesket. Risikerer man med dette lovforslaget \u00e5 bruke for mye tvang? <\/p>\n<p class=\"_paragraph_o9xde_4 _paragraph_xtcu6_10 layout-component text-serif-m layout-normal text-serif-m layout-padded\">\u2013 Noe annet som er veldig inngripende er \u00e5 g\u00e5 p\u00e5 gaten og bli tilfeldig overfalt og drept av et menneske som er syk uten \u00e5 v\u00e6re klar over det selv. Retten til liv gjelder for alle innbyggerne i Norge. Den veier kanskje tyngre enn din rett til \u00e5 nekte \u00e5 f\u00e5 psykisk helsehjelp, svarer Eilertsen.<\/p>\n<p class=\"_paragraph_o9xde_4 _paragraph_xtcu6_10 layout-component text-serif-m layout-normal text-serif-m layout-padded\">\u2013 N\u00e5r man begynner \u00e5 utgj\u00f8re en fare for seg selv eller samfunnet, m\u00e5 hensynet til alle andre spille en rolle.<\/p>\n<p class=\"_paragraph_o9xde_4 _paragraph_xtcu6_10 layout-component text-serif-m layout-normal text-serif-m layout-padded\">I et intervju med VG \u00e5pnet ogs\u00e5 avtroppende H\u00f8yre-leder Erna Solberg for at loven om tvang i <a href=\"https:\/\/www.vg.no\/nyheter\/i\/3pjvPX\/erna-solberg-sier-at-stortinget-boer-vaere-aapne-for-at-loven-om-bruk-av-tvang-i-psykiatri-maa-vurderes-paa-nytt\" data-track-element-type=\"Link\" data-track-id=\"link:3pjvPX\" class=\"_link_o9xde_39\" rel=\"nofollow noopener\" target=\"_blank\">psykisk helsevern b\u00f8r vurderes p\u00e5 nytt<\/a>.<\/p>\n<p> Sp-topp: \u2013 Treffer midt i magen<\/p>\n<p class=\"_paragraph_o9xde_4 _paragraph_xtcu6_10 layout-component text-serif-m layout-normal text-serif-m layout-padded\">Kjersti Toppe (Sp) varsler at Senterpartiet st\u00e5r klare til \u00e5 st\u00f8tte en reversering av lovendringene som ble gjort i 2017 og fjerne kravet om manglende samtykkekompetanse ved bruk av tvang. <\/p>\n<p class=\"_paragraph_o9xde_4 _paragraph_xtcu6_10 layout-component text-serif-m layout-normal text-serif-m layout-padded\">\u2013 Av og til m\u00e5 man bare innr\u00f8mme at i ettertid har det vist seg at konsekvensene har v\u00e6rt for store, sier hun.<\/p>\n<p class=\"_paragraph_o9xde_4 _paragraph_xtcu6_10 layout-component text-serif-m layout-normal text-serif-m layout-padded\">\u2013 Det er f\u00e5 argumenter for \u00e5 ikke g\u00e5 tilbake igjen til slik det var 2017.<\/p>\n<p class=\"_paragraph_o9xde_4 _paragraph_xtcu6_10 layout-component text-serif-m layout-normal text-serif-m layout-padded\">Hun reagerer ogs\u00e5 sterkt p\u00e5 artikkelserien VG nylig har publisert. <\/p>\n<p class=\"_paragraph_o9xde_4 _paragraph_xtcu6_10 layout-component text-serif-m layout-normal text-serif-m layout-padded\">\u2013 Det treffer jo midt i magen n\u00e5r han (far til Linn\u00e8a) henviser til endringene i lovverket, at det kan ha hindret bedre oppf\u00f8lging.<\/p>\n<p><img decoding=\"async\" alt=\"Bilde av Kjersti Toppe\" class=\"_image_ygndg_42\" height=\"27\" itemprop=\"image\" loading=\"lazy\"  src=\"https:\/\/www.europesays.com\/no\/wp-content\/uploads\/2026\/01\/f1854dc8-d97d-42e2-8ef3-6ddebb478df5.jpeg\"  width=\"40\"\/><strong class=\"_name_ygndg_51 title-serif-xs\">Kjersti Toppe<\/strong><\/p>\n<p class=\"_paragraph_o9xde_4 text-sans-m _description_ygndg_56\">Helse- og omsorgspolitisk talsperson, Sp<\/p>\n<p class=\"_paragraph_o9xde_4 _paragraph_xtcu6_10 layout-component text-serif-m layout-normal text-serif-m layout-padded\">Tilbake i 2017 ble lovendringene enstemmig vedtatt, tross advarsler fra fagmilj\u00f8et.<\/p>\n<p class=\"_paragraph_o9xde_4 _paragraph_xtcu6_10 layout-component text-serif-m layout-normal text-serif-m layout-padded\">\u2013 At liv kunne g\u00e5 tapt ved lovendringen, ble vi advart mot. Dessverre har det vist seg at disse innvendingene var helt berettiget, og at dette fikk konsekvenser for de aller sykeste og deres p\u00e5r\u00f8rende. <\/p>\n<p class=\"_paragraph_o9xde_4 _paragraph_xtcu6_10 layout-component text-serif-m layout-normal text-serif-m layout-padded\">\u2013 Dette er vel den saken som har v\u00e6rt en av de mest vanskelige i min tid p\u00e5 Stortinget, sier Toppe. <\/p>\n<p class=\"_paragraph_o9xde_4 _paragraph_xtcu6_10 layout-component text-serif-m layout-normal text-serif-m layout-padded\">I 2020 fremmet Sp et <a href=\"https:\/\/www.stortinget.no\/no\/Saker-og-publikasjoner\/Saker\/Sak\/?p=82002\" class=\"_link_o9xde_39\" rel=\"nofollow noopener\" target=\"_blank\">forslag<\/a> om \u00e5 evaluere lovendringene, men ble nedstemt av blant annet Frp. <\/p>\n<p> M\u00e5 stanse nedbygging av d\u00f8gnplasser<\/p>\n<p class=\"_paragraph_o9xde_4 _paragraph_xtcu6_10 layout-component text-serif-m layout-normal text-serif-m layout-padded\">VG har tidligere fortalt at antallet psykiatriske d\u00f8gnplasser har <a href=\"https:\/\/www.vg.no\/nyheter\/i\/8plLgr\/livsverket-som-forsvant\" data-track-element-type=\"Link\" data-track-id=\"link:8plLgr\" class=\"_link_o9xde_39\" rel=\"nofollow noopener\" target=\"_blank\">stupt<\/a> de siste 35 \u00e5rene: fra 7745 d\u00f8gnplasser i 1990 til 3200 d\u00f8gnplasser i 2022. <\/p>\n<p class=\"_paragraph_o9xde_4 _paragraph_xtcu6_10 layout-component text-serif-m layout-normal text-serif-m layout-padded\">I Troms, der Eilertsen selv kommer fra, er alle d\u00f8gnplasser ved tre psykiatriske sentre vedtatt kuttet.<\/p>\n<p class=\"_paragraph_o9xde_4 _paragraph_xtcu6_10 layout-component text-serif-m layout-normal text-serif-m layout-padded\">\u2013 Mange pasienter kommer for sent i kontakt med psykisk helsevern og skrives ut for tidlig. Det henger sammen med at antallet psykiatriske d\u00f8gnplasser er bygget ned, samtidig som behovet er st\u00f8rre, sier Eilertsen.<\/p>\n<p><img alt=\"\u00c5TTE PLASSER: D\u00f8gnplassene i Vester\u00e5len og Lofoten skal kuttes ned til \u00e5tte plasser.   Foto: Andre Riise \/ VG\" class=\"_image_qp4xg_65 layout-component layout-normal\" data-fullscreen- data-track-element-type=\"Article image fullscreen\" data-track-name=\"ImageFullscreen\" decoding=\"async\" loading=\"lazy\" height=\"6336\" itemprop=\"image\"  src=\"https:\/\/www.europesays.com\/no\/wp-content\/uploads\/2026\/01\/0181b12f-317c-4464-a93b-b7ddbe60f272.jpeg\"  style=\"object-position:0% 0%\" width=\"9504\"\/>\u00c5TTE PLASSER: D\u00f8gnplassene i Vester\u00e5len og Lofoten skal kuttes ned til \u00e5tte plasser.   Foto: Andre Riise \/ VG<\/p>\n<p class=\"_paragraph_o9xde_4 _paragraph_xtcu6_10 layout-component text-serif-m layout-normal text-serif-m layout-padded\">For Frp-politikeren er det avgj\u00f8rende \u00e5 snu denne trenden.<\/p>\n<p class=\"_paragraph_o9xde_4 _paragraph_xtcu6_10 layout-component text-serif-m layout-normal text-serif-m layout-padded\">\u2013 Folk som blir d\u00f8mt til tvungent psykisk helsevern i dag, opptar veldig mange av de plassene. Det betyr at andre ikke blir prioritert og det er altfor mange som g\u00e5r og venter p\u00e5 hjelpen de trenger. Derfor er det viktigste tiltaket \u00e5 \u00f8ke kapasiteten p\u00e5 d\u00f8gnplasser.<\/p>\n<p> \u2013 Vi har ikke tid \u00e5 miste<\/p>\n<p class=\"_paragraph_o9xde_4 _paragraph_xtcu6_10 layout-component text-serif-m layout-normal text-serif-m layout-padded\">I fjor senket Stortinget beviskravet for manglende samtykkekompetanse fra \u00ab\u00e5penbart\u00bb til \u00aboverveiende sannsynlig\u00bb, og i praksis dermed myknet opp innstrammingen i bruk av tvang noe.<\/p>\n<p class=\"_paragraph_o9xde_4 _paragraph_xtcu6_10 layout-component text-serif-m layout-normal text-serif-m layout-padded\">Det er likevel ikke godt nok mener b\u00e5de Sp og Frp.<\/p>\n<p class=\"_paragraph_o9xde_4 _paragraph_xtcu6_10 layout-component text-serif-m layout-normal text-serif-m layout-padded\">\u2013 Man kan si det slik at p\u00e5 et tidspunkt var det for mye tvang, og n\u00e5 har man kj\u00f8rt i den andre gr\u00f8ften, der det er for lite tvang, svarer Eilertsen.<\/p>\n<p class=\"_paragraph_o9xde_4 _paragraph_xtcu6_10 layout-component text-serif-m layout-normal text-serif-m layout-padded\">I forslaget Frp n\u00e5 legger frem, bes regjeringen komme tilbake til Stortinget allerede i l\u00f8pet av 2026.<\/p>\n<p class=\"_paragraph_o9xde_4 _paragraph_xtcu6_10 layout-component text-serif-m layout-normal text-serif-m layout-padded\">\u2013 Vi har ikke noe tid \u00e5 miste, sier Eilertsen.<\/p>\n<p class=\"_paragraph_o9xde_4 _paragraph_xtcu6_10 layout-component text-serif-m layout-normal text-serif-m layout-padded\">\u2013 Denne utviklingen kan ikke fortsette. Det er mennesker som blir drept, og mennesker som er psykisk syke som ikke f\u00e5r hjelp. Jeg forventer at Stortinget innser at lovendringen i 2017 var ufornuftig \u2013 og n\u00e5 reverserer den.<\/p>\n","protected":false},"excerpt":{"rendered":"Frp vil reversere lovendringene fra 2017 for \u00e5 gj\u00f8re det lettere \u00e5 bruke tvang i psykiatrien. Partiet f\u00e5r&hellip;\n","protected":false},"author":2,"featured_media":136882,"comment_status":"","ping_status":"","sticky":false,"template":"","format":"standard","meta":{"footnotes":""},"categories":[10],"tags":[20,21,24,25,15,22,23,13,30,28,29,14,16,686,26,27],"class_list":{"0":"post-136881","1":"post","2":"type-post","3":"status-publish","4":"format-standard","5":"has-post-thumbnail","7":"category-norge","8":"tag-breaking-news","9":"tag-breakingnews","10":"tag-featured-news","11":"tag-featurednews","12":"tag-headlines","13":"tag-latest-news","14":"tag-latestnews","15":"tag-news","16":"tag-no","17":"tag-norge","18":"tag-norway","19":"tag-nyheter","20":"tag-overskrifter","21":"tag-psykiatri","22":"tag-top-stories","23":"tag-topstories"},"share_on_mastodon":{"url":"https:\/\/pubeurope.com\/@no\/115892823292148925","error":""},"_links":{"self":[{"href":"https:\/\/www.europesays.com\/no\/wp-json\/wp\/v2\/posts\/136881","targetHints":{"allow":["GET"]}}],"collection":[{"href":"https:\/\/www.europesays.com\/no\/wp-json\/wp\/v2\/posts"}],"about":[{"href":"https:\/\/www.europesays.com\/no\/wp-json\/wp\/v2\/types\/post"}],"author":[{"embeddable":true,"href":"https:\/\/www.europesays.com\/no\/wp-json\/wp\/v2\/users\/2"}],"replies":[{"embeddable":true,"href":"https:\/\/www.europesays.com\/no\/wp-json\/wp\/v2\/comments?post=136881"}],"version-history":[{"count":0,"href":"https:\/\/www.europesays.com\/no\/wp-json\/wp\/v2\/posts\/136881\/revisions"}],"wp:featuredmedia":[{"embeddable":true,"href":"https:\/\/www.europesays.com\/no\/wp-json\/wp\/v2\/media\/136882"}],"wp:attachment":[{"href":"https:\/\/www.europesays.com\/no\/wp-json\/wp\/v2\/media?parent=136881"}],"wp:term":[{"taxonomy":"category","embeddable":true,"href":"https:\/\/www.europesays.com\/no\/wp-json\/wp\/v2\/categories?post=136881"},{"taxonomy":"post_tag","embeddable":true,"href":"https:\/\/www.europesays.com\/no\/wp-json\/wp\/v2\/tags?post=136881"}],"curies":[{"name":"wp","href":"https:\/\/api.w.org\/{rel}","templated":true}]}}