{"id":136883,"date":"2026-01-14T09:48:06","date_gmt":"2026-01-14T09:48:06","guid":{"rendered":"https:\/\/www.europesays.com\/no\/136883\/"},"modified":"2026-01-14T09:48:06","modified_gmt":"2026-01-14T09:48:06","slug":"tiltalt-for-a-ha-slatt-arne-bye-i-fengsel-nekter-straffskyld-nrk-trondelag-lokale-nyheter-tv-og-radio","status":"publish","type":"post","link":"https:\/\/www.europesays.com\/no\/136883\/","title":{"rendered":"Tiltalt for \u00e5 ha sl\u00e5tt Arne Bye i fengsel \u2013 nekter straffskyld \u2013 NRK Tr\u00f8ndelag \u2013 Lokale nyheter, TV og radio"},"content":{"rendered":"<p>Bye har tidligere blitt funnet skyldig i 70 tilfeller av voldtekt og 82 tilfeller av \u00e5 ha misbrukt sin stilling for \u00e5 oppn\u00e5 seksuell omgang.<\/p>\n<p>Onsdag er han igjen i retten, men denne gangen som forn\u00e6rmet.<\/p>\n<p>En mann i 20-\u00e5ra er tiltalt for kroppskrenkelse. If\u00f8lge tiltalen skal mannen ha sl\u00e5tt Arne Bye i hode- eller skulderregionen.<\/p>\n<p><strong>\u2013 Hvis det var to stykk som ikke skulle m\u00f8ttes s\u00e5 var det kanskje oss, forklarte Bye.<\/strong><\/p>\n<p>Bye forteller at han hadde blitt utsatt for flere draps- og voldstrusler i fengsel.<\/p>\n<p>\u2013 Og tiltalte var en kjent voldsmann, forklarer Bye<\/p>\n<p><strong>Den tiltalte mannen nekter straffskyld, if\u00f8lge <a href=\"https:\/\/www.adressa.no\/nyheter\/trondheim\/i\/W0Emyr\/arne-bye-har-blitt-utsatt-for-grov-vold-i-fengselet\" ec-id=\"https:\/\/www.adressa.no\/nyheter\/trondheim\/i\/W0Emyr\/arne-bye-har-blitt-utsatt-for-grov-vold-i-fengselet\" ec-name=\"Adresseavisen\" rel=\"nofollow noopener\" target=\"_blank\">Adresseavisen<\/a>.<\/strong><\/p>\n<p>Mannen er ogs\u00e5 tiltalt for en rekke andre lovbrudd, deriblant flere voldshendelser.<\/p>\n<p><img decoding=\"async\"   src=\"data:image\/gif;base64,R0lGODlhAQABAIAAAAAAAP\/\/\/yH5BAEAAAAALAAAAAABAAEAAAIBRAA7\" loading=\"eager\" alt=\"En eldre mann med gr\u00e5tt h\u00e5r st\u00e5r med blikket vendt nedover. Han har p\u00e5 seg en bl\u00e5 genser med en lys skjorte under. I bakgrunnen er det svake, n\u00f8ytrale farger p\u00e5 veggene, noe som gir en rolig atmosf\u00e6re. Belysningen i rommet kommer fra en lampe p\u00e5 veggen til h\u00f8yre.\" title=\"Foto: Bjarte M. Johannesen \/ NRK\"\/><\/p>\n<p class=\"\">Bye avga sin forklaring p\u00e5 omtrent 30 min f\u00f8r han igjen forlot retten.<\/p>\n<p>Foto: Bjarte M. Johannesen \/ NRK<\/p>\n<p>\u2013 Jeg hadde blitt utsatt for draps- og voldstrusler<\/p>\n<p>Hendelsen skal ha skjedd i fengsel i juli i fjor. Den gang satt Bye i varetekt etter at han hadde anket dommen fra tingretten.<\/p>\n<p><strong>\u2013 Jeg hadde blitt utsatt for draps- og voldstrusler, gang p\u00e5 gang p\u00e5 gang.<\/strong><\/p>\n<p>Hendelsen skjedde da Bye var ute for \u00e5 luftes.<\/p>\n<p>\u2013 Jeg h\u00f8rte aktivit\u00f8ren som fulgte tiltalte, plutselig ropte \u00abnei, nei, nei\u00bb, forteller Bye.<\/p>\n<p>Han forteller at han s\u00e5 mannen komme mot ham og framstod fiendtlig. Da han kom n\u00e6rmere dreide han seg vekk, forklarer Bye.<\/p>\n<p><strong>\u2013 Men jeg ble truffet av et slag i bakhodet p\u00e5 en eller annen m\u00e5te. S\u00e5nn at jeg i hvert fall mista balansen og snubla noen skritt og ramla sida.<\/strong><\/p>\n<p>\u2013 Jeg fikk litt sleng i nakken og hodet. Jeg var vel s\u00e5 vidt nede i asfalten.<\/p>\n<p>Bye forteller at han ikke hadde noen formening om hva som var motivasjonen bak overfallet eller hvilken sinnstilstand den tiltalte mannen var i.<\/p>\n<p><strong>\u2013 Egentlig ikke, annet enn at jeg mener \u00e5 huske p\u00e5 at han kom imot meg med et spesielt h\u00e5nende flir.<\/strong><\/p>\n<p>I etterkant av hendelsen har Bye hatt helseplager, forklarer han.<\/p>\n<p><img decoding=\"async\"   src=\"data:image\/gif;base64,R0lGODlhAQABAIAAAAAAAP\/\/\/yH5BAEAAAAALAAAAAABAAEAAAIBRAA7\" loading=\"eager\" alt=\"To personer i dommerkl\u00e6r sitter i en rettssal. Den ene personen har langt h\u00e5r og b\u00e6rer \u00f8redobber. Den andre personen er kledd i hvitt og m\u00f8rkt. Omgivelsene har en trepanelvegg og synlige elektroniske enheter.\" title=\"Foto: Bjarte M. Johannesen \/ NRK\"\/><\/p>\n<p class=\"\">Statsadvokat Eli Nessimo var aktor i sakene mot Bye i tingretten og i lagmannsretten. N\u00e5 er hun aktor i saken mot mannen som er tiltalt for \u00e5 ha sl\u00e5tt Bye.<\/p>\n<p>Foto: Bjarte M. Johannesen \/ NRK<\/p>\n<p>Viste video av hendelsen<\/p>\n<p>Hendelsen i lufteg\u00e5rden ble filmet av et av overv\u00e5kningskameraene i fengselet.<\/p>\n<p>Retten fikk se videoen som viser at den tiltalte mannen kommer l\u00f8pende mot Bye og sl\u00e5r etter ham.<\/p>\n<p>Selv forklarte den tiltalte mannen at han ikke husker noe fra hendelsen.<\/p>\n<p><strong>\u2013 Jeg fikk bare h\u00f8re at jeg har en video og at jeg har beg\u00e5tt en vold. Men jeg har ikke noe minne om hendelsen, forklarte den tiltalte mannen.<\/strong><\/p>\n<p>Aktor Eli Nessimo spurte den tiltalte mannen om han kjente til Arne Bye og hvorfor han var i fengsel.<\/p>\n<p>\u2013 Det har jeg ikke noen kommentar til, svarte mannen.<\/p>\n<p>D\u00f8mt til 16 \u00e5r i fengsel<\/p>\n<p>Da episoden i fengselet fant sted, satt Bye varetektsfengslet i p\u00e5vente av at ankesaken skulle opp i Frostating lagmannsrett.<\/p>\n<p><strong>I tingretten ble Bye funnet skyldig i 72 tilfeller av voldtekt og 82 tilfeller av \u00e5 ha misbrukt stillinga si for \u00e5 oppn\u00e5 seksuell omgang.<\/strong><\/p>\n<p>Han ble d\u00f8mt til 21 \u00e5r i fengsel, men anket dommen.<\/p>\n<p>Lagmannsretten behandlet ankesaken i slutten av november. P\u00e5 grunn av en lovendring som tr\u00e5dde i kraft f\u00f8r ankesaken skulle bli behandlet, var maksstraffen for de lovbruddene Bye er funnet skyldig i blitt lavere.<\/p>\n<p>Lagmannsrettens flertall mente det var riktig \u00e5 legge den nye loven til grunn og d\u00f8mte Bye til 16 \u00e5r i fengsel.<\/p>\n<p><img decoding=\"async\"   src=\"data:image\/gif;base64,R0lGODlhAQABAIAAAAAAAP\/\/\/yH5BAEAAAAALAAAAAABAAEAAAIBRAA7\" loading=\"eager\" alt=\"Rettstegning av Arne Bye fra ankesaken i Frostating lagmannsrett i Trondheim onsdag.\" title=\"Illustrasjon: Ane Hem \/ NTB\"\/><\/p>\n<p class=\"\">Lagmannsretten d\u00f8mte Bye til 16 \u00e5r i fengsel.<\/p>\n<p>Illustrasjon: Ane Hem \/ NTB<\/p>\n<p>Tiltalt for flere voldsepisoder<\/p>\n<p>Mannen som er tiltalt for \u00e5 ha sl\u00e5tt Bye st\u00e5r ogs\u00e5 tiltalt for en rekke andre forbrytelser.<\/p>\n<p>Han er tiltalt for kroppskrenkelse overfor fire andre personer i tillegg til Bye. I et av tilfellene skal han ha sl\u00e5tt en annen person i hodet med en stein.<\/p>\n<p>For dette er han tiltalt for grov kroppskrenkelse.<\/p>\n<p><img decoding=\"async\"   src=\"data:image\/gif;base64,R0lGODlhAQABAIAAAAAAAP\/\/\/yH5BAEAAAAALAAAAAABAAEAAAIBRAA7\" loading=\"eager\" alt=\"Rettssak cannabis Fosen, Tr\u00f8ndelag, dag 1, del 4\" title=\"Foto: Bjarte M. Johannesen \/ NRK\"\/><\/p>\n<p>Foto: Bjarte M. Johannesen \/ NRK<\/p>\n<p>Han er ogs\u00e5 tiltalt for grov kroppsskade etter \u00e5 ha sl\u00e5tt en annen mann slik at han falt i bakken og fikk en hjernebl\u00f8dning.<\/p>\n<p>Mannen i 20-\u00e5rene er ogs\u00e5 tiltalt for \u00e5 ha stj\u00e5let en bil og kj\u00f8rt denne 100 meter mens han var ruset og uten \u00e5 ha f\u00f8rerkort.<\/p>\n<p>I tillegg g\u00e5r et tiltalepunkt p\u00e5 trusler.<\/p>\n<p>Publisert<\/p>\n<p>14.01.2026, kl. 09.57<\/p>\n<p>Oppdatert<\/p>\n<p>14.01.2026, kl. 10.28<\/p>\n","protected":false},"excerpt":{"rendered":"Bye har tidligere blitt funnet skyldig i 70 tilfeller av voldtekt og 82 tilfeller av \u00e5 ha misbrukt&hellip;\n","protected":false},"author":2,"featured_media":136884,"comment_status":"","ping_status":"","sticky":false,"template":"","format":"standard","meta":{"footnotes":""},"categories":[5],"tags":[20,21,24,25,15,19,22,23,17,18,13,30,28,29,14,16,26,27],"class_list":{"0":"post-136883","1":"post","2":"type-post","3":"status-publish","4":"format-standard","5":"has-post-thumbnail","7":"category-overskrifter","8":"tag-breaking-news","9":"tag-breakingnews","10":"tag-featured-news","11":"tag-featurednews","12":"tag-headlines","13":"tag-hovedoppslag","14":"tag-latest-news","15":"tag-latestnews","16":"tag-main-news","17":"tag-mainnews","18":"tag-news","19":"tag-no","20":"tag-norge","21":"tag-norway","22":"tag-nyheter","23":"tag-overskrifter","24":"tag-top-stories","25":"tag-topstories"},"share_on_mastodon":{"url":"https:\/\/pubeurope.com\/@no\/115892827265836231","error":""},"_links":{"self":[{"href":"https:\/\/www.europesays.com\/no\/wp-json\/wp\/v2\/posts\/136883","targetHints":{"allow":["GET"]}}],"collection":[{"href":"https:\/\/www.europesays.com\/no\/wp-json\/wp\/v2\/posts"}],"about":[{"href":"https:\/\/www.europesays.com\/no\/wp-json\/wp\/v2\/types\/post"}],"author":[{"embeddable":true,"href":"https:\/\/www.europesays.com\/no\/wp-json\/wp\/v2\/users\/2"}],"replies":[{"embeddable":true,"href":"https:\/\/www.europesays.com\/no\/wp-json\/wp\/v2\/comments?post=136883"}],"version-history":[{"count":0,"href":"https:\/\/www.europesays.com\/no\/wp-json\/wp\/v2\/posts\/136883\/revisions"}],"wp:featuredmedia":[{"embeddable":true,"href":"https:\/\/www.europesays.com\/no\/wp-json\/wp\/v2\/media\/136884"}],"wp:attachment":[{"href":"https:\/\/www.europesays.com\/no\/wp-json\/wp\/v2\/media?parent=136883"}],"wp:term":[{"taxonomy":"category","embeddable":true,"href":"https:\/\/www.europesays.com\/no\/wp-json\/wp\/v2\/categories?post=136883"},{"taxonomy":"post_tag","embeddable":true,"href":"https:\/\/www.europesays.com\/no\/wp-json\/wp\/v2\/tags?post=136883"}],"curies":[{"name":"wp","href":"https:\/\/api.w.org\/{rel}","templated":true}]}}