{"id":136893,"date":"2026-01-14T09:57:07","date_gmt":"2026-01-14T09:57:07","guid":{"rendered":"https:\/\/www.europesays.com\/no\/136893\/"},"modified":"2026-01-14T09:57:07","modified_gmt":"2026-01-14T09:57:07","slug":"mye-sno-og-flere-farevarsler-i-vestfold-og-telemark-nrk-vestfold-og-telemark-lokale-nyheter-tv-og-radio","status":"publish","type":"post","link":"https:\/\/www.europesays.com\/no\/136893\/","title":{"rendered":"Mye sn\u00f8 og flere farevarsler i Vestfold og Telemark \u2013 NRK Vestfold og Telemark \u2013 Lokale nyheter, TV og radio"},"content":{"rendered":"<p>Saken oppsummert<\/p>\n<ul>\n<li>Sn\u00f8 og regn har f\u00f8rt til vanskelige kj\u00f8reforhold i Vestfold og Telemark.<\/li>\n<li>N\u00f8detatene har rykket ut til flere trafikkulykker.<\/li>\n<li>Br\u00f8ytemannskapene jobber p\u00e5 spreng, men bruker tid p\u00e5 \u00e5 rydde bort sn\u00f8en.<\/li>\n<li>Lavere temperaturer kan f\u00f8re til is og ytterligere utfordringer p\u00e5 veiene.<\/li>\n<\/ul>\n<p>Oppsummeringen er laget av en KI-tjeneste fra OpenAI. Innholdet er kvalitetssikret av NRKs journalister f\u00f8r publisering.<\/p>\n<p>I l\u00f8pet av onsdag morgen har n\u00f8detatene rykket ut til en rekke trafikkulykker i Vestfold og Telemark:<\/p>\n<ul>\n<li>En person er kj\u00f8rt til sykehus etter at en bil kj\u00f8rte inn i en fjellvegg i Tuddalsvegen i Hjartdal kommune. Skadeomfanget er ukjent, men fremst\u00e5r alvorlig, if\u00f8lge politiet.<\/li>\n<li>En sj\u00e5f\u00f8r er fraktet til legevakt etter at en bil havnet i autovernet p\u00e5 E18 i Bamble. Ulykken har skjedd i nordg\u00e5ende l\u00f8p. Bilen fikk store skader og er tauet bort fra stedet.<\/li>\n<li>Ved Gunner\u00f8dbrekka i Horten kommune har to biler frontkollidert. Bilene har store skader og ulykken f\u00f8rte til k\u00f8 i omr\u00e5det.<\/li>\n<li>Ved Akkerhaugen i Telemark har to biler frontkollidert. If\u00f8lge politiet skjedde ulykken da en av bilene fikk skrens. Det er ikke meldt om alvorlige personskader.<\/li>\n<\/ul>\n<p><img decoding=\"async\"   src=\"data:image\/gif;base64,R0lGODlhAQABAIAAAAAAAP\/\/\/yH5BAEAAAAALAAAAAABAAEAAAIBRAA7\" loading=\"eager\" alt=\"Flere mennesker st\u00e5r i en vei. To biler har kollidert. Det st\u00e5r biler med bl\u00e5lys langs veien.\" title=\"Foto: Robert Hansen \/ NRK\"\/><\/p>\n<p class=\"\">To biler kolliderte onsdag morgen p\u00e5 Borre i Horten.<\/p>\n<p>Foto: Robert Hansen \/ NRK<\/p>\n<p>Mye nedb\u00f8r<\/p>\n<p>I l\u00f8pet av natten har det kommet et solid p\u00e5fyll av sn\u00f8 mange steder i Vestfold og Telemark. I tillegg har det kommet nedb\u00f8r i form av regn.<\/p>\n<p><strong>Bilister har blitt r\u00e5det til \u00e5 senke farten, beregne god tid og holde god avstand til andre kj\u00f8ret\u00f8y.<\/strong><\/p>\n<p>Trond Haugstad, som er seksjonsleder for drift og vedlikehold i Vestfold fylkeskommune, sier at det tar tid \u00e5 rydde veiene n\u00e5r det kommer mye sn\u00f8.<\/p>\n<p>\u2013 Vi klarer ikke \u00e5 v\u00e6re alle steder samtidig.<\/p>\n<p><img decoding=\"async\"   src=\"data:image\/gif;base64,R0lGODlhAQABAIAAAAAAAP\/\/\/yH5BAEAAAAALAAAAAABAAEAAAIBRAA7\" loading=\"eager\" alt=\"en person som st\u00e5r ved siden av en bil som st\u00e5r p\u00e5 en vei\" title=\"Foto: Robert Hansen \/ NRK\"\/><\/p>\n<p class=\"\">Ulykken p\u00e5 Borre har f\u00f8rt til k\u00f8 i morgentrafikken.<\/p>\n<p>Foto: Robert Hansen \/ NRK<\/p>\n<p>Haugstad sier fylkeskommunen har god oversikt over situasjonen, men at de forbereder seg p\u00e5 at lavere temperaturer kan skape nye problemer utover dagen.<\/p>\n<p><strong>\u2013 Det gjelder \u00e5 f\u00e5 ryddet bort sn\u00f8en f\u00f8r kuldegradene setter inn og gj\u00f8r arbeidet vanskelig.<\/strong><\/p>\n<p>Innstilte busser<\/p>\n<p>Meteorologisk institutt har sendt ut farevarsler om sn\u00f8 og is i deler av Vestfold og Telemark.<\/p>\n<p><strong>I Vestfold er flere bussavganger i Sandefjord, Larvik og Horten innstilt inntil videre.<\/strong><\/p>\n<p>Ogs\u00e5 skolebusser er ber\u00f8rt, opplyser Vestfold Kollektivtrafikk.<\/p>\n<p><img decoding=\"async\"   src=\"data:image\/gif;base64,R0lGODlhAQABAIAAAAAAAP\/\/\/yH5BAEAAAAALAAAAAABAAEAAAIBRAA7\" loading=\"eager\" alt=\"En sn\u00f8dekt gate om natten\" title=\"Foto: Magnus Skatvedt Iversen \/ NRK\"\/><\/p>\n<p class=\"\">T\u00f8nsberg sentrum.<\/p>\n<p>Foto: Magnus Skatvedt Iversen \/ NRK<\/p>\n<p>Vind i fjellet<\/p>\n<p>I fjellet i S\u00f8r-Norge er det fare for sn\u00f8fokk p\u00e5 grunn av nysn\u00f8 og kraftig vind.<\/p>\n<p><strong>P\u00e5 E134 over Haukelifjell var det natt til onsdag kolonnekj\u00f8ring mellom Liamyrane og Tyrveli, men ved 04-tiden ble veien \u00e5pnet for normal ferdsel.<\/strong><\/p>\n<p>Faren for sn\u00f8fokk avtar onsdag ettermiddag, if\u00f8lge Meteorologisk institutt.<\/p>\n<p>Gult fareniv\u00e5<\/p>\n<p>Gult brukes om en moderat farlig situasjon, som kan for\u00e5rsake skader lokalt.<\/p>\n<p>Gule farevarsler sendes ut n\u00e5r det forventes mindre konsekvenser. De fleste vil kunne fortsette sine daglige gj\u00f8rem\u00e5l, men de som f.eks. planlegger utend\u00f8rsaktiviteter, b\u00f8r v\u00e6re oppmerksomme eller eventuelt holde seg inne.<\/p>\n<ul>\n<li>Det kan bli skader lokalt<\/li>\n<li>Str\u00f8mbrudd kan forekomme<\/li>\n<li>Det er sannsynlig med forsinkelser i trafikken<\/li>\n<li>Vind kan gj\u00f8re det farlig \u00e5 v\u00e6re i fjellet<\/li>\n<\/ul>\n<p><a href=\"https:\/\/hjelp.yr.no\/hc\/no\/articles\/360008876673\" ec-id=\"https:\/\/hjelp.yr.no\/hc\/no\/articles\/360008876673\" ec-name=\"Les mer om ulike fareniv\u00e5\" rel=\"nofollow noopener\" target=\"_blank\">Les mer om ulike fareniv\u00e5<\/a>.<\/p>\n<p>Publisert<\/p>\n<p>14.01.2026, kl. 06.42<\/p>\n<p>Oppdatert<\/p>\n<p>14.01.2026, kl. 10.44<\/p>\n","protected":false},"excerpt":{"rendered":"Saken oppsummert Sn\u00f8 og regn har f\u00f8rt til vanskelige kj\u00f8reforhold i Vestfold og Telemark. N\u00f8detatene har rykket ut&hellip;\n","protected":false},"author":2,"featured_media":136894,"comment_status":"","ping_status":"","sticky":false,"template":"","format":"standard","meta":{"footnotes":""},"categories":[5],"tags":[20,21,24,25,15,19,22,23,17,18,13,30,28,29,14,16,26,27],"class_list":{"0":"post-136893","1":"post","2":"type-post","3":"status-publish","4":"format-standard","5":"has-post-thumbnail","7":"category-overskrifter","8":"tag-breaking-news","9":"tag-breakingnews","10":"tag-featured-news","11":"tag-featurednews","12":"tag-headlines","13":"tag-hovedoppslag","14":"tag-latest-news","15":"tag-latestnews","16":"tag-main-news","17":"tag-mainnews","18":"tag-news","19":"tag-no","20":"tag-norge","21":"tag-norway","22":"tag-nyheter","23":"tag-overskrifter","24":"tag-top-stories","25":"tag-topstories"},"share_on_mastodon":{"url":"https:\/\/pubeurope.com\/@no\/115892862608695633","error":""},"_links":{"self":[{"href":"https:\/\/www.europesays.com\/no\/wp-json\/wp\/v2\/posts\/136893","targetHints":{"allow":["GET"]}}],"collection":[{"href":"https:\/\/www.europesays.com\/no\/wp-json\/wp\/v2\/posts"}],"about":[{"href":"https:\/\/www.europesays.com\/no\/wp-json\/wp\/v2\/types\/post"}],"author":[{"embeddable":true,"href":"https:\/\/www.europesays.com\/no\/wp-json\/wp\/v2\/users\/2"}],"replies":[{"embeddable":true,"href":"https:\/\/www.europesays.com\/no\/wp-json\/wp\/v2\/comments?post=136893"}],"version-history":[{"count":0,"href":"https:\/\/www.europesays.com\/no\/wp-json\/wp\/v2\/posts\/136893\/revisions"}],"wp:featuredmedia":[{"embeddable":true,"href":"https:\/\/www.europesays.com\/no\/wp-json\/wp\/v2\/media\/136894"}],"wp:attachment":[{"href":"https:\/\/www.europesays.com\/no\/wp-json\/wp\/v2\/media?parent=136893"}],"wp:term":[{"taxonomy":"category","embeddable":true,"href":"https:\/\/www.europesays.com\/no\/wp-json\/wp\/v2\/categories?post=136893"},{"taxonomy":"post_tag","embeddable":true,"href":"https:\/\/www.europesays.com\/no\/wp-json\/wp\/v2\/tags?post=136893"}],"curies":[{"name":"wp","href":"https:\/\/api.w.org\/{rel}","templated":true}]}}