{"id":136899,"date":"2026-01-14T10:04:16","date_gmt":"2026-01-14T10:04:16","guid":{"rendered":"https:\/\/www.europesays.com\/no\/136899\/"},"modified":"2026-01-14T10:04:16","modified_gmt":"2026-01-14T10:04:16","slug":"trump-sier-gronlands-valg-blir-et-problem","status":"publish","type":"post","link":"https:\/\/www.europesays.com\/no\/136899\/","title":{"rendered":"Trump sier Gr\u00f8nlands valg blir et problem"},"content":{"rendered":"<p class=\"extendedContent hyperion-css-eyn926\" data-test-tag=\"lead-text\">Etter at Gr\u00f8nlands regjeringssjef Jens-Frederik Nielsen sa at \u00f8ya velger Danmark fremfor USA, sier Donald Trump at det vil bli et stort problem.<\/p>\n<p><img decoding=\"async\" class=\"image-asset hyperion-css-u06ts1\" data-test-tag=\"image-asset\" src=\"https:\/\/www.europesays.com\/no\/wp-content\/uploads\/2026\/01\/6a471e30-51fe-4943-8344-ca975775fd62.jpeg\"  alt=\"Donald Trump sier han ikke vet hvem Gr\u00f8nlands regjeringssjef Jens-Frederik Nielsen er, men at uttalelsen om at \u00f8ya velger Danmark fremfor USA vil bli et stort problem.\"  loading=\"eager\" fetchpriority=\"high\" style=\"aspect-ratio:2048 \/ 1365\"\/>Donald Trump sier han ikke vet hvem Gr\u00f8nlands regjeringssjef Jens-Frederik Nielsen er, men at uttalelsen om at \u00f8ya velger Danmark fremfor USA vil bli et stort problem. Foto: Alex Brandon, AP\/NTB<\/p>\n<p>Publisert: 14.01.2026 06:11 |\u00a0Oppdatert: 14.01.2026 06:46<\/p>\n<p class=\"paywall hyperion-css-1j42uic\">\u2013 Det er deres problem. Jeg er uenig med dem. Jeg vet ikke hvem han er. Vet ingenting om ham, men det kommer til \u00e5 bli et stort problem for ham, sier den amerikanske presidenten n\u00e5r han f\u00e5r sp\u00f8rsm\u00e5l om Nielsens uttalelse, if\u00f8lge Bloomberg.<\/p>\n<p class=\"paywall hyperion-css-1j42uic\">Den gr\u00f8nlandske regjeringssjefen sa p\u00e5 et pressem\u00f8te tirsdag at Gr\u00f8nland ikke vil v\u00e6re en del av USA, men <a data-test-tag=\"internal-link\" href=\"https:\/\/www.aftenposten.no\/verden\/i\/zOgOn9\/frykt-for-splittelse-foer-skjebnemoete-om-groenland\" class=\"hyperion-css-1raymq9\" rel=\"nofollow noopener\" target=\"\" aria-label=\"foretrekker Danmark\">foretrekker Danmark<\/a>.<\/p>\n<p class=\"paywall hyperion-css-1j42uic\">\u2013 Vi st\u00e5r i en geopolitisk krise. Hvis vi m\u00e5 velge mellom USA og Danmark her og n\u00e5, s\u00e5 <a data-test-tag=\"internal-link\" href=\"https:\/\/www.aftenposten.no\/verden\/i\/zOgOn9\/frykt-for-splittelse-foer-skjebnemoete-om-groenland\" class=\"hyperion-css-1raymq9\" rel=\"nofollow noopener\" target=\"\" aria-label=\"velger vi Danmark\">velger vi Danmark<\/a>. Vi velger Nato, Kongeriket Danmark og EU, sa Nielsen p\u00e5 en felles pressekonferanse med Danmarks statsminister Mette Frederiksen.<\/p>\n<p class=\"paywall hyperion-css-1j42uic\">Onsdag skal Danmarks utenriksminister Lars L\u00f8kke Rasmussen og Gr\u00f8nlands minister for utenrikssaker Vivian Motzfeldt m\u00f8te USAs utenriksminister Marco Rubio og visepresident J.D. Vance i Det hvite hus.<\/p>\n<p class=\"paywall hyperion-css-1j42uic\">M\u00f8tet finner sted 16.30 norsk tid, melder Danmarks Radio.<\/p>\n","protected":false},"excerpt":{"rendered":"Etter at Gr\u00f8nlands regjeringssjef Jens-Frederik Nielsen sa at \u00f8ya velger Danmark fremfor USA, sier Donald Trump at det&hellip;\n","protected":false},"author":2,"featured_media":136900,"comment_status":"","ping_status":"","sticky":false,"template":"","format":"standard","meta":{"footnotes":""},"categories":[12],"tags":[20,21,24,25,15,22,23,13,30,28,29,14,16,26,27,42,43,44,45],"class_list":{"0":"post-136899","1":"post","2":"type-post","3":"status-publish","4":"format-standard","5":"has-post-thumbnail","7":"category-verden","8":"tag-breaking-news","9":"tag-breakingnews","10":"tag-featured-news","11":"tag-featurednews","12":"tag-headlines","13":"tag-latest-news","14":"tag-latestnews","15":"tag-news","16":"tag-no","17":"tag-norge","18":"tag-norway","19":"tag-nyheter","20":"tag-overskrifter","21":"tag-top-stories","22":"tag-topstories","23":"tag-verden","24":"tag-world","25":"tag-world-news","26":"tag-worldnews"},"share_on_mastodon":{"url":"https:\/\/pubeurope.com\/@no\/115892890187310708","error":""},"_links":{"self":[{"href":"https:\/\/www.europesays.com\/no\/wp-json\/wp\/v2\/posts\/136899","targetHints":{"allow":["GET"]}}],"collection":[{"href":"https:\/\/www.europesays.com\/no\/wp-json\/wp\/v2\/posts"}],"about":[{"href":"https:\/\/www.europesays.com\/no\/wp-json\/wp\/v2\/types\/post"}],"author":[{"embeddable":true,"href":"https:\/\/www.europesays.com\/no\/wp-json\/wp\/v2\/users\/2"}],"replies":[{"embeddable":true,"href":"https:\/\/www.europesays.com\/no\/wp-json\/wp\/v2\/comments?post=136899"}],"version-history":[{"count":0,"href":"https:\/\/www.europesays.com\/no\/wp-json\/wp\/v2\/posts\/136899\/revisions"}],"wp:featuredmedia":[{"embeddable":true,"href":"https:\/\/www.europesays.com\/no\/wp-json\/wp\/v2\/media\/136900"}],"wp:attachment":[{"href":"https:\/\/www.europesays.com\/no\/wp-json\/wp\/v2\/media?parent=136899"}],"wp:term":[{"taxonomy":"category","embeddable":true,"href":"https:\/\/www.europesays.com\/no\/wp-json\/wp\/v2\/categories?post=136899"},{"taxonomy":"post_tag","embeddable":true,"href":"https:\/\/www.europesays.com\/no\/wp-json\/wp\/v2\/tags?post=136899"}],"curies":[{"name":"wp","href":"https:\/\/api.w.org\/{rel}","templated":true}]}}