{"id":136905,"date":"2026-01-14T10:10:25","date_gmt":"2026-01-14T10:10:25","guid":{"rendered":"https:\/\/www.europesays.com\/no\/136905\/"},"modified":"2026-01-14T10:10:25","modified_gmt":"2026-01-14T10:10:25","slug":"har-sikret-seg-rederpalass-vingard-og-kunstsamling-er-ogsa-nest-storst-i-verden-pa-ananas","status":"publish","type":"post","link":"https:\/\/www.europesays.com\/no\/136905\/","title":{"rendered":"Har sikret seg rederpalass, ving\u00e5rd og kunstsamling \u2013 er ogs\u00e5 nest st\u00f8rst i verden p\u00e5 ananas"},"content":{"rendered":"<p>\n        143.000 KVM: Martine Svendsen og Per Gunnar Str\u00f8mberg Rasmussen har flere spennende eiendommer i portef\u00f8ljen, som omfatter 143.000 kvm utleieareal.<br \/>\n        Foto: Glen Widing\n    <\/p>\n<p>    \u2013 Du kan ikke bare holde p\u00e5 med det samme hele tiden. Da g\u00e5r du lei, sier konsernsjef Per Gunnar Str\u00f8mberg Rasmussen i Str\u00f8mberg Gruppen.<\/p>\n<p>BERGEN (Estate Nyheter): Siden<br \/>\nstarten i 1912 har Str\u00f8mberg Gruppen \u2013 som Rasmussen Eiendom er en del av \u2013<br \/>\nst\u00e5tt gjennom flere bybranner, to verdenskriger, \u00f8konomiske nedgangstider og<br \/>\nstore teknologiske fremskritt. Det begynte med at Andreas Rasmussen flyttet fra<br \/>\ng\u00e5rden og barndomshjemmet p\u00e5 Oster\u00f8y til Bergen. Etter l\u00e6rlingtiden som<br \/>\nkarosseri- og hjulmakermester, \u00e5pnet han sin f\u00f8rste virksomhet i<br \/>\nHollendergaten.<\/p>\n<p>I dag omfatter konsernet en<br \/>\nmangslungen virksomhet med en omsetning p\u00e5 over 3,2 milliarder kroner. Mye av<br \/>\nvirksomheten er fremdeles knyttet til opprinnelsen.<\/p>\n<p>Etter at taxien har svingt inn i<br \/>\nKanalveien p\u00e5 det sentrumsn\u00e6re utviklingsomr\u00e5det Minde, hvor Str\u00f8mberg Gruppen<br \/>\nhar sitt hovedkontor, blir Estate Nyheter tatt i mot av markedssjef Martine<br \/>\nSvendsen i Rasmussen Eiendom. Ikke lenge etter ankommer ogs\u00e5 konsernsjef Per<br \/>\nGunnar Str\u00f8mberg Rasmussen det store m\u00f8terommet. Sammen med sine tre s\u00f8sken er han<br \/>\ntredje generasjon eier av Str\u00f8mberg Gruppen.<\/p>\n<p>                <img decoding=\"async\" src=\"https:\/\/www.europesays.com\/no\/wp-content\/uploads\/2026\/01\/493516.webp.jpeg\" width=\"480\" height=\"274\" title=\"HISTORIE I VEGGENE: Det gamle kontoret til Hilmar Reksten.\" alt=\"\" loading=\"lazy\" style=\"\"\/><\/p>\n<p>\n            HISTORIE I VEGGENE: Det gamle kontoret til Hilmar Reksten.<br \/>\n            Foto: Glen Widing\n        <\/p>\n<p>\u2013 Vi kunne helt sikkert ha v\u00e6rt st\u00f8rre i eiendom, men for<br \/>\noss er det viktig \u00e5 ha flere ben \u00e5 st\u00e5 p\u00e5. Vi er blant annet nest st\u00f8rst i<br \/>\nverden p\u00e5 fersk ananas gjennom eierskap i to farmer i Costa Rica. Vi jobber<br \/>\nhele tiden med nye ting, og er \u00e5pne for nye muligheter. Vi er alltid interessert i spennende nye eiendomsobjekter som kan passe inn i v\u00e5r portef\u00f8lje, sier Str\u00f8mberg<br \/>\nRasmussen.<\/p>\n<p class=\"font-weight-bold m-font-weight-bold\" data-lab-font_weight=\"font-weight-bold\">Bygget\u00a0karosserifabrikk<\/p>\n<p>Eiendomsvirksomheten startet i<br \/>\n1936, da gr\u00fcnderen bygget en karosserifabrikk i Fj\u00f8sangerveien p\u00e5 Minde, hvor<br \/>\nvi n\u00e5 sitter. Det heleide datterselskapet Rasmussen Eiendom har n\u00e5 143.000 kvm<br \/>\nutleieareal fordelt p\u00e5 28 bygg og leieinntekter p\u00e5 rundt 224 millioner kroner.<br \/>\nI tillegg kommer 13.300 kvm under utvikling og bygging, deriblant et kontorbygg<br \/>\ni Kanalveien 52 p\u00e5 nettopp Minde.<\/p>\n<p>            Vi har hatt samme bank i 100 \u00e5r, samme revisor i to generasjoner og samme advokat i to generasjoner.<\/p>\n<p class=\"author \" style=\"\">Per Gunnar Str\u00f8mberg Rasmussen<\/p>\n<p>\u2013 Vi har en ving\u00e5rd i Toscana ogs\u00e5.<br \/>\nDet er en nabobonde som hjelper oss med \u00e5 lage vin, slik at vi har til eget<br \/>\nforbruk. Det blir rundt 1200 flasker i \u00e5ret, i tillegg til 300 flasker<br \/>\nolivenolje. De ansatte hos oss kan bruke huset, forteller Str\u00f8mberg Rasmussen.<\/p>\n<p>\u2013 Du kan ikke bare holde p\u00e5 med<br \/>\ndet samme hele tiden. Da g\u00e5r du lei, fastsl\u00e5r han.<\/p>\n<p>Str\u00f8mberg Gruppen eier ogs\u00e5 mye<br \/>\nkunst \u2013 ca. 1800 enheter med sm\u00e5tt og stort. Alle kontorbyggene i portef\u00f8ljen<br \/>\nhar kunstnernavn. Vi sitter n\u00e5 i Widerberg-bygget, og langs den ene veggen i<br \/>\nm\u00f8terommet er det glasskunst av Frans Widerberg som kan ses fra begge sider.<br \/>\nDisse var egentlig skisser og forstudier til et bestillingsverk p\u00e5 Kastrup<br \/>\nflyplass.\u00a0<\/p>\n<p class=\"font-weight-bold m-font-weight-bold\" data-lab-font_weight=\"font-weight-bold\">Kj\u00f8pte kjent kunstsamling<\/p>\n<p>For 4 \u00e5r<br \/>\nsiden kj\u00f8pte de ogs\u00e5 Rekstensamlingen og Reksten-boligen \u2013 og kort tid etter rederikontorene til Reksten.<\/p>\n<p>\u2013 De kom til meg. De ville ha noen som kunne drive dette<br \/>\nvidere, sier Str\u00f8mberg Rasmussen.<\/p>\n<p>        Str\u00f8mberg Gruppens forretningsomr\u00e5der<\/p>\n<p>\u00b7 I dag omfatter kjernevirksomhet blant annet<br \/>\nforhandlervirksomhet og verksteddrift for lastebiler og busser, i tillegg til<br \/>\neiendomsutvikling, produksjon og salg av lastebilp\u00e5bygg, transportrelatert<br \/>\nutstyr og handelsvarer.<\/p>\n<p>\u00b7 Eiendom: Har et utleieareal p\u00e5 143.000 kvm, hvor<br \/>\nover 100 leietakere er fordelt p\u00e5 27-28 bygg.<\/p>\n<p>\u00b7 Har ogs\u00e5 to gallerier: Rasmussen Samlingen i<br \/>\nBergen og Galleri Lofoten i Henningsv\u00e6r.<\/p>\n<p>\u00b7 Last og buss: Trucknor er med sine 36 verksteds-<br \/>\nog servicepunkt Nordens nest st\u00f8rste Volvo-forhandler for lastebiler og busser.<br \/>\nGjennom Trucknor AS og Nordic Last og Buss AS driver Str\u00f8mberg Gruppen<br \/>\nforhandlervirksomhet innen salg og service av varebiler, lastebiler og busser i<br \/>\nto av landets fem regioner.<\/p>\n<p>\u00b7 Str\u00f8mberg Gruppen er ogs\u00e5 landets st\u00f8rste Volvo-<br \/>\nog Renaultforhandler (ca. 32 %).<\/p>\n<p>\u00b7 P\u00e5bygg: Str\u00f8mberg Gruppen har satset stort innen<br \/>\nstort innen p\u00e5byggervirksomhet, og er i dag Norges st\u00f8rste akt\u00f8r markedet.<\/p>\n<p>\u00b7 Busnor AS: Driver import, salg og vedlikehold av<br \/>\nVan Hool B.V. bybusser.<\/p>\n<p>\u00b7 Stormo Invest AS: Er eneforvalter og har<br \/>\nevigvarende rett til uttak av natursand og steinmasser fra sandtaket som ligger<br \/>\np\u00e5 Stormo i Telemark fylke.<\/p>\n<p>\u00b7 Advanced Asset Management AS: St\u00e5r for<br \/>\nkonsernets likvide investeringer.<\/p>\n<p>For \u00f8vrig har Str\u00f8mberg Gruppen siden 2013 v\u00e6rt en av de<br \/>\nst\u00f8rste sponsorene av alpinlandslaget. Midlene har v\u00e6rt \u00f8remerket inn mot<br \/>\nsatsing p\u00e5 kvinnelandslaget.<\/p>\n<p>Bygningsmassen p\u00e5 Fj\u00f8sanger er oppf\u00f8rt i tre trinn i<br \/>\nperioden fra 1958-1963, og innehar som utstrakt bruk av edeltre, marmor og<br \/>\ninnebygget kunst i vegger. Kontorbygget er omgitt av et flott parkanlegg og huser<br \/>\nen rekke bedrifter innenfor eiendom, finans, shipping, advokater og forsikring.<\/p>\n<p>Det er en kort kj\u00f8retur fra konsernets kontor p\u00e5 Minde til<br \/>\nRekstenbygget. Her gir Martine Svendsen oss en omvisning b\u00e5de i kontorbygget og<br \/>\ni lokalene der Rasmussen Samlingen \u2013 tidligere kjent som Reksten-samlingen \u2013<br \/>\nholder hus. I tillegg til galleri og kulturhus leies lokalene ut til fester og<br \/>\nbegivenheter.<\/p>\n<p>Vi f\u00e5r ogs\u00e5 se det gamle kontoret til Hilmar Reksten, som<br \/>\nvar en av verdens st\u00f8rste skipsredere. En gammel, svart telefon st\u00e5r fremdeles<br \/>\np\u00e5 det formidable skrivebordet. P\u00e5 veggen henger et verdenskart med alle rutene<br \/>\ntil rederiet p\u00e5tegnet. P\u00e5 gulvet en gammel skipskiste som tilh\u00f8rte Hilmar.<br \/>\nMellom to stoler langs veggen et stort, gammelt ror. <\/p>\n<p class=\"font-weight-bold m-font-weight-bold\" data-lab-font_weight=\"font-weight-bold\">Bygger stein p\u00e5 stein<\/p>\n<p>Str\u00f8mberg Rasmussen er ikke med p\u00e5 omvisningen, men f\u00f8r vi<br \/>\ndrar understreker han at det er viktig for konsernet \u00e5 bygge stein p\u00e5 stein.<\/p>\n<p>\u2013 Og s\u00e5 er vi lojale n\u00e5r ting fungerer. Vi har hatt samme<br \/>\nbank i 100 \u00e5r, samme revisor i to generasjoner og samme advokat i to<br \/>\ngenerasjoner, sier han.<\/p>\n<p>\u2013 Vi er ogs\u00e5 veldig opptatt av \u00e5 ta vare p\u00e5 b\u00e5de byggene og<br \/>\nleietakerne v\u00e5re. Vi st\u00e5r selv for drift og forvaltning, og er veldig p\u00e5. Det<br \/>\nsetter leietakerne pris p\u00e5, sier Martine Svendsen.<\/p>\n","protected":false},"excerpt":{"rendered":"143.000 KVM: Martine Svendsen og Per Gunnar Str\u00f8mberg Rasmussen har flere spennende eiendommer i portef\u00f8ljen, som omfatter 143.000&hellip;\n","protected":false},"author":2,"featured_media":136906,"comment_status":"","ping_status":"","sticky":false,"template":"","format":"standard","meta":{"footnotes":""},"categories":[56],"tags":[60,61,62,30,28,29],"class_list":{"0":"post-136905","1":"post","2":"type-post","3":"status-publish","4":"format-standard","5":"has-post-thumbnail","7":"category-naeringsliv","8":"tag-business","9":"tag-economy","10":"tag-naeringsliv","11":"tag-no","12":"tag-norge","13":"tag-norway"},"share_on_mastodon":{"url":"https:\/\/pubeurope.com\/@no\/115892913782546601","error":""},"_links":{"self":[{"href":"https:\/\/www.europesays.com\/no\/wp-json\/wp\/v2\/posts\/136905","targetHints":{"allow":["GET"]}}],"collection":[{"href":"https:\/\/www.europesays.com\/no\/wp-json\/wp\/v2\/posts"}],"about":[{"href":"https:\/\/www.europesays.com\/no\/wp-json\/wp\/v2\/types\/post"}],"author":[{"embeddable":true,"href":"https:\/\/www.europesays.com\/no\/wp-json\/wp\/v2\/users\/2"}],"replies":[{"embeddable":true,"href":"https:\/\/www.europesays.com\/no\/wp-json\/wp\/v2\/comments?post=136905"}],"version-history":[{"count":0,"href":"https:\/\/www.europesays.com\/no\/wp-json\/wp\/v2\/posts\/136905\/revisions"}],"wp:featuredmedia":[{"embeddable":true,"href":"https:\/\/www.europesays.com\/no\/wp-json\/wp\/v2\/media\/136906"}],"wp:attachment":[{"href":"https:\/\/www.europesays.com\/no\/wp-json\/wp\/v2\/media?parent=136905"}],"wp:term":[{"taxonomy":"category","embeddable":true,"href":"https:\/\/www.europesays.com\/no\/wp-json\/wp\/v2\/categories?post=136905"},{"taxonomy":"post_tag","embeddable":true,"href":"https:\/\/www.europesays.com\/no\/wp-json\/wp\/v2\/tags?post=136905"}],"curies":[{"name":"wp","href":"https:\/\/api.w.org\/{rel}","templated":true}]}}