{"id":136911,"date":"2026-01-14T10:13:10","date_gmt":"2026-01-14T10:13:10","guid":{"rendered":"https:\/\/www.europesays.com\/no\/136911\/"},"modified":"2026-01-14T10:13:10","modified_gmt":"2026-01-14T10:13:10","slug":"reagerte-raskt-da-de-sa-hjulene","status":"publish","type":"post","link":"https:\/\/www.europesays.com\/no\/136911\/","title":{"rendered":"Reagerte raskt da de s\u00e5 hjulene"},"content":{"rendered":"<p>        Saken oppsummert<\/p>\n<ul lang=\"nb-NO\">\n<li>Vegvesenet gjennomf\u00f8rer hyppige kontroller av tunge kj\u00f8ret\u00f8y om vinteren.<\/li>\n<li>Mange kj\u00f8ret\u00f8y har nedslitte dekk og defekte bremser.<\/li>\n<li>I en kontroll p\u00e5 Kj\u00f8s ble en sj\u00e5f\u00f8r anmeldt for brudd p\u00e5 kj\u00f8re- og hviletidsbestemmelser. Det ble avdekket en rekke problemer ved kj\u00f8ret\u00f8yet, blant annet bruk av feil kjetting.<\/li>\n<li>Flere kj\u00f8ret\u00f8y fikk bruksforbud grunnet d\u00e5rlig lastsikring.<\/li>\n<\/ul>\n<p class=\"italic ai-disclaimer\" data-lab-italic=\"italic\">Oppsummeringen er laget med kunstig intelligens (KI) fra OpenAI. Innholdet er kvalitetssikret av TV 2s journalister. <a target=\"_blank\" href=\"https:\/\/hjelp.tv2.no\/info\/artikkel\/slik-jobber-vi-med-ki-i-tv-2\" title=\"Les om hvordan vi jobber med KI\" rel=\"nofollow noopener\">Les om hvordan vi jobber med KI<\/a><\/p>\n<p>Hver dag kj\u00f8rer det lastebiler og vogntog p\u00e5 norske veier som ikke er skodd for forholdene. Derfor har Vegvesenet hyppige kontroller i vinterhalv\u00e5ret, med s\u00e6rlig fokus p\u00e5 tunge kj\u00f8ret\u00f8y og vinterutrustning.<\/p>\n<p>Broom f\u00e5r daglige rapporter fra disse kontrollene, og kan skrive under p\u00e5 at det er vanlig med tunge kj\u00f8ret\u00f8y som har nedslitte dekk, defekte bremser, last som er d\u00e5rlig sikret og andre problematiske forhold.\u00a0<\/p>\n<p>Og avdekkes ett problem, skjer det sv\u00e6rt ofte at det avdekkes flere, noe kontrollen p\u00e5 Kj\u00f8s ved Hornindal nylig er et godt eksempel p\u00e5.<\/p>\n<p>Feil p\u00e5 feil<\/p>\n<p>Totalt ble det stoppet og kontrollert 122 kj\u00f8ret\u00f8y, og noen av disse ble plukket ut til utvidet kontroll. Her ble det avdekket en hel del problematiske forhold som f\u00f8rte til diverse straffereaksjoner.<\/p>\n<p>En sj\u00e5f\u00f8r av et vogntog ble anmeldt p\u00e5 grunn av brudd p\u00e5 kj\u00f8re- og hviletidsbestemmelsene. Videre viste det seg at vedkommende hadde montert kjettinger p\u00e5 drivhjulene, som var altfor store i forhold til hjuldimensjonen.\u00a0<\/p>\n<p>Videre ble det avdekket flere tekniske mangler ved kj\u00f8ret\u00f8yet, blant annet var ekstralys feilmontert, et radardeksel var lakkert og kjennemerket p\u00e5 hengeren var slitt.\u00a0<\/p>\n<p>        <img class=\"image__img lazyload\" itemprop=\"image\" title=\"Foto: Statens vegvesen\" alt=\"IKKE OK: Kjettingen var ikke tilpasset hjulene, noe som kan utgj\u00f8re fare. Foto: Statens vegvesen\" width=\"338\" height=\"220\" bad-src=\"https:\/\/www.europesays.com\/no\/wp-content\/uploads\/2026\/01\/18457602.webp.jpeg\" fetchpriority=\"auto\" \/><\/p>\n<p>      IKKE OK: Kjettingen var ikke tilpasset hjulene, noe som kan utgj\u00f8re fare.<br \/>\n         Foto: Statens vegvesen<\/p>\n<p>B\u00e5de sj\u00e5f\u00f8ren og foretaket han kj\u00f8rte for fikk gebyr for enkelte av bruddene.<\/p>\n<p>For \u00f8vrig fikk flere tunge kj\u00f8ret\u00f8y bruksforbud p\u00e5 grunn av d\u00e5rlig lastsikring og merking av spesialtransport. Det ble ogs\u00e5 avdekket flere brudd p\u00e5 kj\u00f8re- og hviletidsbestemmelsene.\u00a0<\/p>\n<p><a href=\"https:\/\/www.tv2.no\/broom\/na-blir-det-lettere-a-ta-svindlerne\/18340204\/\" rel=\"nofollow noopener\" target=\"_blank\">N\u00e5 blir det lettere \u00e5 ta svindlerne<\/a><\/p>\n<p> Slik er kjetting-reglene<\/p>\n<p>Det er krav om \u00e5 ha med egnede metall\/st\u00e5l-kjetting om vinteren, dersom kj\u00f8ret\u00f8yet veier mer enn 3500 kilo. Kravet gjelder ogs\u00e5 ellers p\u00e5 \u00e5ret, om man ferdes p\u00e5 veier med sn\u00f8 og is. Bobiler mellom 3500 og 7500 kilo er unntatt dette kravet.<\/p>\n<p>Kjettingene m\u00e5 videre v\u00e6re tilpasset hjulene p\u00e5 kj\u00f8ret\u00f8yet, og til enhver tid gi kontakt mellom kjetting og veibane.\u00a0<\/p>\n<p>P\u00e5 laste- og varebiler over 3500 kilo, er det et er et krav om tre kjettinger, en tilpasset forhjul og to tilpasset drivhjul. P\u00e5 vogntog skal det v\u00e6re fem til sju, avhengig av type. Du finner detaljerte beskrivelser hos <a href=\"https:\/\/www.vegvesen.no\/kjoretoy\/yrkestransport\/dekk-og-kjetting\/kjettinger-tungbil\/\" rel=\"nofollow noopener\" target=\"_blank\">Statens vegvesen<\/a>.<\/p>\n<p> <a href=\"https:\/\/www.tv2.no\/broom\/her-blir-vogntog-sjaforen-tatt-pa-fersken\/9685492\/\" rel=\"nofollow noopener\" target=\"_blank\">Tatt p\u00e5 fersken: Dette var ikke mulig \u00e5 prate seg unna<\/a> <\/p>\n<p class=\"bold m-bold\" data-lab-font_weight=\"bold\">F\u00e5 ogs\u00e5 med deg dette:\u00a0<\/p>\n<p>    <a class=\"article__link\" data-ga-active-label=\"\" data-ga-active-label-animation=\"\" href=\"https:\/\/www.tv2.no\/broom\/vent-til-du-horer-hvordan-dette-loste-seg\/18388658\/\" rel=\"nofollow noopener\" target=\"_blank\"><\/p>\n<p>    <img class=\"image__img lazyload\" itemprop=\"image\" title=\"\" alt=\"\" width=\"587\" height=\"247\" bad-src=\"https:\/\/www.europesays.com\/no\/wp-content\/uploads\/2026\/01\/18388785.webp.jpeg\" fetchpriority=\"auto\" \/><\/p>\n<p>            Vent til du h\u00f8rer hvordan dette l\u00f8ste seg &#8230;<\/p>\n<p>    <\/a><\/p>\n","protected":false},"excerpt":{"rendered":"Saken oppsummert Vegvesenet gjennomf\u00f8rer hyppige kontroller av tunge kj\u00f8ret\u00f8y om vinteren. Mange kj\u00f8ret\u00f8y har nedslitte dekk og defekte&hellip;\n","protected":false},"author":2,"featured_media":136912,"comment_status":"","ping_status":"","sticky":false,"template":"","format":"standard","meta":{"footnotes":""},"categories":[5],"tags":[20,21,24,25,15,19,22,23,17,18,13,30,28,29,14,16,26,27],"class_list":{"0":"post-136911","1":"post","2":"type-post","3":"status-publish","4":"format-standard","5":"has-post-thumbnail","7":"category-overskrifter","8":"tag-breaking-news","9":"tag-breakingnews","10":"tag-featured-news","11":"tag-featurednews","12":"tag-headlines","13":"tag-hovedoppslag","14":"tag-latest-news","15":"tag-latestnews","16":"tag-main-news","17":"tag-mainnews","18":"tag-news","19":"tag-no","20":"tag-norge","21":"tag-norway","22":"tag-nyheter","23":"tag-overskrifter","24":"tag-top-stories","25":"tag-topstories"},"share_on_mastodon":{"url":"https:\/\/pubeurope.com\/@no\/115892925686729282","error":""},"_links":{"self":[{"href":"https:\/\/www.europesays.com\/no\/wp-json\/wp\/v2\/posts\/136911","targetHints":{"allow":["GET"]}}],"collection":[{"href":"https:\/\/www.europesays.com\/no\/wp-json\/wp\/v2\/posts"}],"about":[{"href":"https:\/\/www.europesays.com\/no\/wp-json\/wp\/v2\/types\/post"}],"author":[{"embeddable":true,"href":"https:\/\/www.europesays.com\/no\/wp-json\/wp\/v2\/users\/2"}],"replies":[{"embeddable":true,"href":"https:\/\/www.europesays.com\/no\/wp-json\/wp\/v2\/comments?post=136911"}],"version-history":[{"count":0,"href":"https:\/\/www.europesays.com\/no\/wp-json\/wp\/v2\/posts\/136911\/revisions"}],"wp:featuredmedia":[{"embeddable":true,"href":"https:\/\/www.europesays.com\/no\/wp-json\/wp\/v2\/media\/136912"}],"wp:attachment":[{"href":"https:\/\/www.europesays.com\/no\/wp-json\/wp\/v2\/media?parent=136911"}],"wp:term":[{"taxonomy":"category","embeddable":true,"href":"https:\/\/www.europesays.com\/no\/wp-json\/wp\/v2\/categories?post=136911"},{"taxonomy":"post_tag","embeddable":true,"href":"https:\/\/www.europesays.com\/no\/wp-json\/wp\/v2\/tags?post=136911"}],"curies":[{"name":"wp","href":"https:\/\/api.w.org\/{rel}","templated":true}]}}