{"id":136915,"date":"2026-01-14T10:16:07","date_gmt":"2026-01-14T10:16:07","guid":{"rendered":"https:\/\/www.europesays.com\/no\/136915\/"},"modified":"2026-01-14T10:16:07","modified_gmt":"2026-01-14T10:16:07","slug":"epic-fail-i-australian-open-han-feiret-uten-a-vite-at-kampen-ikke-var-ferdig-og-tapte","status":"publish","type":"post","link":"https:\/\/www.europesays.com\/no\/136915\/","title":{"rendered":"Epic fail i Australian Open: Han feiret uten \u00e5 vite at kampen ikke var ferdig &#8230; og tapte &#8211;"},"content":{"rendered":"<p>Den \u00f8sterrikske tennisspilleren Sebastian Ofner, for tiden rangert som nummer 140 i verden og den nest beste \u00f8sterrikske spilleren, opplevde et sv\u00e6rt pinlig \u00f8yeblikk i Australian Open-kvalifiseringen, der han tapte for Nishesh Basavareddy&#8230; etter en for tidlig (og provoserende) feiring.<\/p>\n<p>Ofner vant f\u00f8rste sett 6-4, Basavareddy vant det andre ogs\u00e5 6-4, og det avgj\u00f8rende settet gikk til tie-break. Grand Slam-kvalifiseringskamper er best av tre sett, men tie-breaks er fortsatt 10-poengs, i stedet for 7-poengs. Og Ofner visste ikke: da han n\u00e5dde 7-1 i tie-break, feiret han teatralsk, kastet racketen og r\u00f8rte ved nakken, som om han tok pulsen.<\/p>\n<blockquote class=\"twitter-tweet\" data-theme=\"dark\"><p><a href=\"https:\/\/twitter.com\/StoolTennis\/status\/2011253563176124882?ref_src=twsrc%5Etfw\" rel=\"nofollow noopener\" target=\"_blank\"><\/p><\/blockquote>\n<blockquote class=\"twitter-tweet\" data-theme=\"dark\"><p><a href=\"https:\/\/twitter.com\/AustralianOpen\/status\/2011334668839502330?ref_src=twsrc%5Etfw\" rel=\"nofollow noopener\" target=\"_blank\"><\/p><\/blockquote>\n<p>Han visste imidlertid ikke at han m\u00e5tte fortsette \u00e5 spille &#8230; og Basavareddy kom fra seks poeng bak, og vant til slutt tie-break 13-11. Vi f\u00e5r aldri vite om Basavareddys episke comeback skyldtes rivalens fortvilelse etter den episke fiaskoen, men det har i hvert fall gitt oss et av de merkeligste \u00f8yeblikkene i Australian Open.<\/p>\n<p><img loading=\"lazy\" decoding=\"async\" id=\"img-1957433-4782963\" data-fullsize=\"\/media\/29\/_4782963b.jpg\" data-lazy=\"\" src=\"https:\/\/www.gamereactor.nohttps:\/\/www.gamereactor.no\/media\/29\/_4782963_650x.jpg\" width=\"650\" onclick=\"if (!window.__cfRLUnblockHandlers) return false; gallery_openmodal('1957433','4782963',false,'7afe3bb359ed92279ebfcc16b24ac045');\" height=\"433\" alt=\"Epic fail i Australian Open: Han feiret uten \u00e5 vite at kampen ikke var ferdig ... og tapte\" class=\"rwd_col_content lazy\" data-cf-modified-bacaa12fe06520e730e09f88-=\"\"\/>Victor Velter \/\/ ShutterStock<script async src=\"https:\/\/platform.twitter.com\/widgets.js\" charset=\"utf-8\"><\/script><\/p>\n","protected":false},"excerpt":{"rendered":"Den \u00f8sterrikske tennisspilleren Sebastian Ofner, for tiden rangert som nummer 140 i verden og den nest beste \u00f8sterrikske&hellip;\n","protected":false},"author":2,"featured_media":136916,"comment_status":"","ping_status":"","sticky":false,"template":"","format":"standard","meta":{"footnotes":""},"categories":[57],"tags":[30,28,29,65,63,64,66,70,69,67,68],"class_list":{"0":"post-136915","1":"post","2":"type-post","3":"status-publish","4":"format-standard","5":"has-post-thumbnail","7":"category-vitenskap-og-teknologi","8":"tag-no","9":"tag-norge","10":"tag-norway","11":"tag-science","12":"tag-science-and-technology","13":"tag-scienceandtechnology","14":"tag-technology","15":"tag-teknologi","16":"tag-vitenskap","17":"tag-vitenskap-og-teknologi","18":"tag-vitenskapteknologi"},"share_on_mastodon":{"url":"https:\/\/pubeurope.com\/@no\/115892937216525425","error":""},"_links":{"self":[{"href":"https:\/\/www.europesays.com\/no\/wp-json\/wp\/v2\/posts\/136915","targetHints":{"allow":["GET"]}}],"collection":[{"href":"https:\/\/www.europesays.com\/no\/wp-json\/wp\/v2\/posts"}],"about":[{"href":"https:\/\/www.europesays.com\/no\/wp-json\/wp\/v2\/types\/post"}],"author":[{"embeddable":true,"href":"https:\/\/www.europesays.com\/no\/wp-json\/wp\/v2\/users\/2"}],"replies":[{"embeddable":true,"href":"https:\/\/www.europesays.com\/no\/wp-json\/wp\/v2\/comments?post=136915"}],"version-history":[{"count":0,"href":"https:\/\/www.europesays.com\/no\/wp-json\/wp\/v2\/posts\/136915\/revisions"}],"wp:featuredmedia":[{"embeddable":true,"href":"https:\/\/www.europesays.com\/no\/wp-json\/wp\/v2\/media\/136916"}],"wp:attachment":[{"href":"https:\/\/www.europesays.com\/no\/wp-json\/wp\/v2\/media?parent=136915"}],"wp:term":[{"taxonomy":"category","embeddable":true,"href":"https:\/\/www.europesays.com\/no\/wp-json\/wp\/v2\/categories?post=136915"},{"taxonomy":"post_tag","embeddable":true,"href":"https:\/\/www.europesays.com\/no\/wp-json\/wp\/v2\/tags?post=136915"}],"curies":[{"name":"wp","href":"https:\/\/api.w.org\/{rel}","templated":true}]}}