{"id":136921,"date":"2026-01-14T10:22:07","date_gmt":"2026-01-14T10:22:07","guid":{"rendered":"https:\/\/www.europesays.com\/no\/136921\/"},"modified":"2026-01-14T10:22:07","modified_gmt":"2026-01-14T10:22:07","slug":"gikk-av-etter-a-ha-truet-styreleder-valgt-inn-i-det-samme-styret-nrk-nordland","status":"publish","type":"post","link":"https:\/\/www.europesays.com\/no\/136921\/","title":{"rendered":"Gikk av etter \u00e5 ha truet styreleder \u2013 valgt inn i det samme styret \u2013 NRK Nordland"},"content":{"rendered":"<p>\u2013 Det er som om brannvesenet skulle ansatt en brannstifter.<\/p>\n<p>Slik reagerer SV-politiker i Nordland, Christian Torset, p\u00e5 at Tor Ingebrigtsen sitter i det nye Helse Nord-styret.<\/p>\n<p>For i 2018 stormet det rundt den mange\u00e5rige direkt\u00f8ren p\u00e5 UNN. I forkant av et betent styrem\u00f8te i helseforetaket kom Ingebrigtsen med trusler mot styreleder Marianne Telle.<\/p>\n<p>If\u00f8lge Telle sa han at <a href=\"https:\/\/www.nrk.no\/nordland\/_-_du-vil-bli-knust_-er-vanskelig-a-misforsta-1.13905454\" ec-id=\"pp:article:1.13905454\" ec-name=\"hun \u00abville bli knust\u00bb\" rel=\"nofollow noopener\" target=\"_blank\">hun \u00abville bli knust\u00bb<\/a> og at hun \u00abikke ville ha noe igjen\u00bb om styret ikke gjorde som han ville.<\/p>\n<ul class=\"dhpg__gallery__list\">\n<li class=\"dhpg__gallery__listItem\"><img alt=\"Styreleder Marianne Telle sier hun ble satt ut av bruken av ordet \u00abvi\u00bb i truslene som Tor Ingebrigts\"  width=\"2400\" height=\"2400\" loading=\"lazy\"\/>Marianne Telle\n<ul>\n<li>Tidligere styreleder i Helse Nord<\/li>\n<\/ul>\n<\/li>\n<\/ul>\n<p>Lukrativ avtale<\/p>\n<p>Bakgrunnen var striden om PCI-behandling i Nord-Norge mellom UNN og Nordlandssykehuset. Den aktuelle saken handlet om etableringen av PCI-tilbudet i Bod\u00f8.<\/p>\n<p>Det endte til slutt med at Bod\u00f8 fikk PCI-behandling, men krangelen tok ikke slutt da. Denne v\u00e5ren skal et forslag fra Frp opp i Stortinget om d\u00f8gn\u00e5pen PCI-behandling i Bod\u00f8 \u2013 til sterk motstand fra fagmilj\u00f8et i Troms\u00f8.<\/p>\n<p>Ingebrigtsen gikk av og fikk en <a href=\"https:\/\/www.nrk.no\/nordland\/helsepolitikere-reagerer-pa-sluttavtalen-til-avgatt-sykehusdirektor-1.13914080?utm_source=sdrn%3Avg%3Aarticle%3AyvEex2\" ec-id=\"pp:article:1.13914080\" ec-name=\"lukrativ sluttavtale\" rel=\"nofollow noopener\" target=\"_blank\">lukrativ sluttavtale<\/a> da truslene ble kjent. Han beholdt 85 prosent av l\u00f8nna p\u00e5 1,9 millioner og var sikret ny jobb p\u00e5 UiT.<\/p>\n<p><strong>Reaksjonene p\u00e5 det nye styremedlemmet lar ikke vente p\u00e5 seg i Nordland<\/strong>.<\/p>\n<p>\u2013 Det er merkelig at helseministeren gir ham den store tilliten det er \u00e5 ha et slikt styreverv, sier fylkesr\u00e5dsleder Marianne Dobak Kvensj\u00f8 (H).<\/p>\n<p>Tynnslitt tillit<\/p>\n<p>Hun viser til Ingebrigtsens historikk som UNN-sjef og hvorfor han gikk av for \u00e5tte \u00e5r siden.<\/p>\n<p><img decoding=\"async\"   src=\"data:image\/gif;base64,R0lGODlhAQABAIAAAAAAAP\/\/\/yH5BAEAAAAALAAAAAABAAEAAAIBRAA7\" loading=\"eager\" alt=\"En kvinne med halvlangt h\u00e5r og briller. Hun ser i kamera. \" title=\"Foto: Nordland fylkeskommune\"\/><\/p>\n<p class=\"\">Fylkesr\u00e5dsleder Marianne Dobak Kvensj\u00f8 (H) er bekymret over sammensetningen og mener det nye Helse Nord-styret er for Troms\u00f8-tungt. <\/p>\n<p>Foto: Nordland fylkeskommune<\/p>\n<p>\u2013 Det er lenge siden han gikk av. Er det relevant n\u00e5?<\/p>\n<p><strong>\u2013 Alle fortjener en ny sjanse. Men i en tid hvor tilliten og omd\u00f8mmet til Helse Nord er tynnslitt, s\u00e5 hadde jeg trodd at ministeren ville utnevnt noen som har erfaring med \u00e5 v\u00e6re en st\u00f8rre brobygger.<\/strong><\/p>\n<p>Kvensj\u00f8 reagerer ogs\u00e5 p\u00e5 Troms\u00f8-dominansen i det nye styret.<\/p>\n<p>\u2013 Vi reagerer med undring, overraskelse og litt bekymring p\u00e5 det nye styret. Det er veldig konsentrert rundt Troms\u00f8. Da krever det litt ekstra fra styret for \u00e5 bygge opp tilliten igjen, kanskje s\u00e6rlig i Nordland.<\/p>\n<p>Styret i Helse Nord<\/p>\n<ul>\n<li>Gunnar Alskog (styreleder), Troms\u00f8<\/li>\n<li>Rune Gjertin Rafaelsen (nestleder), S\u00f8r-Varanger<\/li>\n<li>Tone Hauge, Mosj\u00f8en<\/li>\n<li>Harald Larssen, Lebesby<\/li>\n<li>Tor Ingebrigtsen, Troms\u00f8<\/li>\n<li>Marit Mikkelsdatter Kemi, Alta (utnevnt av Sametinget)<\/li>\n<li>Hanne Elise Skare, Stokmarknes<\/li>\n<\/ul>\n<p>Valgt av og blant ansatte:<\/p>\n<ul>\n<li>Martin Alexander \u00d8ien Jenssen<\/li>\n<li>Sissel Alterskj\u00e6r<\/li>\n<li>Kari B. Sandnes (Har permisjon fra oktober 2025 som f\u00f8lge av stortingsverv. 1. vara ansatterepresentant Ann-Mari Jenssen stiller i styret.)<\/li>\n<\/ul>\n<p>\u2013 Ikke riktig person<\/p>\n<p>Torset i SV mener det er \u00e5penbart at Ingebrigtsen ikke er egnet til \u00e5 sitte i styret.<\/p>\n<p><img decoding=\"async\"   src=\"data:image\/gif;base64,R0lGODlhAQABAIAAAAAAAP\/\/\/yH5BAEAAAAALAAAAAABAAEAAAIBRAA7\" loading=\"eager\" alt=\"en person p\u00e5 et kontor\" title=\"Foto: Petter Str\u00f8m \/ NRK\"\/><\/p>\n<p class=\"\">SV-politiker i Nordland Christian Torset (SV). <\/p>\n<p>Foto: Petter Str\u00f8m \/ NRK<\/p>\n<p>\u2013 N\u00e5r du ikke er i stand til \u00e5 begrense virkemidlene i din kamp for det du tror p\u00e5, s\u00e5 demonstrerer du at du ikke er riktig person til \u00e5 ta den kampen.<\/p>\n<p>Mandag sendte Bod\u00f8-ordf\u00f8rer Odd Emil Ingebrigtsen et brev til helsedepartementet hvor han uttrykker bekymring for det nye styret i Helse Nord.<\/p>\n<p><strong>I likhet med Kvensj\u00f8 mener han styret ikke representerer hele landsdelen p\u00e5 en god nok m\u00e5te.<\/strong><\/p>\n<p><img decoding=\"async\"   src=\"data:image\/gif;base64,R0lGODlhAQABAIAAAAAAAP\/\/\/yH5BAEAAAAALAAAAAABAAEAAAIBRAA7\" loading=\"eager\" alt=\"en mann med briller og dress\" title=\"Foto: Jan Langhaug \/ NTB\"\/><\/p>\n<p class=\"\">Ordf\u00f8rer i Bod\u00f8 kommune Odd Emil Ingebrigtsen (H) etterlyser svar fra Helse- og omsorgsdepartementet. <\/p>\n<p>Foto: Jan Langhaug \/ NTB<\/p>\n<p>Ordf\u00f8reren setter sp\u00f8rsm\u00e5lstegn ved at departementet tar inn noen som det har v\u00e6rt s\u00e5 mye konflikt rundt. Videre mener han at tilliten til styret er svekket.<\/p>\n<p>\u2013 En allerede tynnslitt tillit er blitt enda tynnere n\u00e5r det blir en s\u00e5nn sammensetning av styret. Det er en historikk her som gj\u00f8r at folk har lav tillit til Helse Nord.<\/p>\n<p>Nordlys sin politiske redakt\u00f8r Maja Sojtaric kaller utnevnelsen av det nye styret et <a href=\"https:\/\/www.nordnorskdebatt.no\/overraskende-dristig-valg\/o\/5-124-406689\" ec-id=\"https:\/\/www.nordnorskdebatt.no\/overraskende-dristig-valg\/o\/5-124-406689\" ec-name=\"\u00aboverraskende dristig valg\u00bb\" rel=\"nofollow noopener\" target=\"_blank\">\u00aboverraskende dristig valg\u00bb<\/a>, og tror dette kan v\u00e6re \u00abbegynnelsen p\u00e5 slutten av PCI-visa\u00bb.<\/p>\n<p>\u2013 Helsedepartementet virker \u00e5 ha et \u00f8nske om \u00e5 legge bak seg enkeltsaker som har preget helsepolitikken i landsdelen, sier hun til NRK.<\/p>\n<p><img decoding=\"async\"   src=\"data:image\/gif;base64,R0lGODlhAQABAIAAAAAAAP\/\/\/yH5BAEAAAAALAAAAAABAAEAAAIBRAA7\" loading=\"eager\" alt=\"En kvinne st\u00e5r ved en lystbrygge med vann i bakgrunnen. Hun har p\u00e5 seg en blazer og en r\u00f8d snor rundt halsen. I bakgrunnen ses b\u00e5ter og bygninger, samt fjell under en skyet himmel. Omgivelsene gir inntrykk av en travel havn.\" title=\"Foto: Sofie Dege Dimmen\"\/><\/p>\n<p class=\"\">Politisk redakt\u00f8r i Nordlys, Maja Sojtaric.<\/p>\n<p>Foto: Sofie Dege Dimmen<\/p>\n<p>\u2013 N\u00e5 sp\u00f8rs det om landsdelen er klar for de signalene som helsedepartementet sender eller om Vestre har misforst\u00e5tt situasjonen.<\/p>\n<p>\u2013 Blir dette et styret som samler landsdelen?<\/p>\n<p>\u2013 Det f\u00e5r vi h\u00e5pe p\u00e5. Men det sier seg selv at den del milj\u00f8er og politiske stemmer \u00f8nsker en endring i foretaksmodellen. Jeg tror ikke de stemmene kommer til \u00e5 stilne i denne saken.<\/p>\n<p>Vestre: Relevant kompetanse<\/p>\n<p>Det er regjeringen som bestemmer hvem som sitter i styrene i de regionale helseforetakene.<\/p>\n<p>Helseminister Jan Christian Vestre sier at Ingebrigtsen har lang fartstid som sykehusleder og i dag er professor p\u00e5 UiT. I rekrutteringsprosessen ble han foresl\u00e5tt som styremedlem av Troms fylkeskommune.<\/p>\n<p>\u2013 V\u00e5r vurdering er at Ingebrigtsens bakgrunn b\u00e5de som akademiker og sykehusleder vil tilf\u00f8re styret i Helse Nord viktig og relevant kompetanse. Det inkluderer hans erfaringer som medf\u00f8rte at han valgte \u00e5 g\u00e5 av som direkt\u00f8r for UNN i 2018.<\/p>\n<ul class=\"dhpg__gallery__list\">\n<li class=\"dhpg__gallery__listItem\"><img alt=\"Jan Christian Vestre st\u00e5r inne p\u00e5 marienlyst og ser i kamera. Han har m\u00f8rkebl\u00e5 dress, hvit skjorte, og r\u00f8dt og hvitt slips. \"  width=\"2400\" height=\"2400\" loading=\"lazy\"\/>Jan Christian Vestre\n<ul>\n<li>Helse- og omsorgsminister (Ap)<\/li>\n<\/ul>\n<\/li>\n<\/ul>\n<p>P\u00e5 sp\u00f8rsm\u00e5l om den geografiske spredningen i styret, svarer Vestre f\u00f8lgende:<\/p>\n<p>\u2013 For \u00e5 sikre god geografisk representasjon i styret, har hvert av fylkene Finnmark, Troms og Nordland to representanter, samt at det er en representant fra Sametinget.<\/p>\n<p>Dette handler PCI-saken om<\/p>\n<ul>\n<li>PCI er en sk\u00e5nsom behandlingsteknikk for hjerteinfarkt, hvor man f\u00f8rer en ledning frem til blodproppen, l\u00f8ser opp denne og setter inn en lite metallgitter (stent), som skal holde blod\u00e5ren \u00e5pen.<\/li>\n<li>I Nord-Norge ble denne behandlingen tidligere kun utf\u00f8rt i Troms\u00f8, men siden 2020 har man utf\u00f8rt dette ogs\u00e5 i Bod\u00f8.<\/li>\n<li>Universitetssykehuset Nord-Norge har d\u00f8gn\u00e5pent PCI-tilbud, mens Nordlandssykehuset i Bod\u00f8 kun har \u00e5pent mellom klokken 08-16, mandag til fredag.<\/li>\n<li>I 2024 ble det <a href=\"https:\/\/www.nrk.no\/nordland\/helse-nord-direktoren_-pci-tilbudet-i-bodo-fortsetter-som-dagtilbud-_-men-styres-fra-tromso-1.16909871\" ec-id=\"pp:article:1.16909871\" ec-name=\"ogs\u00e5 bestemt at PCI-behandlingene, b\u00e5de i Bod\u00f8 og i Troms\u00f8, skal ledes av UNN i Troms\u00f8\" rel=\"nofollow noopener\" target=\"_blank\">ogs\u00e5 bestemt at PCI-behandlingene, b\u00e5de i Bod\u00f8 og i Troms\u00f8, skal ledes av UNN i Troms\u00f8<\/a>, p\u00e5 grunn av utfordringer med <a href=\"https:\/\/www.nrk.no\/nordland\/hjertebehandling-i-nord-norge_-pci-avgjores-i-styremotet-i-helse-nord-1.16931132\" ec-id=\"pp:article:1.16931132\" ec-name=\"samarbeidet mellom de to sykehusene.\" rel=\"nofollow noopener\" target=\"_blank\">samarbeidet mellom de to sykehusene.<\/a><\/li>\n<li>B\u00e5de politiker, pasienter og fagfolk mener dagens ordning g\u00e5r ut over pasientsikkerheten. Statsforvalteren i Nordland konkluderer blant annet med at <a href=\"https:\/\/www.nrk.no\/nordland\/statsforvalteren_-retningslinjer-rundt-pci-behandling-i-nord-norge-er-ulovlige-1.17152531\" ec-id=\"pp:article:1.17152531\" ec-name=\"Helse Nord bryter flere bestemmelser i helselovgivningen med dagens l\u00f8sning.\" rel=\"nofollow noopener\" target=\"_blank\">Helse Nord bryter flere bestemmelser i helselovgivningen med dagens l\u00f8sning.<\/a><\/li>\n<li>Ordningen har ogs\u00e5 f\u00f8rt til at en <a href=\"https:\/\/www.nrk.no\/nordland\/lege-pa-nordlandssykehuset-slutter-i-protest_-krever-omgjoring-av-vedtak-1.17168555\" ec-id=\"pp:article:1.17168555\" ec-name=\"lege ved Nordlandssykehuset har sagt opp\" rel=\"nofollow noopener\" target=\"_blank\">lege ved Nordlandssykehuset har sagt opp<\/a>, mens andre har <a href=\"https:\/\/www.nrk.no\/nordland\/ambulanseleger-i-helse-nord-vil-bryte-retningslinjene_-_-vi-har-et-eget-ansvar-1.17213733\" ec-id=\"pp:article:1.17213733\" ec-name=\"nektet \u00e5 f\u00f8lge ordre fra Troms\u00f8.\" rel=\"nofollow noopener\" target=\"_blank\">nektet \u00e5 f\u00f8lge ordre fra Troms\u00f8.<\/a><\/li>\n<li>Historiene om pasienter som ikke fikk hjelp i tide har v\u00e6rt mange. Deriblant <a href=\"https:\/\/www.nrk.no\/nordland\/matte-vente-timevis-pa-pci-behandling_-_-lovbrudd_-slar-statsforvalteren-fast-1.17449908\" ec-id=\"pp:article:1.17449908\" ec-name=\"Magne\" rel=\"nofollow noopener\" target=\"_blank\">Magne<\/a>, <a href=\"https:\/\/www.nrk.no\/nordland\/jorn-fikk-hjerteinfarkt-_-ble-ikke-fraktet-til-naermeste-sykehus_-_-en-feilvurdering-1.17459302\" ec-id=\"pp:article:1.17459302\" ec-name=\"J\u00f8rn\" rel=\"nofollow noopener\" target=\"_blank\">J\u00f8rn<\/a> og <a href=\"https:\/\/www.nrk.no\/nordland\/nye-tilsynssaker-pa-pci-i-nord-norge_-hjertepasient-dode-for-hun-kom-fram-til-behandling-1.17573011\" ec-id=\"pp:article:1.17573011\" ec-name=\"flere andre.\" rel=\"nofollow noopener\" target=\"_blank\">flere andre.<\/a><\/li>\n<li>Helseminister Jan Christian Vestre har ved flere anledninger uttalt at det er <a href=\"https:\/\/www.nrk.no\/nordland\/krever-pci-grep-fra-helseministeren-_-helse-nord-har-ansvaret_-svarer-vestre-1.17462589\" ec-id=\"pp:article:1.17462589\" ec-name=\"opp til Helse Nord \u00e5 bestemme\" rel=\"nofollow noopener\" target=\"_blank\">opp til Helse Nord \u00e5 bestemme <\/a>hvordan PCI-tilbudet i Nord-Norge skal organiseres.<\/li>\n<li>Det er forel\u00f8pig usikkert n\u00e5r Helse Nord skal behandle saken videre.<\/li>\n<\/ul>\n<p>\u2013 Har sterk motivasjon<\/p>\n<p>NRK har forelagt kritikken for Tor Ingebrigtsen, som ikke \u00f8nsker \u00e5 stille til intervju.<\/p>\n<p>Han mener sp\u00f8rsm\u00e5lene dreier seg om vurderinger som Helse- og omsorgsdepartementet gj\u00f8r ved styreoppnevninger, og vil derfor ikke besvare de konkrete sp\u00f8rsm\u00e5lene.<\/p>\n<p><img decoding=\"async\"   src=\"data:image\/gif;base64,R0lGODlhAQABAIAAAAAAAP\/\/\/yH5BAEAAAAALAAAAAABAAEAAAIBRAA7\" loading=\"eager\" alt=\"Tor Ingebrigtsen\" title=\"Foto: Petter Str\u00f8m \/ NRK\"\/><\/p>\n<p class=\"\">Styremedlem i Helse Nord Tor Ingebrigtsen tror hans kompetanse vil komme styret til nytte. <\/p>\n<p>Foto: Petter Str\u00f8m \/ NRK<\/p>\n<p><strong>I en e-post til NRK skriver Ingebrigtsen at han er sterkt motivert til \u00e5 ta fatt p\u00e5 styrevervet.<\/strong><\/p>\n<p>\u2013 Jeg har en sterk motivasjon for \u00e5 arbeide for at pasienter i hele Nord-Norge skal ha den sammen tilgangen til spesialisthelsetjenester som befolkningen i resten av landet, og har lang erfaring med \u00e5 jobbe for dette som lege, forsker og leder.<\/p>\n<p>\u2013 Jeg tror og h\u00e5per at denne erfaringen kan komme til nytte i Helse Nord-styret, og takket derfor ja til styrevervet.<\/p>\n<p>Tor Ingebrigsten fikk f\u00f8lgende sp\u00f8rsm\u00e5l: <\/p>\n<ul>\n<li>Hvorfor takket du ja til styrevervet?<\/li>\n<li>SV-politiker Christian Torset sammenligner din inntreden i styret med at \u00abbrannvesenet ansetter en brannstifter\u00bb. Hvordan reagerer du p\u00e5 en slik beskrivelse?<\/li>\n<li>Flere ledende politikere i Nordland uttrykker bekymring for at din historikk vil bidra til \u00e5 svekke tilliten til Helse Nord ytterligere. Hva vil du si til de som mener du er feil person til \u00e5 bygge bro mellom regionene?<\/li>\n<li>Torset mener hendelsen i 2018 vitner om at du ikke evner \u00e5 begrense virkemidlene i kamp for dine egne standpunkter. Hva tenker du om det?<\/li>\n<li>Mye av kritikken handler om din rolle i den betente PCI-striden mellom Bod\u00f8 og Troms\u00f8. Klarer du \u00e5 opptre n\u00f8ytralt i saker som omhandler PCI?<\/li>\n<li>Det reageres p\u00e5 en \u00abTroms\u00f8-dominans\u00bb i det nye styret. Ser du deg selv som en representant for Troms\u00f8-milj\u00f8et, eller for hele landsdelen?<\/li>\n<li>Hva mener du er din viktigste oppgave i Helse Nord-styret slik situasjonen er n\u00e5?<\/li>\n<\/ul>\n<p>Publisert<\/p>\n<p>14.01.2026, kl. 10.59<\/p>\n","protected":false},"excerpt":{"rendered":"\u2013 Det er som om brannvesenet skulle ansatt en brannstifter. Slik reagerer SV-politiker i Nordland, Christian Torset, p\u00e5&hellip;\n","protected":false},"author":2,"featured_media":136922,"comment_status":"","ping_status":"","sticky":false,"template":"","format":"standard","meta":{"footnotes":""},"categories":[10],"tags":[20,21,24,25,15,22,23,13,30,28,29,14,16,26,27],"class_list":{"0":"post-136921","1":"post","2":"type-post","3":"status-publish","4":"format-standard","5":"has-post-thumbnail","7":"category-norge","8":"tag-breaking-news","9":"tag-breakingnews","10":"tag-featured-news","11":"tag-featurednews","12":"tag-headlines","13":"tag-latest-news","14":"tag-latestnews","15":"tag-news","16":"tag-no","17":"tag-norge","18":"tag-norway","19":"tag-nyheter","20":"tag-overskrifter","21":"tag-top-stories","22":"tag-topstories"},"share_on_mastodon":{"url":"https:\/\/pubeurope.com\/@no\/115892960886460822","error":""},"_links":{"self":[{"href":"https:\/\/www.europesays.com\/no\/wp-json\/wp\/v2\/posts\/136921","targetHints":{"allow":["GET"]}}],"collection":[{"href":"https:\/\/www.europesays.com\/no\/wp-json\/wp\/v2\/posts"}],"about":[{"href":"https:\/\/www.europesays.com\/no\/wp-json\/wp\/v2\/types\/post"}],"author":[{"embeddable":true,"href":"https:\/\/www.europesays.com\/no\/wp-json\/wp\/v2\/users\/2"}],"replies":[{"embeddable":true,"href":"https:\/\/www.europesays.com\/no\/wp-json\/wp\/v2\/comments?post=136921"}],"version-history":[{"count":0,"href":"https:\/\/www.europesays.com\/no\/wp-json\/wp\/v2\/posts\/136921\/revisions"}],"wp:featuredmedia":[{"embeddable":true,"href":"https:\/\/www.europesays.com\/no\/wp-json\/wp\/v2\/media\/136922"}],"wp:attachment":[{"href":"https:\/\/www.europesays.com\/no\/wp-json\/wp\/v2\/media?parent=136921"}],"wp:term":[{"taxonomy":"category","embeddable":true,"href":"https:\/\/www.europesays.com\/no\/wp-json\/wp\/v2\/categories?post=136921"},{"taxonomy":"post_tag","embeddable":true,"href":"https:\/\/www.europesays.com\/no\/wp-json\/wp\/v2\/tags?post=136921"}],"curies":[{"name":"wp","href":"https:\/\/api.w.org\/{rel}","templated":true}]}}