{"id":136923,"date":"2026-01-14T10:23:08","date_gmt":"2026-01-14T10:23:08","guid":{"rendered":"https:\/\/www.europesays.com\/no\/136923\/"},"modified":"2026-01-14T10:23:08","modified_gmt":"2026-01-14T10:23:08","slug":"paradis-arbeidsulykke-arbeidsulykke-under-trefelling-laerling-skadet-foten","status":"publish","type":"post","link":"https:\/\/www.europesays.com\/no\/136923\/","title":{"rendered":"Paradis, Arbeidsulykke | Arbeidsulykke under trefelling: \u2013 L\u00e6rling skadet foten"},"content":{"rendered":"\n<p>B\u00e5de luftambulansen og ambulansebil ble sendt ut da det ble varslet om en arbeidsulykke i Statsminister Michelsens vei klokken 0848 tirsdag.<\/p>\n<p>Politif\u00f8rstebetjent hos Bergen s\u00f8r politistasjon, Caroline Brudvik, sier det ble meldt om en l\u00e6rling som hadde f\u00e5tt et tre over foten.<\/p>\n<p>\u2013 Det var et firma som drev med trefelling p\u00e5 stedet, forklarer hun.<\/p>\n<p>Ogs\u00e5 politiet rykket ut. Brudvik forteller at l\u00e6rlingen, en ung kvinne, hadde skader i foten da n\u00f8detatene kom frem.<\/p>\n<p>Skal avh\u00f8res<\/p>\n<p>Kvinnen fikk tilsyn av helsepersonell etter arbeidsulykken.<\/p>\n<p>\u2013 Hun ble ikke avh\u00f8rt p\u00e5 stedet da det heller var fokus p\u00e5 \u00e5 ivareta henne, sier Brudvik.<\/p>\n<p>Hun legger til at kvinnen skal avh\u00f8res p\u00e5 et senere tidspunkt.<\/p>\n<p>Firmaet og arbeiderne skal ha avgitt sin forklaring til politiet p\u00e5 stedet.<\/p>\n<p>Brudvik sier at det rutinemessig er opprettet en straffesak med en mistenkt.<\/p>\n<p>\u2013 S\u00e5nt skal ikke skje<\/p>\n<p>L\u00e6rlingen jobber hos L\u00f8vaas Maskin AS. <\/p>\n<p>Daglig leder Eirik L\u00f8vaas bekrefter ulykken som skjedde tirsdag.<\/p>\n<p>\u2013 S\u00e5nt skal jo ikke skje, sier han til BA.<\/p>\n<p>Han var ikke selv til stede, men forteller at kvinnen skal ha st\u00e5tt nede p\u00e5 bakken da hun fikk en trestubbe over foten.<\/p>\n<p>\u2013 Det er fremdeles litt uklart hva som skjedde, sier L\u00f8v\u00e5s.<\/p>\n<p>If\u00f8lge ham g\u00e5r det bra med kvinnen. Han \u00f8nsker ikke \u00e5 kommentere saken ytterligere.<\/p>\n","protected":false},"excerpt":{"rendered":"B\u00e5de luftambulansen og ambulansebil ble sendt ut da det ble varslet om en arbeidsulykke i Statsminister Michelsens vei&hellip;\n","protected":false},"author":2,"featured_media":1615,"comment_status":"","ping_status":"","sticky":false,"template":"","format":"standard","meta":{"footnotes":""},"categories":[5],"tags":[3375,36,20,21,24,25,15,19,22,23,15679,17,18,13,30,28,29,14,16,15678,1510,26,27],"class_list":{"0":"post-136923","1":"post","2":"type-post","3":"status-publish","4":"format-standard","5":"has-post-thumbnail","7":"category-overskrifter","8":"tag-arbeidsulykke","9":"tag-art","10":"tag-breaking-news","11":"tag-breakingnews","12":"tag-featured-news","13":"tag-featurednews","14":"tag-headlines","15":"tag-hovedoppslag","16":"tag-latest-news","17":"tag-latestnews","18":"tag-lovaas-maskin-as","19":"tag-main-news","20":"tag-mainnews","21":"tag-news","22":"tag-no","23":"tag-norge","24":"tag-norway","25":"tag-nyheter","26":"tag-overskrifter","27":"tag-paradis","28":"tag-story","29":"tag-top-stories","30":"tag-topstories"},"share_on_mastodon":{"url":"https:\/\/pubeurope.com\/@no\/115892964830202328","error":""},"_links":{"self":[{"href":"https:\/\/www.europesays.com\/no\/wp-json\/wp\/v2\/posts\/136923","targetHints":{"allow":["GET"]}}],"collection":[{"href":"https:\/\/www.europesays.com\/no\/wp-json\/wp\/v2\/posts"}],"about":[{"href":"https:\/\/www.europesays.com\/no\/wp-json\/wp\/v2\/types\/post"}],"author":[{"embeddable":true,"href":"https:\/\/www.europesays.com\/no\/wp-json\/wp\/v2\/users\/2"}],"replies":[{"embeddable":true,"href":"https:\/\/www.europesays.com\/no\/wp-json\/wp\/v2\/comments?post=136923"}],"version-history":[{"count":0,"href":"https:\/\/www.europesays.com\/no\/wp-json\/wp\/v2\/posts\/136923\/revisions"}],"wp:featuredmedia":[{"embeddable":true,"href":"https:\/\/www.europesays.com\/no\/wp-json\/wp\/v2\/media\/1615"}],"wp:attachment":[{"href":"https:\/\/www.europesays.com\/no\/wp-json\/wp\/v2\/media?parent=136923"}],"wp:term":[{"taxonomy":"category","embeddable":true,"href":"https:\/\/www.europesays.com\/no\/wp-json\/wp\/v2\/categories?post=136923"},{"taxonomy":"post_tag","embeddable":true,"href":"https:\/\/www.europesays.com\/no\/wp-json\/wp\/v2\/tags?post=136923"}],"curies":[{"name":"wp","href":"https:\/\/api.w.org\/{rel}","templated":true}]}}