{"id":136926,"date":"2026-01-14T10:26:07","date_gmt":"2026-01-14T10:26:07","guid":{"rendered":"https:\/\/www.europesays.com\/no\/136926\/"},"modified":"2026-01-14T10:26:07","modified_gmt":"2026-01-14T10:26:07","slug":"apex-legends-global-series-year-5-championship-anthem-har-blitt-utgitt","status":"publish","type":"post","link":"https:\/\/www.europesays.com\/no\/136926\/","title":{"rendered":"Apex Legends Global Series Year 5 Championship Anthem har blitt utgitt"},"content":{"rendered":"<p>I morgen markerer den offisielle begynnelsen av Apex Legends Global Series Year 5 Championship, det fremste arrangementet i konkurransekalenderen for esport. Det vil samle 40 av de beste lagene fra hele verden for noen intense dager med action der millioner av dollar st\u00e5r p\u00e5 spill, og hvis du er nysgjerrig p\u00e5 hvem som har kvalifisert seg, <a href=\"https:\/\/www.gamereactor.no\/her-er-de-bekreftede-lagene-til-apex-legends-global-series-championship-2026-1952863\/\" title=\"Her er de bekreftede lagene til Apex Legends Global Series Championship 2026\" rel=\"nofollow noopener\" target=\"_blank\">kan du se den informasjonen her.<\/a><\/p>\n<p>Ellers, i et fors\u00f8k p\u00e5 \u00e5 forberede fansen ytterligere og f\u00e5 dem til \u00e5 glede seg til den store begivenheten, har n\u00e5 hymnen til turneringen blitt sluppet. P\u00e5 samme m\u00e5te som Riot Games gj\u00f8r hvert eneste \u00e5r med League of Legends World Championship, har Respawn tappet en musiker og gitt dem i oppgave \u00e5 lage et spor basert p\u00e5 spillet, som artisten OZworld har blitt valgt for anledningen.<\/p>\n<p>L\u00e5ten som OZworld har laget heter Stim Up, og hvis du er nysgjerrig p\u00e5 \u00e5 h\u00f8re l\u00e5ten, kan du sjekke den ut nedenfor. Den er ogs\u00e5 tilgjengelig p\u00e5 alle musikkplattformer, s\u00e5 hvis du vil legge den til i en egen spilleliste, b\u00f8r du kunne finne den p\u00e5 Apple Music, Spotify, og s\u00e5 videre.<\/p>\n<blockquote class=\"twitter-tweet\" data-theme=\"dark\"><p><a href=\"https:\/\/twitter.com\/PlayApexEsports\/status\/2011204108552945909?ref_src=twsrc%5Etfw\" rel=\"nofollow noopener\" target=\"_blank\"><\/p><\/blockquote>\n<p> <img loading=\"lazy\" decoding=\"async\" id=\"img-1957473-4782873\" data-fullsize=\"\/media\/28\/apexlegendsglobal_4782873b.jpg\" data-lazy=\"\" src=\"https:\/\/www.gamereactor.nohttps:\/\/www.gamereactor.no\/media\/28\/apexlegendsglobal_4782873_650x.jpg\" width=\"650\" onclick=\"if (!window.__cfRLUnblockHandlers) return false; gallery_openmodal('1957473','4782873',false,'815d2ffbdfd14f6a1878d51d1c809a5b');\" height=\"387\" alt=\"Apex Legends\" class=\"rwd_col_content lazy\" data-cf-modified-b23448f28485543a1ef03d58-=\"\"\/><script async src=\"https:\/\/platform.twitter.com\/widgets.js\" charset=\"utf-8\"><\/script><\/p>\n","protected":false},"excerpt":{"rendered":"I morgen markerer den offisielle begynnelsen av Apex Legends Global Series Year 5 Championship, det fremste arrangementet i&hellip;\n","protected":false},"author":2,"featured_media":136927,"comment_status":"","ping_status":"","sticky":false,"template":"","format":"standard","meta":{"footnotes":""},"categories":[57],"tags":[30,28,29,65,63,64,66,70,69,67,68],"class_list":{"0":"post-136926","1":"post","2":"type-post","3":"status-publish","4":"format-standard","5":"has-post-thumbnail","7":"category-vitenskap-og-teknologi","8":"tag-no","9":"tag-norge","10":"tag-norway","11":"tag-science","12":"tag-science-and-technology","13":"tag-scienceandtechnology","14":"tag-technology","15":"tag-teknologi","16":"tag-vitenskap","17":"tag-vitenskap-og-teknologi","18":"tag-vitenskapteknologi"},"share_on_mastodon":{"url":"https:\/\/pubeurope.com\/@no\/115892976623484140","error":""},"_links":{"self":[{"href":"https:\/\/www.europesays.com\/no\/wp-json\/wp\/v2\/posts\/136926","targetHints":{"allow":["GET"]}}],"collection":[{"href":"https:\/\/www.europesays.com\/no\/wp-json\/wp\/v2\/posts"}],"about":[{"href":"https:\/\/www.europesays.com\/no\/wp-json\/wp\/v2\/types\/post"}],"author":[{"embeddable":true,"href":"https:\/\/www.europesays.com\/no\/wp-json\/wp\/v2\/users\/2"}],"replies":[{"embeddable":true,"href":"https:\/\/www.europesays.com\/no\/wp-json\/wp\/v2\/comments?post=136926"}],"version-history":[{"count":0,"href":"https:\/\/www.europesays.com\/no\/wp-json\/wp\/v2\/posts\/136926\/revisions"}],"wp:featuredmedia":[{"embeddable":true,"href":"https:\/\/www.europesays.com\/no\/wp-json\/wp\/v2\/media\/136927"}],"wp:attachment":[{"href":"https:\/\/www.europesays.com\/no\/wp-json\/wp\/v2\/media?parent=136926"}],"wp:term":[{"taxonomy":"category","embeddable":true,"href":"https:\/\/www.europesays.com\/no\/wp-json\/wp\/v2\/categories?post=136926"},{"taxonomy":"post_tag","embeddable":true,"href":"https:\/\/www.europesays.com\/no\/wp-json\/wp\/v2\/tags?post=136926"}],"curies":[{"name":"wp","href":"https:\/\/api.w.org\/{rel}","templated":true}]}}