{"id":136936,"date":"2026-01-14T10:31:25","date_gmt":"2026-01-14T10:31:25","guid":{"rendered":"https:\/\/www.europesays.com\/no\/136936\/"},"modified":"2026-01-14T10:31:25","modified_gmt":"2026-01-14T10:31:25","slug":"fikk-overraskende-beskjed-foles-litt-rart-agderposten-no","status":"publish","type":"post","link":"https:\/\/www.europesays.com\/no\/136936\/","title":{"rendered":"Fikk overraskende beskjed: \u2013 F\u00f8les litt rart &#8211; agderposten.no"},"content":{"rendered":"<ol>\n<li><a href=\"https:\/\/news.google.com\/rss\/articles\/CBMijAFBVV95cUxNcVpUV1JLdzNZSVZnazBWV2haeHlQMkFNTzZXbjdUbDZGdmtkREgzQVZQQVNtWFZMODVvUjFld1Y0eWw0VHgwTFNPUDlhN2JYcnlOemQyLUR2VzNhUHpOMDBHYk9IbE9mcnN2WGpmSlhESktONll4YTFkdmd1cVhtR2ZiUVNxM0VTc05LQQ?oc=5\" target=\"_blank\" rel=\"nofollow noopener\">Fikk overraskende beskjed: \u2013 F\u00f8les litt rart<\/a>&nbsp;&nbsp;agderposten.no<\/li>\n<li><a href=\"https:\/\/news.google.com\/rss\/articles\/CBMia0FVX3lxTE8tWG1NQXIyUGtIWGQtRnEzdnZtcTEtODVLc2REYlY4SnY3VFBZX1laWFlZZjI2VWRCdzBNYjlmOTMzcFIzc3FHSV9wZGJQUnZCQjE4OXF3b1lDX2JPLUhZWm94V3NhVGhjZ2tJ?oc=5\" target=\"_blank\" rel=\"nofollow noopener\">Lokaloppgjer i cupkamp<\/a>&nbsp;&nbsp;Porten.no<\/li>\n<li><a href=\"https:\/\/news.google.com\/rss\/articles\/CBMisAFBVV95cUxNbGVDcC1WRDhyVVp6TXM5d3hZRGtPZXUxNDZqekNRSFl3WGtBN2N1cFJTdng4eHJEZ2RMX0hrMmlRYVJLbUJHX2VVMFZvMWhiU04tbmJPb1M2Y3dacGlyS2YybmJyUnpjRW8tWjNyX2FlYnliQTAxdFVPQ0x0Sk5ZRm5lTl9GMWc3TzZmT25ZTGJfQlBDV0YzbndJVHpfT1YzZk15b1g3ak5YOXV3SGtpbA?oc=5\" target=\"_blank\" rel=\"nofollow noopener\">Nytt oppsett: N\u00e5 skal Flekkefjord og Kvinesdal m\u00f8tes til tellende kamp<\/a>&nbsp;&nbsp;Avisen Agder<\/li>\n<li><a href=\"https:\/\/news.google.com\/rss\/articles\/CBMihgFBVV95cUxNWXJneTBEVnpmQkl1R2VxaE1hdFlORE94YW05SjJ6bExqb1BRSDQ3NHJpNGRoa19uVUdwX29ncUx3UW9GUENnT2loOHlNeUN1a1V5UnNIVER1SkNDa1VIOHFKeGJtNFdWRlVRM2p0cWJOUzdpRWRfa2tiMlg1QVZqTjFBNjhNZw?oc=5\" target=\"_blank\" rel=\"nofollow noopener\">(Abo) Flisa, V\u00e5ler og Kjellmyra f\u00e5r NM-sjanse i 2027<\/a>&nbsp;&nbsp;iSol\u00f8r.no<\/li>\n<li><a href=\"https:\/\/news.google.com\/rss\/articles\/CBMi3wFBVV95cUxNN2RYVUVZeUJobmFHNU53YXAycUtyc24walRaRFJhTlI0SmRLaUJwSDFBMElGQ1UyMFRHeUREV2NVMzgtdWJ6eE52d2hqeHM3bVBLVWRZU25mSllKU3UycFZHbEprT1FtVEVSZTBNWkk5bTJhdGRLRXcwS043OGpZOU91Nlg2NWp1TTRVMllCNmVHNkYxMlV1X2RPNHp2UFFfOTQxM293WWphMjgyZGpsVXBGaU85empGZ2dBMmNNMEs3RnNrakF1WnNQdkt1bld4QWxUbDlWdWttN1hpRzNF?oc=5\" target=\"_blank\" rel=\"nofollow noopener\">Nytt NM-format for menn fra 2026: Slik blir kvalifiseringen i Agder<\/a>&nbsp;&nbsp;Norges Fotballforbund<\/li>\n<\/ol>\n","protected":false},"excerpt":{"rendered":"Fikk overraskende beskjed: \u2013 F\u00f8les litt rart&nbsp;&nbsp;agderposten.no Lokaloppgjer i cupkamp&nbsp;&nbsp;Porten.no Nytt oppsett: N\u00e5 skal Flekkefjord og Kvinesdal m\u00f8tes&hellip;\n","protected":false},"author":2,"featured_media":136937,"comment_status":"","ping_status":"","sticky":false,"template":"","format":"standard","meta":{"footnotes":""},"categories":[59],"tags":[30,28,29,83,82],"class_list":{"0":"post-136936","1":"post","2":"type-post","3":"status-publish","4":"format-standard","5":"has-post-thumbnail","7":"category-sport","8":"tag-no","9":"tag-norge","10":"tag-norway","11":"tag-sport","12":"tag-sports"},"share_on_mastodon":{"url":"https:\/\/pubeurope.com\/@no\/115892996554663342","error":""},"_links":{"self":[{"href":"https:\/\/www.europesays.com\/no\/wp-json\/wp\/v2\/posts\/136936","targetHints":{"allow":["GET"]}}],"collection":[{"href":"https:\/\/www.europesays.com\/no\/wp-json\/wp\/v2\/posts"}],"about":[{"href":"https:\/\/www.europesays.com\/no\/wp-json\/wp\/v2\/types\/post"}],"author":[{"embeddable":true,"href":"https:\/\/www.europesays.com\/no\/wp-json\/wp\/v2\/users\/2"}],"replies":[{"embeddable":true,"href":"https:\/\/www.europesays.com\/no\/wp-json\/wp\/v2\/comments?post=136936"}],"version-history":[{"count":0,"href":"https:\/\/www.europesays.com\/no\/wp-json\/wp\/v2\/posts\/136936\/revisions"}],"wp:featuredmedia":[{"embeddable":true,"href":"https:\/\/www.europesays.com\/no\/wp-json\/wp\/v2\/media\/136937"}],"wp:attachment":[{"href":"https:\/\/www.europesays.com\/no\/wp-json\/wp\/v2\/media?parent=136936"}],"wp:term":[{"taxonomy":"category","embeddable":true,"href":"https:\/\/www.europesays.com\/no\/wp-json\/wp\/v2\/categories?post=136936"},{"taxonomy":"post_tag","embeddable":true,"href":"https:\/\/www.europesays.com\/no\/wp-json\/wp\/v2\/tags?post=136936"}],"curies":[{"name":"wp","href":"https:\/\/api.w.org\/{rel}","templated":true}]}}