{"id":136942,"date":"2026-01-14T10:35:23","date_gmt":"2026-01-14T10:35:23","guid":{"rendered":"https:\/\/www.europesays.com\/no\/136942\/"},"modified":"2026-01-14T10:35:23","modified_gmt":"2026-01-14T10:35:23","slug":"bbc-vil-avvise-trumps-milliardsoksmal-etter-redigert-panorama-innslag","status":"publish","type":"post","link":"https:\/\/www.europesays.com\/no\/136942\/","title":{"rendered":"BBC vil avvise Trumps milliards\u00f8ksm\u00e5l etter redigert Panorama-innslag"},"content":{"rendered":"<p><strong>BBC varsler at kringkasteren vil be en domstol i Florida avvise Donald Trumps s\u00f8ksm\u00e5l p\u00e5 10 milliarder dollar, etter avsl\u00f8ringer om at et Panorama-innslag var redigert slik at det ga inntrykk av at Trump oppfordret til angrep p\u00e5 Kongressen 6. januar 2021.<\/strong><\/p>\n<p><a href=\"https:\/\/www.telegraph.co.uk\/us\/news\/2026\/01\/13\/bbc-seeks-to-dismiss-trump-lawsuit-panorama-edit\/\" rel=\"nofollow noopener\" target=\"_blank\">The Telegraph<\/a> avdekket at klippet var spleiset, og at Trumps oppfordring om \u00e5 marsjere \u00abfredelig\u00bb var utelatt. BBC har beklaget og trukket reportasjen, men har samtidig gjort det klart at selskapet ikke vil betale erstatning.<\/p>\n<p><strong>Anklages for \u00e6reskrenkelse<\/strong><\/p>\n<p>Da kringkasteren avslo krav om kompensasjon, varslet Trump s\u00f8ksm\u00e5l for opptil 5 milliarder dollar per p\u00e5stand. Han anklager BBC for \u00e6rekrenkelse og for brudd p\u00e5 Floridas lov om villedende og urimelig forretningspraksis, og mener innslaget var ment \u00e5 p\u00e5virke valget i 2024.<\/p>\n<p>I sitt tilsvar ber BBC retten avvise saken med henvisning til manglende personlig jurisdiksjon og feil verneting. If\u00f8lge innleverte dokumenter vil BBC ogs\u00e5 hevde at dokumentaren verken ble produsert, sendt eller gjort tilgjengelig i Florida, og at Trumps p\u00e5stand om str\u00f8mming via BritBox i USA er uriktig.<\/p>\n<p><strong>Intern krise i BBC<\/strong><\/p>\n<p>Kringkasteren anf\u00f8rer videre at Trump ikke sannsynliggj\u00f8r \u00abfaktisk ond vilje\u00bb, et krav offentlige personer m\u00e5 oppfylle for \u00e5 vinne \u00e6rekrenkelsessaker i USA. BBC ber samtidig om \u00e5 stanse bevisinnhentingen inntil retten har avgjort avvisningsbegj\u00e6ringen. Dersom saken fortsetter, er 2027 foresl\u00e5tt som mulig rettstidspunkt.<\/p>\n<p>Avsl\u00f8ringene utl\u00f8ste en intern krise i BBC, som endte med at to toppledere trakk seg. Trump reagerer kraftig og skriver p\u00e5 Truth Social: <br \/>\u2013 Takk til The Telegraph for \u00e5 avsl\u00f8re disse korrupte journalistene som fors\u00f8ker \u00e5 tippe vektsk\u00e5len i et presidentvalg, og legger til at han mener saken er skadelig for demokratiet.<\/p>\n","protected":false},"excerpt":{"rendered":"BBC varsler at kringkasteren vil be en domstol i Florida avvise Donald Trumps s\u00f8ksm\u00e5l p\u00e5 10 milliarder dollar,&hellip;\n","protected":false},"author":2,"featured_media":80156,"comment_status":"","ping_status":"","sticky":false,"template":"","format":"standard","meta":{"footnotes":""},"categories":[12],"tags":[154,20,21,55,24,25,15,22,23,13,30,28,29,14,16,15680,26,27,42,43,44,45],"class_list":{"0":"post-136942","1":"post","2":"type-post","3":"status-publish","4":"format-standard","5":"has-post-thumbnail","7":"category-verden","8":"tag-bbc","9":"tag-breaking-news","10":"tag-breakingnews","11":"tag-donald-trump","12":"tag-featured-news","13":"tag-featurednews","14":"tag-headlines","15":"tag-latest-news","16":"tag-latestnews","17":"tag-news","18":"tag-no","19":"tag-norge","20":"tag-norway","21":"tag-nyheter","22":"tag-overskrifter","23":"tag-saksmal","24":"tag-top-stories","25":"tag-topstories","26":"tag-verden","27":"tag-world","28":"tag-world-news","29":"tag-worldnews"},"share_on_mastodon":{"url":"https:\/\/pubeurope.com\/@no\/115893011987263331","error":""},"_links":{"self":[{"href":"https:\/\/www.europesays.com\/no\/wp-json\/wp\/v2\/posts\/136942","targetHints":{"allow":["GET"]}}],"collection":[{"href":"https:\/\/www.europesays.com\/no\/wp-json\/wp\/v2\/posts"}],"about":[{"href":"https:\/\/www.europesays.com\/no\/wp-json\/wp\/v2\/types\/post"}],"author":[{"embeddable":true,"href":"https:\/\/www.europesays.com\/no\/wp-json\/wp\/v2\/users\/2"}],"replies":[{"embeddable":true,"href":"https:\/\/www.europesays.com\/no\/wp-json\/wp\/v2\/comments?post=136942"}],"version-history":[{"count":0,"href":"https:\/\/www.europesays.com\/no\/wp-json\/wp\/v2\/posts\/136942\/revisions"}],"wp:featuredmedia":[{"embeddable":true,"href":"https:\/\/www.europesays.com\/no\/wp-json\/wp\/v2\/media\/80156"}],"wp:attachment":[{"href":"https:\/\/www.europesays.com\/no\/wp-json\/wp\/v2\/media?parent=136942"}],"wp:term":[{"taxonomy":"category","embeddable":true,"href":"https:\/\/www.europesays.com\/no\/wp-json\/wp\/v2\/categories?post=136942"},{"taxonomy":"post_tag","embeddable":true,"href":"https:\/\/www.europesays.com\/no\/wp-json\/wp\/v2\/tags?post=136942"}],"curies":[{"name":"wp","href":"https:\/\/api.w.org\/{rel}","templated":true}]}}