{"id":136947,"date":"2026-01-14T10:38:53","date_gmt":"2026-01-14T10:38:53","guid":{"rendered":"https:\/\/www.europesays.com\/no\/136947\/"},"modified":"2026-01-14T10:38:53","modified_gmt":"2026-01-14T10:38:53","slug":"solgt-til-amerikansk-klubb-brann","status":"publish","type":"post","link":"https:\/\/www.europesays.com\/no\/136947\/","title":{"rendered":"Solgt til amerikansk klubb \/ Brann"},"content":{"rendered":"<p>\u2013\u00a0Jeg er veldig glad og stolt over tiden min i Brann. Det har v\u00e6rt en fantastisk reise, og jeg er virkelig takknemlig for \u00e5 ha v\u00e6rt en del av den. Det er vemodig \u00e5 forlate klubben, men jeg f\u00f8ler at dette skiftet er en spennende mulighet for meg. S\u00e5 det er med t\u00e5rer i \u00f8ynene og et smil jeg sier farvel, sier Japhet Sery Larsen til Brann.no.\u00a0<\/p>\n<p>Da Brann satte kursen for Marbella og \u00e5rets f\u00f8rste treningsleir var det uten Sery Larsen. Dansken hadde da f\u00e5tt lov til \u00e5 reise til USA for \u00e5 fullf\u00f8re overgangen.\u00a0<\/p>\n<p>Til Brann to ganger<\/p>\n<p>Sommeren 2021 ble Branns supportere f\u00f8rst kjent med den dansken, da han kom til klubben fra Branns neste motstander i Europa League &#8211; FC Midtjylland.\u00a0<\/p>\n<p data-end=\"599\" data-start=\"356\">\u2013 Jeg er virkelig imponert over reisen klubben og byen har tatt. Det er en helt annen klubb n\u00e5 enn da jeg kom for f\u00f8rste gang sommeren 2021. Det er ekstremt mange mennesker som har jobbet veldig hardt for \u00e5 f\u00e5 det til, og jeg unner dem alle det, sier Sery Larsen.\u00a0<\/p>\n<p data-end=\"599\" data-start=\"356\">For Brann klarte ikke \u00e5 redde plassen i Eliteserien i 2021 og m\u00e5tte ta den tunge turen ned i OBOS-ligaen. Sery Larsen ble solgt til Bod\u00f8\/Glimt, men da Brann rykket opp igjen \u00e5ret etter hentet man Sery Larsen hem igjen. Siden har han v\u00e6rt en viktig brikke i Branns cupgull, to s\u00f8lvmedaljer i serien og kvalifiseringen til Europa League.\u00a0<\/p>\n<p data-end=\"599\" data-start=\"356\">\u2013 Til byen og alle supporterne vil jeg av hele mitt hjerte si takk. M\u00e5ten de har f\u00e5tt meg til \u00e5 f\u00f8le meg velkommen p\u00e5 fra dag \u00e9n, er ubeskrivelig. Uansett hvordan eller hvor i verden vi har spilt, har de stilt opp. Brann er en klubb med et enormt potensial, og jeg h\u00e5per av hele mitt hjerte at de snart kan feire et seriemesterskap. P\u00e5 gjensyn, avslutter Sery Larsen.\u00a0<\/p>\n<p data-end=\"599\" data-start=\"356\">P\u00e5 sine to perioder i Brann fikk dansken notert seg for 98 kamper og fire scoringer. Best i minneboken for de fleste er nok utligningen foran et ellevilt Stadion-publikum mot AZ Alkmaar i 2023.\u00a0<\/p>\n<p data-end=\"599\" data-start=\"356\">\u2013 Japhet har v\u00e6rt en viktig spiller for oss gjennom flere \u00e5r, og han har hatt viktige bidrag de siste sesongene. N\u00e5 \u00f8nsket han \u00e5 pr\u00f8ve seg i et nytt land, og vi fikk et bud vi kunne akseptere. Vi har flere unge spennende spillere i hans posisjon, og vi takker Japhet s\u00e5 mye for innsatsen og \u00f8nsker han masse lykke til videre, sier sportslig leder i Brann, Per-Ove Ludvigsen.\u00a0<\/p>\n<p data-end=\"599\" data-start=\"356\">Brann er for tiden i Marbella for \u00e5 forberede seg p\u00e5 de kommende kampene i Europa League mot FC Midtjylland og Sturm Graz.\u00a0<\/p>\n<p data-end=\"599\" data-start=\"356\">F\u00f8rstkommende fredag, klokken 16.00, m\u00f8ter Brann Slavia Praha p\u00e5 Marbella Football Center og kampen sendes hos Bergens Tidende.<\/p>\n","protected":false},"excerpt":{"rendered":"\u2013\u00a0Jeg er veldig glad og stolt over tiden min i Brann. Det har v\u00e6rt en fantastisk reise, og&hellip;\n","protected":false},"author":2,"featured_media":136948,"comment_status":"","ping_status":"","sticky":false,"template":"","format":"standard","meta":{"footnotes":""},"categories":[59],"tags":[30,28,29,83,82],"class_list":{"0":"post-136947","1":"post","2":"type-post","3":"status-publish","4":"format-standard","5":"has-post-thumbnail","7":"category-sport","8":"tag-no","9":"tag-norge","10":"tag-norway","11":"tag-sport","12":"tag-sports"},"share_on_mastodon":{"url":"https:\/\/pubeurope.com\/@no\/115893027721896075","error":""},"_links":{"self":[{"href":"https:\/\/www.europesays.com\/no\/wp-json\/wp\/v2\/posts\/136947","targetHints":{"allow":["GET"]}}],"collection":[{"href":"https:\/\/www.europesays.com\/no\/wp-json\/wp\/v2\/posts"}],"about":[{"href":"https:\/\/www.europesays.com\/no\/wp-json\/wp\/v2\/types\/post"}],"author":[{"embeddable":true,"href":"https:\/\/www.europesays.com\/no\/wp-json\/wp\/v2\/users\/2"}],"replies":[{"embeddable":true,"href":"https:\/\/www.europesays.com\/no\/wp-json\/wp\/v2\/comments?post=136947"}],"version-history":[{"count":0,"href":"https:\/\/www.europesays.com\/no\/wp-json\/wp\/v2\/posts\/136947\/revisions"}],"wp:featuredmedia":[{"embeddable":true,"href":"https:\/\/www.europesays.com\/no\/wp-json\/wp\/v2\/media\/136948"}],"wp:attachment":[{"href":"https:\/\/www.europesays.com\/no\/wp-json\/wp\/v2\/media?parent=136947"}],"wp:term":[{"taxonomy":"category","embeddable":true,"href":"https:\/\/www.europesays.com\/no\/wp-json\/wp\/v2\/categories?post=136947"},{"taxonomy":"post_tag","embeddable":true,"href":"https:\/\/www.europesays.com\/no\/wp-json\/wp\/v2\/tags?post=136947"}],"curies":[{"name":"wp","href":"https:\/\/api.w.org\/{rel}","templated":true}]}}