{"id":136957,"date":"2026-01-14T10:45:09","date_gmt":"2026-01-14T10:45:09","guid":{"rendered":"https:\/\/www.europesays.com\/no\/136957\/"},"modified":"2026-01-14T10:45:09","modified_gmt":"2026-01-14T10:45:09","slug":"regjeringen-sier-nei-til-kontrollkomiteen-vil-ikke-utlevere-telenor-dokumenter","status":"publish","type":"post","link":"https:\/\/www.europesays.com\/no\/136957\/","title":{"rendered":"Regjeringen sier nei til kontrollkomiteen: Vil ikke utlevere Telenor-dokumenter"},"content":{"rendered":"\n<p class=\"_lead_o9xde_2 _lead_xtcu6_50 layout-component text-serif-m layout-normal text-serif-l layout-component layout-wide layout-padded _wide_17hqh_1 layout-padded\">Regjeringen har nok en gang avvist kontroll\u00adkomiteens krav om \u00e5 f\u00e5 utlevert dokumenter om dialogen med Telenor da selskapet solgte seg ut av Myanmar. <\/p>\n<p><img alt=\"N\u00e6ringsminister Cecilie Myrseth, her sammen med statsminister Jonas Gahr St\u00f8re.  Foto: G\u00f8ran Bohlin \/ VG\" class=\"_image_qp4xg_65 layout-component layout-wide\" data-fullscreen- data-track-element-type=\"Article image fullscreen\" data-track-name=\"ImageFullscreen\" fetchpriority=\"high\" decoding=\"sync\" loading=\"eager\" height=\"5504\" itemprop=\"image\"  src=\"https:\/\/www.europesays.com\/no\/wp-content\/uploads\/2026\/01\/9bfba352-08a2-45ab-ae1f-e2f5f1849bb0.jpeg\"  style=\"object-position:0% 0%\" width=\"8256\"\/>N\u00e6ringsminister Cecilie Myrseth, her sammen med statsminister Jonas Gahr St\u00f8re.  Foto: G\u00f8ran Bohlin \/ VG<\/p>\n<ul aria-hidden=\"true\" class=\"_images_ntbth_112\">\n<li><a class=\"_link_ntbth_117\" href=\"https:\/\/www.vg.no\/forfatter\/martha-holmes\" style=\"z-index:2\" title=\"Martha C. S. D\u00edaz\" rel=\"nofollow noopener\" target=\"_blank\"><img alt=\"Bilde av Martha C. S. D\u00edaz\" class=\"_image_ntbth_93\" fetchpriority=\"low\" loading=\"lazy\" decoding=\"async\" itemprop=\"image\"  src=\"https:\/\/www.europesays.com\/no\/wp-content\/uploads\/2026\/01\/1768387508_863_7217e3e9-d2a7-47b8-811c-1e4a0faf868b.jpeg\"  width=\"480\"\/><\/a><\/li>\n<li><a class=\"_link_ntbth_117\" href=\"https:\/\/www.vg.no\/forfatter\/alf-bjarne-johnsen\" style=\"z-index:1\" title=\"Alf Bjarne Johnsen\" rel=\"nofollow noopener\" target=\"_blank\"><img alt=\"Bilde av Alf Bjarne Johnsen\" class=\"_image_ntbth_93\" fetchpriority=\"low\" loading=\"lazy\" decoding=\"async\" itemprop=\"image\"  src=\"https:\/\/www.europesays.com\/no\/wp-content\/uploads\/2026\/01\/1768387508_806_a8952b63-f4d3-424e-ab5c-93e67076c9b0.jpeg\"  width=\"480\"\/><\/a><\/li>\n<\/ul>\n<p> Oppdatert onsdag 14. januar kl. 11:06    <\/p>\n<ul class=\"_list_o9xde_3 _list_64s2r_85 _unordered_o9xde_106 text-sans-m\">\n<li class=\"_item_o9xde_30\">Regjeringen nekter igjen \u00e5 utlevere dokumenter om Telenors salg i Myanmar til kontrollkomiteen. <\/li>\n<li class=\"_item_o9xde_30\">Kontrollkomit\u00e9leder Per-Willy Amundsen kaller avgj\u00f8relsen \u00aboverraskende arrogant\u00bb, og mener regjeringen ikke har gode grunner.<\/li>\n<li class=\"_item_o9xde_30\">N\u00e6ringsminister Cecilie Myrseth mener utlevering vil skade tillitsdialogen med Telenor.<\/li>\n<li class=\"_item_o9xde_30\">Kontrollkomiteen har vedtatt \u00e5 holde en \u00e5pen h\u00f8ring for \u00e5 f\u00e5 svar.<\/li>\n<\/ul>\n<p>Vis mer <\/p>\n<p class=\"_paragraph_o9xde_4 _paragraph_xtcu6_10 layout-component text-serif-m layout-normal text-serif-m layout-padded\">\u2013 Det er overraskende arrogant. Jeg m\u00e5 si at jeg blir nesten overrasket over at man \u00f8nsker \u00e5 beskytte disse dokumentene s\u00e5 til de grader, sier kontrollkomit\u00e9leder Per-Willy Amundsen (Frp) til VG. <\/p>\n<p class=\"_paragraph_o9xde_4 _paragraph_xtcu6_10 layout-component text-serif-m layout-normal text-serif-m layout-padded\">Regjeringen har to ganger tidligere <a href=\"https:\/\/www.vg.no\/nyheter\/i\/wr6yO4\/stoere-sier-nei-stortinget-faar-ikke-innsyn-i-telenor-papirer\" data-track-element-type=\"Link\" data-track-id=\"link:wr6yO4\" class=\"_link_o9xde_39\" rel=\"nofollow noopener\" target=\"_blank\">sagt bestemt nei<\/a> til \u00e5 utlevere interne dokumenter om dialogen med Telenor da selskapet solgte seg ut av <a href=\"https:\/\/www.vg.no\/tag\/myanmar?utm_source=vg-article&amp;utm_medium=auto-tagger&amp;utm_campaign=5p6jW1\" class=\"_link_o9xde_39\" rel=\"nofollow noopener\" target=\"_blank\">Myanmar<\/a>. <\/p>\n<p class=\"_paragraph_o9xde_4 _paragraph_xtcu6_10 layout-component text-serif-m layout-normal text-serif-m layout-padded\">Kontrollkomiteen har stilt en rekke sp\u00f8rsm\u00e5l om hva slags kommunikasjon regjeringen ved N\u00e6ringsdepartementet og Utenriksdepartementet hadde med Telenor <a href=\"https:\/\/www.vg.no\/nyheter\/i\/dR36zj\/nrk-telenor-delte-persondata-med-militaerjuntaen-i-myanmar\" data-track-element-type=\"Link\" data-track-id=\"link:dR36zj\" class=\"_link_o9xde_39\" rel=\"nofollow noopener\" target=\"_blank\">da selskapet trakk seg ut av Myanmar.<\/a><\/p>\n<p class=\"_paragraph_o9xde_4 _paragraph_xtcu6_10 layout-component text-serif-m layout-normal text-serif-m layout-padded\"><strong class=\"_strong_o9xde_25\">Se hva som var \u00e5rsaken til kuppet tilbake i 2021:<\/strong><\/p>\n<p class=\"_paragraph_o9xde_4 _paragraph_xtcu6_10 layout-component text-serif-m layout-normal text-serif-m layout-padded\">If\u00f8lge avsl\u00f8ringer i blant annet NRK, ga Telenor milit\u00e6rjuntaen i Myanmar tilgang til sensitive persondata og mulighet til \u00e5 lytte inn i telefonsamtaler, lenge etter kuppet i 2021.<\/p>\n<p class=\"_paragraph_o9xde_4 _paragraph_xtcu6_10 layout-component text-serif-m layout-normal text-serif-m layout-padded\">I sitt siste brev til n\u00e6ringsminister Cecilie Myrseth stilte kontrollkomiteen rekke sp\u00f8rsm\u00e5l, og ba igjen om \u00e5 f\u00e5 utlevert dokumentene. <\/p>\n<p>Myrseth: Vanskelig<\/p>\n<p class=\"_paragraph_o9xde_4 _paragraph_xtcu6_10 layout-component text-serif-m layout-normal text-serif-m layout-padded\">I svaret til kontrollkomiteen g\u00e5r Myrseth gjennom hvilke m\u00f8ter regjeringen hadde med Telenor, og gj\u00f8r rede for noen av vurderingene som ble gjort. Men hun vil ikke utlevere dokumentene i saken. Det begrunner hun med at det vil gj\u00f8re eierskapsdialogen med Telenor vanskelig: <\/p>\n<p class=\"_paragraph_o9xde_4 _paragraph_xtcu6_10 layout-component text-serif-m layout-normal text-serif-m layout-padded\">\u00abDersom det ville m\u00e5tte p\u00e5regnes at den konkrete eierdialogen ville m\u00e5tte oversendes kontroll- og konstitusjonskomiteen, vil det som jeg har gitt uttrykk for i mitt brev til komiteen datert 3. desember, v\u00e6re vanskelig \u00e5 oppfatte dialogen som \u00e5pen og tillitsfull. En slik praksis vil dermed kunne uthule eierdialogen og statens mulighet til \u00e5 v\u00e6re en aktiv og utfordrende eier\u00bb. <\/p>\n<p class=\"_paragraph_o9xde_4 _paragraph_xtcu6_10 layout-component text-serif-m layout-normal text-serif-m layout-padded\">Hun skriver at regjeringens vurdering er at parlamentarisk kontroll ivaretas ved at sp\u00f8rsm\u00e5l<br \/>fra komiteen om eierdialogen besvares grundig i brev til komiteen og i eventuelle h\u00f8ringer, samtidig som RiksrevisjonenRiksrevisjonenStortinget eget uavhengige kontrollorgan har mulighet til \u00e5 g\u00e5 gjennom regjeringens dokumenter knyttet til eierdialogen.<\/p>\n<p>\u2013 Holder ikke<\/p>\n<p class=\"_paragraph_o9xde_4 _paragraph_xtcu6_10 layout-component text-serif-m layout-normal text-serif-m layout-padded\">Amundsen fnyser av svaret: <\/p>\n<p class=\"_paragraph_o9xde_4 _paragraph_xtcu6_10 layout-component text-serif-m layout-normal text-serif-m layout-padded\">\u2013 Det holder ikke. Vi i komiteen og Stortinget har p\u00e5 en rekke omr\u00e5der innsyn i ting som er unntatt offentlighet. Dette er bare unntatt offentlighet, det er ikke engang gradert informasjon \u2013 s\u00e5 bruke eierskapslovgivningen som argumentasjon holder ikke vann, mener han. <\/p>\n<p><img alt=\"Per-Willy Amundsen er ikke forn\u00f8yd med svaret fra Myrseth  Foto: Terje Pedersen \/ NTB\" class=\"_image_qp4xg_65 layout-component layout-normal\" data-fullscreen- data-track-element-type=\"Article image fullscreen\" data-track-name=\"ImageFullscreen\" decoding=\"async\" loading=\"lazy\" height=\"3884\" itemprop=\"image\"  src=\"https:\/\/www.europesays.com\/no\/wp-content\/uploads\/2026\/01\/7073c267-22f6-4d43-97b4-a21bac703b83.jpeg\"  style=\"object-position:0% 0%\" width=\"5826\"\/>Per-Willy Amundsen er ikke forn\u00f8yd med svaret fra Myrseth  Foto: Terje Pedersen \/ NTB<\/p>\n<p class=\"_paragraph_o9xde_4 _paragraph_xtcu6_10 layout-component text-serif-m layout-normal text-serif-m layout-padded\">Han sier hemmeligholdet bidrar til \u00e5 skape mistenksomhet rundt saken. <\/p>\n<p class=\"_paragraph_o9xde_4 _paragraph_xtcu6_10 layout-component text-serif-m layout-normal text-serif-m layout-padded\">\u2013 Det er alvorlig, og det understreker viktigheten av at vi m\u00e5 reise en kontrollsak \u2013 som vi har vedtatt at vi skal gj\u00f8re. Det kan se ut som en h\u00f8ring er den eneste m\u00e5ten vi kan f\u00e5 svar p\u00e5. <\/p>\n<p class=\"_paragraph_o9xde_4 _paragraph_xtcu6_10 layout-component text-serif-m layout-normal text-serif-m layout-padded\">Kontrollkomiteen har vedtatt at det skal holes en \u00e5pen h\u00f8ring i saken, men tidspunktet er ikke avklart enda. <\/p>\n","protected":false},"excerpt":{"rendered":"Regjeringen har nok en gang avvist kontroll\u00adkomiteens krav om \u00e5 f\u00e5 utlevert dokumenter om dialogen med Telenor da&hellip;\n","protected":false},"author":2,"featured_media":136958,"comment_status":"","ping_status":"","sticky":false,"template":"","format":"standard","meta":{"footnotes":""},"categories":[5],"tags":[20,21,1746,24,25,15,19,12441,22,23,17,18,2626,13,30,28,281,29,14,16,1418,26,27,205],"class_list":{"0":"post-136957","1":"post","2":"type-post","3":"status-publish","4":"format-standard","5":"has-post-thumbnail","7":"category-overskrifter","8":"tag-breaking-news","9":"tag-breakingnews","10":"tag-cecilie-myrseth","11":"tag-featured-news","12":"tag-featurednews","13":"tag-headlines","14":"tag-hovedoppslag","15":"tag-kontroll-og-konstitusjonskomiteen","16":"tag-latest-news","17":"tag-latestnews","18":"tag-main-news","19":"tag-mainnews","20":"tag-myanmar","21":"tag-news","22":"tag-no","23":"tag-norge","24":"tag-norsk-politikk","25":"tag-norway","26":"tag-nyheter","27":"tag-overskrifter","28":"tag-telenor","29":"tag-top-stories","30":"tag-topstories","31":"tag-vgsamfunn"},"share_on_mastodon":{"url":"https:\/\/pubeurope.com\/@no\/115893051390206375","error":""},"_links":{"self":[{"href":"https:\/\/www.europesays.com\/no\/wp-json\/wp\/v2\/posts\/136957","targetHints":{"allow":["GET"]}}],"collection":[{"href":"https:\/\/www.europesays.com\/no\/wp-json\/wp\/v2\/posts"}],"about":[{"href":"https:\/\/www.europesays.com\/no\/wp-json\/wp\/v2\/types\/post"}],"author":[{"embeddable":true,"href":"https:\/\/www.europesays.com\/no\/wp-json\/wp\/v2\/users\/2"}],"replies":[{"embeddable":true,"href":"https:\/\/www.europesays.com\/no\/wp-json\/wp\/v2\/comments?post=136957"}],"version-history":[{"count":0,"href":"https:\/\/www.europesays.com\/no\/wp-json\/wp\/v2\/posts\/136957\/revisions"}],"wp:featuredmedia":[{"embeddable":true,"href":"https:\/\/www.europesays.com\/no\/wp-json\/wp\/v2\/media\/136958"}],"wp:attachment":[{"href":"https:\/\/www.europesays.com\/no\/wp-json\/wp\/v2\/media?parent=136957"}],"wp:term":[{"taxonomy":"category","embeddable":true,"href":"https:\/\/www.europesays.com\/no\/wp-json\/wp\/v2\/categories?post=136957"},{"taxonomy":"post_tag","embeddable":true,"href":"https:\/\/www.europesays.com\/no\/wp-json\/wp\/v2\/tags?post=136957"}],"curies":[{"name":"wp","href":"https:\/\/api.w.org\/{rel}","templated":true}]}}