{"id":136959,"date":"2026-01-14T10:46:06","date_gmt":"2026-01-14T10:46:06","guid":{"rendered":"https:\/\/www.europesays.com\/no\/136959\/"},"modified":"2026-01-14T10:46:06","modified_gmt":"2026-01-14T10:46:06","slug":"petter-northug-tilbake-pa-start-nrk-sport-sportsnyheter-resultater-og-sendeplan","status":"publish","type":"post","link":"https:\/\/www.europesays.com\/no\/136959\/","title":{"rendered":"Petter Northug tilbake p\u00e5 start \u2013 NRK Sport \u2013 Sportsnyheter, resultater og sendeplan"},"content":{"rendered":"<p>Petter Northug har rukket \u00e5 bli 40 \u00e5r gammel. Det hindret han ikke fra \u00e5 ta p\u00e5 seg skidressen og stille til start p\u00e5 sprinten i \u00e5rets NM.<\/p>\n<p>Veteranen la opp som skil\u00f8per p\u00e5 toppniv\u00e5 i 2018.<\/p>\n<p>Han er selv klar p\u00e5 at han merker at han har blitt eldre.<\/p>\n<p>\u2013 Det merkers. Oppvarmingen er tung og seig og det er lite fartsressurser igjen. S\u00e5 jeg m\u00e5 v\u00e6re p\u00e5 hugget i starten for jeg taper nok mye de f\u00f8rst 100\u2013200 meterne, analyserte han til NRK f\u00f8r start.<\/p>\n<p><img decoding=\"async\"   src=\"data:image\/gif;base64,R0lGODlhAQABAIAAAAAAAP\/\/\/yH5BAEAAAAALAAAAAABAAEAAAIBRAA7\" loading=\"eager\" alt=\"undefined (Bildebeskrivelsen er laget av en KI-tjeneste)\" title=\"Foto: Lise \u00c5serud \/ NTB\"\/><\/p>\n<p class=\"\">JOBBET P\u00c5: Kroppen til Northug f\u00f8ltes ikke like lett som for ti \u00e5r siden.<\/p>\n<p>Foto: Lise \u00c5serud \/ NTB<\/p>\n<p>Og det s\u00e5 ut til at det gamle skiesset s\u00e5 lenge ut til \u00e5 ta seg videre fra prologen.<\/p>\n<p><strong>\u2013 For en j\u00e6vla idiot jeg er som melder meg p\u00e5 tenkte jeg etter 150 meter, sier en andpusten Northug til NRK etter endt prolog. <\/strong><\/p>\n<p>Men det holdt ikke til avansement. F\u00f8r alle l\u00f8pere er i m\u00e5l har Northug misset ut p\u00e5 avansement med fem hundredeler.<\/p>\n<p>\u2013 Jeg mente han kom til \u00e5 bli en statist. Det gjorde han ikke. Jeg er imponert over Petter. Fremfor alt det han klarer \u00e5 ta ut, n\u00e5r man vet at han ikke er p\u00e5 et h\u00f8yt niv\u00e5 lenger. Det er kult \u00e5 se. Det er det som inspirerer de unge, sa NRK-ekspert P\u00e5l Golberg etter Northugs leveranse.<\/p>\n<p>Northug deltok ogs\u00e5 i NM i fjor. Da kjeftet han p\u00e5 juniorene underveis i 10-kilometeren.<\/p>\n<p>Tenker p\u00e5 OL<\/p>\n<p>Men det er ikke n\u00f8dvendigvis medaljer som er det som st\u00e5r i hodet p\u00e5 ut\u00f8verne som er p\u00e5 plass i Tr\u00f8ndelag.<\/p>\n<p>For herrene gjenst\u00e5r det to \u00e5pne OL-plasser.<\/p>\n<p>\u2013 Jeg er nerv\u00f8s fordi jeg m\u00e5 prestere hvis jeg vil til OL. Jeg har f\u00e5tt lite signaler og det burde ikke bli straffet for \u00e5 g\u00e5 alle skirennene jeg kan g\u00e5, sa Ansgar Evensen til NRK f\u00f8r start.<\/p>\n<p><img decoding=\"async\"   src=\"data:image\/gif;base64,R0lGODlhAQABAIAAAAAAAP\/\/\/yH5BAEAAAAALAAAAAABAAEAAAIBRAA7\" loading=\"eager\" alt=\"Ansgar Evensen g\u00e5r i m\u00e5l\" title=\"Foto: Lise \u00c5serud \/ NTB\"\/><\/p>\n<p class=\"\">KJEMPER: Evensen er klar p\u00e5 at OL tar opp mye av tankene hans. <\/p>\n<p>Foto: Lise \u00c5serud \/ NTB<\/p>\n<p>\u2013 Man har litt vondt i hodet og f\u00f8ler seg kvalm, fortsetter han.<\/p>\n<p>Evensen leverte en meget sterk prolog onsdag.<\/p>\n<p>I forkant av NM har det v\u00e6rt murring rundt OL-uttaket. Flere har reagert kraftig p\u00e5 at Emil Iversen ikke har f\u00e5tt plass til lekene. Iversen stiller ikke til start i NM.<\/p>\n<p>Monsen holder fortsatt kortene tett til brystet hva gjelder de siste OL-billettene.<\/p>\n<p>\u2013 Er det to sprintere som skal med, eller en distansel\u00f8per?<\/p>\n<p>\u2013 Nei, det detter lite ut av meg. Vi vurderer selvf\u00f8lgelig begge alternativer. Og s\u00e5 f\u00e5r vi se, men n\u00e5 har vi sagt at vi skal holde oss til det at det kommer ikke noe klart svar i dag. Vi skal kj\u00f8re NM, og s\u00e5 blir det landa helt offisielt p\u00e5 tirsdag i hvert fall, sier Monsen til NRK i Steinkjer onsdag.<\/p>\n<p>Petter Northug var p\u00e5 sin side kritisk til prosessen da NRK spurte ham om OL-uttaket.<\/p>\n<p>\u2013 Kommunikasjonen er d\u00e5rlig. Jeg savner at man snakker tydeligere om retningslinjer og \u00e5pent om hvordan man gj\u00f8r det. Det er flere som kjenner p\u00e5 frustrasjon vet jeg, sa han til NRK.<\/p>\n<p>Publisert<\/p>\n<p>14.01.2026, kl. 11.13<\/p>\n<p>Oppdatert<\/p>\n<p>14.01.2026, kl. 11.24<\/p>\n","protected":false},"excerpt":{"rendered":"Petter Northug har rukket \u00e5 bli 40 \u00e5r gammel. Det hindret han ikke fra \u00e5 ta p\u00e5 seg&hellip;\n","protected":false},"author":2,"featured_media":136960,"comment_status":"","ping_status":"","sticky":false,"template":"","format":"standard","meta":{"footnotes":""},"categories":[59],"tags":[30,28,29,83,82],"class_list":{"0":"post-136959","1":"post","2":"type-post","3":"status-publish","4":"format-standard","5":"has-post-thumbnail","7":"category-sport","8":"tag-no","9":"tag-norge","10":"tag-norway","11":"tag-sport","12":"tag-sports"},"share_on_mastodon":{"url":"https:\/\/pubeurope.com\/@no\/115893055330528923","error":""},"_links":{"self":[{"href":"https:\/\/www.europesays.com\/no\/wp-json\/wp\/v2\/posts\/136959","targetHints":{"allow":["GET"]}}],"collection":[{"href":"https:\/\/www.europesays.com\/no\/wp-json\/wp\/v2\/posts"}],"about":[{"href":"https:\/\/www.europesays.com\/no\/wp-json\/wp\/v2\/types\/post"}],"author":[{"embeddable":true,"href":"https:\/\/www.europesays.com\/no\/wp-json\/wp\/v2\/users\/2"}],"replies":[{"embeddable":true,"href":"https:\/\/www.europesays.com\/no\/wp-json\/wp\/v2\/comments?post=136959"}],"version-history":[{"count":0,"href":"https:\/\/www.europesays.com\/no\/wp-json\/wp\/v2\/posts\/136959\/revisions"}],"wp:featuredmedia":[{"embeddable":true,"href":"https:\/\/www.europesays.com\/no\/wp-json\/wp\/v2\/media\/136960"}],"wp:attachment":[{"href":"https:\/\/www.europesays.com\/no\/wp-json\/wp\/v2\/media?parent=136959"}],"wp:term":[{"taxonomy":"category","embeddable":true,"href":"https:\/\/www.europesays.com\/no\/wp-json\/wp\/v2\/categories?post=136959"},{"taxonomy":"post_tag","embeddable":true,"href":"https:\/\/www.europesays.com\/no\/wp-json\/wp\/v2\/tags?post=136959"}],"curies":[{"name":"wp","href":"https:\/\/api.w.org\/{rel}","templated":true}]}}