{"id":136983,"date":"2026-01-14T11:05:04","date_gmt":"2026-01-14T11:05:04","guid":{"rendered":"https:\/\/www.europesays.com\/no\/136983\/"},"modified":"2026-01-14T11:05:04","modified_gmt":"2026-01-14T11:05:04","slug":"over-2500-dode-under-protestene-i-iran-ifolge-menneskerettsgruppe","status":"publish","type":"post","link":"https:\/\/www.europesays.com\/no\/136983\/","title":{"rendered":"Over 2500 d\u00f8de under protestene i Iran, if\u00f8lge menneskerettsgruppe"},"content":{"rendered":"\n<p class=\"_lead_o9xde_2 _lead_xtcu6_50 layout-component text-serif-m layout-normal text-serif-l layout-component layout-wide layout-padded _wide_17hqh_1 layout-padded\">Menneskerettsgruppen HRANA har oppjustert tallet p\u00e5 d\u00f8de i forbindelse med demonstrasjonene i Iran til minst 2571.<\/p>\n<p><img alt=\"Tallet p\u00e5 d\u00f8de under demonstrasjonene i Iran fortsetter \u00e5 stige og har passert 2500, if\u00f8lge den USA-baserte menneskerettsgruppen HRANA. Associated Press har f\u00e5tt tak i dette bildet og flere andre som er tatt under demonstrasjonene i hovedstaden Teheran.  Foto: Brukergenerert innhold via AP \/ NTB\" class=\"_image_qp4xg_65 layout-component layout-wide\" data-fullscreen- data-track-element-type=\"Article image fullscreen\" data-track-name=\"ImageFullscreen\" fetchpriority=\"high\" decoding=\"sync\" loading=\"eager\" height=\"3811\" itemprop=\"image\"  src=\"https:\/\/www.europesays.com\/no\/wp-content\/uploads\/2026\/01\/db167c97-90ba-4590-8a84-77107178f051.jpeg\"  style=\"object-position:0% 0%\" width=\"5712\"\/>Tallet p\u00e5 d\u00f8de under demonstrasjonene i Iran fortsetter \u00e5 stige og har passert 2500, if\u00f8lge den USA-baserte menneskerettsgruppen HRANA. Associated Press har f\u00e5tt tak i dette bildet og flere andre som er tatt under demonstrasjonene i hovedstaden Teheran.  Foto: Brukergenerert innhold via AP \/ NTB<\/p>\n<ul aria-hidden=\"true\" class=\"_images_ntbth_112\">\n<li><a class=\"_link_ntbth_117\" href=\"https:\/\/www.vg.no\/forfatter\/ntb\" style=\"z-index:1\" title=\"NTB\" rel=\"nofollow noopener\" target=\"_blank\"><img alt=\"Bilde av NTB\" class=\"_image_ntbth_93\" fetchpriority=\"low\" loading=\"lazy\" decoding=\"async\" itemprop=\"image\"  src=\"https:\/\/www.europesays.com\/no\/wp-content\/uploads\/2026\/01\/1768388704_313_c33980b0-5d07-4027-84a1-813f90a7c8d6.png\"  width=\"480\"\/><\/a><\/li>\n<\/ul>\n<p> Oppdatert onsdag 14. januar kl. 05:02     <\/p>\n<p class=\"_paragraph_o9xde_4 _paragraph_xtcu6_10 layout-component text-serif-m layout-normal text-serif-m layout-padded\">2403 av dem som har mistet livet s\u00e5 langt, var demonstranter, mens 147 var myndighetspersoner, if\u00f8lge USA-baserte HRANA (Human Rights Activists News Agency). Tolv mindre\u00e5rige er drept, samt ni sivile som ikke deltok i protestene, sier gruppen.<\/p>\n<p class=\"_paragraph_o9xde_4 _paragraph_xtcu6_10 layout-component text-serif-m layout-normal text-serif-m layout-padded\">Nyhetsbyr\u00e5et AP sier det er blitt vanskeligere \u00e5 f\u00e5 et overblikk over demonstrasjonene fra utlandet og sier de ikke har kunnet gj\u00f8re en uavhengig vurdering av d\u00f8dstallene.<\/p>\n<p class=\"_paragraph_o9xde_4 _paragraph_xtcu6_10 layout-component text-serif-m layout-normal text-serif-m layout-padded\">Skylar Thompson i HRANA sier det nye tallet er sjokkerende, men advarer om at det kan fortsette \u00e5 \u00f8ke.<\/p>\n<p class=\"_paragraph_o9xde_4 _paragraph_xtcu6_10 layout-component text-serif-m layout-normal text-serif-m layout-padded\">\u2013 Vi er skrekkslagne, men vi tror fortsatt dette er et konservativt tall, sier hun til AP.<\/p>\n<p class=\"_paragraph_o9xde_4 _paragraph_xtcu6_10 layout-component text-serif-m layout-normal text-serif-m layout-padded\">Tallet p\u00e5 d\u00f8de ligger langt over tidligere protester og uro i landet de siste ti\u00e5rene. <\/p>\n<p class=\"_paragraph_o9xde_4 _paragraph_xtcu6_10 layout-component text-serif-m layout-normal text-serif-m layout-padded\">P\u00e5 bare to uker er antall d\u00f8de allerede fire ganger h\u00f8yere enn i m\u00e5nedene med protester etter at Mahsa Amini d\u00f8de i moralpolitiets varetekt i 2022. <\/p>\n<p class=\"_paragraph_o9xde_4 _paragraph_xtcu6_10 layout-component text-serif-m layout-normal text-serif-m layout-padded\">Omfanget n\u00e5 minner mer om kaoset rundt den islamske revolusjonen i 1979.<\/p>\n<p class=\"_paragraph_o9xde_4 _paragraph_xtcu6_10 layout-component text-serif-m layout-normal text-serif-m layout-padded\">Statlig iransk fjernsyn kom tirsdag med den f\u00f8rste offisielle erkjennelsen av det h\u00f8ye d\u00f8dstallet. I uttalelsen kom det fram at landet har \u00abmange martyrer\u00bb som f\u00f8lge av \u00abv\u00e6pnede grupper og terrorister\u00bb.<\/p>\n","protected":false},"excerpt":{"rendered":"Menneskerettsgruppen HRANA har oppjustert tallet p\u00e5 d\u00f8de i forbindelse med demonstrasjonene i Iran til minst 2571. Tallet p\u00e5&hellip;\n","protected":false},"author":2,"featured_media":136984,"comment_status":"","ping_status":"","sticky":false,"template":"","format":"standard","meta":{"footnotes":""},"categories":[12],"tags":[20,21,864,24,25,15,3228,22,23,13,30,28,29,14,16,14805,26,27,42,43,44,45],"class_list":{"0":"post-136983","1":"post","2":"type-post","3":"status-publish","4":"format-standard","5":"has-post-thumbnail","7":"category-verden","8":"tag-breaking-news","9":"tag-breakingnews","10":"tag-demonstrasjoner","11":"tag-featured-news","12":"tag-featurednews","13":"tag-headlines","14":"tag-iran","15":"tag-latest-news","16":"tag-latestnews","17":"tag-news","18":"tag-no","19":"tag-norge","20":"tag-norway","21":"tag-nyheter","22":"tag-overskrifter","23":"tag-teheran","24":"tag-top-stories","25":"tag-topstories","26":"tag-verden","27":"tag-world","28":"tag-world-news","29":"tag-worldnews"},"share_on_mastodon":{"url":"https:\/\/pubeurope.com\/@no\/115893129991510251","error":""},"_links":{"self":[{"href":"https:\/\/www.europesays.com\/no\/wp-json\/wp\/v2\/posts\/136983","targetHints":{"allow":["GET"]}}],"collection":[{"href":"https:\/\/www.europesays.com\/no\/wp-json\/wp\/v2\/posts"}],"about":[{"href":"https:\/\/www.europesays.com\/no\/wp-json\/wp\/v2\/types\/post"}],"author":[{"embeddable":true,"href":"https:\/\/www.europesays.com\/no\/wp-json\/wp\/v2\/users\/2"}],"replies":[{"embeddable":true,"href":"https:\/\/www.europesays.com\/no\/wp-json\/wp\/v2\/comments?post=136983"}],"version-history":[{"count":0,"href":"https:\/\/www.europesays.com\/no\/wp-json\/wp\/v2\/posts\/136983\/revisions"}],"wp:featuredmedia":[{"embeddable":true,"href":"https:\/\/www.europesays.com\/no\/wp-json\/wp\/v2\/media\/136984"}],"wp:attachment":[{"href":"https:\/\/www.europesays.com\/no\/wp-json\/wp\/v2\/media?parent=136983"}],"wp:term":[{"taxonomy":"category","embeddable":true,"href":"https:\/\/www.europesays.com\/no\/wp-json\/wp\/v2\/categories?post=136983"},{"taxonomy":"post_tag","embeddable":true,"href":"https:\/\/www.europesays.com\/no\/wp-json\/wp\/v2\/tags?post=136983"}],"curies":[{"name":"wp","href":"https:\/\/api.w.org\/{rel}","templated":true}]}}