{"id":136999,"date":"2026-01-14T11:19:15","date_gmt":"2026-01-14T11:19:15","guid":{"rendered":"https:\/\/www.europesays.com\/no\/136999\/"},"modified":"2026-01-14T11:19:15","modified_gmt":"2026-01-14T11:19:15","slug":"elverum-okonomi-og-naeringsliv-ostlandet-gjenvinning-i-hamar-fusjoneres-inn-i-norsk-gjenvinning-og-blir-del-av-et-nordisk-konsern","status":"publish","type":"post","link":"https:\/\/www.europesays.com\/no\/136999\/","title":{"rendered":"Elverum, \u00d8konomi og n\u00e6ringsliv | \u00d8stlandet Gjenvinning i Hamar fusjoneres inn i Norsk Gjenvinning og blir del av et nordisk konsern"},"content":{"rendered":"\n<p>\u2013 Vi skal fortsatt v\u00e6re tett p\u00e5 kundene og lokalsamfunnet, slik vi alltid har v\u00e6rt, lover Bj\u00f8rn Rosenberg.<\/p>\n<p>Han er administrerende direkt\u00f8r hos \u00d8stlandet Gjenvinning AS i Hamar.<\/p>\n<p>\u2013 Samtidig f\u00e5r kunden tilgang til et bredere og mer helhetlig tilbud med bedre digitale l\u00f8sninger for sporbarhet, rapportering og b\u00e6rekraft \u2013 noe vi ser fram til \u00e5 levere, fortsetter han i en pressemelding.<\/p>\n<p>   <img decoding=\"async\" width=\"1800\" height=\"1200\" fetchpriority=\"low\"  loading=\"lazy\"  src=\"https:\/\/www.europesays.com\/no\/wp-content\/uploads\/2026\/01\/avfall1.jpg\" alt=\"\" class=\"brick-c-cFOWSL\" style=\"--brick-image-ratio: 1800 \/ 1200;\"\/><\/p>\n<p>      F\u00c5R NYTT NAVN: \u00d8stlandet Gjenvinning blir til Norsk Gjenvinning Innlandet.<br \/>\n      Foto: \u00d8stlandet Gjenvinning\n    <\/p>\n<p>  Fusjonerer 1. februar<\/p>\n<p>Siden starten i 2003 har selskapet blitt en stor og sentral akt\u00f8r innen avfall, gjenvinning og transport i Innlandet.<\/p>\n<p>Selskapet har avdelinger i Hamar, Elverum og Gj\u00f8vik, og er ogs\u00e5 representert i Kongsvinger og Lillehammer gjennom to datterselskaper.<\/p>\n<p>Fra 1. februar fusjoneres \u00d8stlandet Gjenvinning AS inn i Norsk Gjenvinning AS.<\/p>\n<p>  <a href=\"https:\/\/www.ostlendingen.no\/80-69-172566\" class=\"related-teaser has-image default-story-teaser article--c-eRUmMG article--c-eRUmMG-jKCPdD-design-default\" rel=\"nofollow noopener\" target=\"_blank\"><\/p>\n<p>    <img decoding=\"async\" loading=\"lazy\"  src=\"https:\/\/www.europesays.com\/no\/wp-content\/uploads\/2026\/01\/Arne+Gundersen+1.JPG\" alt=\"\" class=\"brick-c-cFOWSL\" style=\"\"\/><\/p>\n<p>\n            Les ogs\u00e5<\/p>\n<p>              Arne (77) gj\u00f8r comeback som sjef: \u2013 Du starter nesten helt p\u00e5 nytt\n        <\/p>\n<p>  <\/a><\/p>\n<p>Dette er et naturlig neste steg i eierskapet, if\u00f8lge en pressemelding.<\/p>\n<p>Samme folk, nye l\u00f8sninger<\/p>\n<p>Her g\u00e5r det fram at bedriften videref\u00f8res som Norsk Gjenvinning Innlandet.<\/p>\n<p>Kundene m\u00f8ter de samme lokale menneskene som f\u00f8r, samtidig som tilbudet styrkes med bedre l\u00f8sninger for framtidens krav.<\/p>\n<p>\u2013 Norsk Gjenvinning avdeling Elverum vil fortsette som i dag. Dette er det eneste anlegget for behandling av n\u00e6ringsavfall i Elverum-regionen, sier Bj\u00f8rn Rosenberg til \u00d8stlendingen.<\/p>\n<p>  <a href=\"https:\/\/www.ostlendingen.no\/80-69-166616\" class=\"related-teaser has-image default-story-teaser article--c-eRUmMG article--c-eRUmMG-jKCPdD-design-default\" rel=\"nofollow noopener\" target=\"_blank\"><\/p>\n<p>    <img decoding=\"async\" loading=\"lazy\"  src=\"https:\/\/www.europesays.com\/no\/wp-content\/uploads\/2026\/01\/nordal2.jpg\" alt=\"\" class=\"brick-c-cFOWSL\" style=\"\"\/><\/p>\n<p>\n            Les ogs\u00e5<\/p>\n<p>              \u00d8ystein ansatte tolv nye: \u2013 Mye lysere enn for ett \u00e5r siden\n        <\/p>\n<p>  <\/a><\/p>\n<p>Han fortsetter i sin rolle, og ser et betydelig vekstpotensial i den nye strukturen.<\/p>\n<p>Skal bygges videre<\/p>\n<p>Gjennom fusjonen f\u00e5r \u00d8stlandet Gjenvinning tilgang til Norsk Gjenvinnings samlede ressurser, teknologi og fagmilj\u00f8 \u2013 samtidig som den sterke lokale forankringen bevares, poengteres det.<\/p>\n<p>\u2013 \u00d8stlandet Gjenvinning er en solid kompetansebedrift med dyktige medarbeidere og sterk regional posisjon, sier salgs- og markedsdirekt\u00f8r Morten Fr\u00f8id i Norsk Gjenvinning.\u00a0<\/p>\n<p>   <img decoding=\"async\" width=\"1080\" height=\"1080\" fetchpriority=\"low\"  loading=\"lazy\"  src=\"https:\/\/www.europesays.com\/no\/wp-content\/uploads\/2026\/01\/avfall3.jpg\" alt=\"\" class=\"brick-c-cFOWSL\" style=\"--brick-image-ratio: 1080 \/ 1080;\"\/><\/p>\n<p>      GLEDER SEG: Salgs- og markedsdirekt\u00f8r Morten Fr\u00f8id i Norsk Gjenvinning.<br \/>\n      Foto: \u00d8stlandet Gjenvinning\n    <\/p>\n<p>\u2013 N\u00e5r virksomheten n\u00e5 blir Norsk Gjenvinning Innlandet, er det nettopp denne styrken vi \u00f8nsker \u00e5 bygge videre p\u00e5 og utvikle ytterligere, fortsetter han.<\/p>\n<p>Selskapet er den av konsernet NG Nordic, som er etablert i en rekke land \u2013 ogs\u00e5 utenfor Norden.<\/p>\n<p>  <a data-static=\"\" href=\"#skip-\" class=\"brick-c-fgNmNC\">Hopp over karusellen.<\/a><\/p>\n<p data-static=\"\" class=\"brick-c-fgNmNC\" id=\"carousel-title-\">Innholdskarusell med 20 artikler.<\/p>\n","protected":false},"excerpt":{"rendered":"\u2013 Vi skal fortsatt v\u00e6re tett p\u00e5 kundene og lokalsamfunnet, slik vi alltid har v\u00e6rt, lover Bj\u00f8rn Rosenberg.&hellip;\n","protected":false},"author":2,"featured_media":137000,"comment_status":"","ping_status":"","sticky":false,"template":"","format":"standard","meta":{"footnotes":""},"categories":[56],"tags":[465,36,60,61,1070,1552,62,30,28,29,14,216,1510],"class_list":{"0":"post-136999","1":"post","2":"type-post","3":"status-publish","4":"format-standard","5":"has-post-thumbnail","7":"category-naeringsliv","8":"tag-arbeidsliv","9":"tag-art","10":"tag-business","11":"tag-economy","12":"tag-elverum","13":"tag-hamar","14":"tag-naeringsliv","15":"tag-no","16":"tag-norge","17":"tag-norway","18":"tag-nyheter","19":"tag-okonomi-og-naeringsliv","20":"tag-story"},"share_on_mastodon":{"url":"https:\/\/pubeurope.com\/@no\/115893185114771523","error":""},"_links":{"self":[{"href":"https:\/\/www.europesays.com\/no\/wp-json\/wp\/v2\/posts\/136999","targetHints":{"allow":["GET"]}}],"collection":[{"href":"https:\/\/www.europesays.com\/no\/wp-json\/wp\/v2\/posts"}],"about":[{"href":"https:\/\/www.europesays.com\/no\/wp-json\/wp\/v2\/types\/post"}],"author":[{"embeddable":true,"href":"https:\/\/www.europesays.com\/no\/wp-json\/wp\/v2\/users\/2"}],"replies":[{"embeddable":true,"href":"https:\/\/www.europesays.com\/no\/wp-json\/wp\/v2\/comments?post=136999"}],"version-history":[{"count":0,"href":"https:\/\/www.europesays.com\/no\/wp-json\/wp\/v2\/posts\/136999\/revisions"}],"wp:featuredmedia":[{"embeddable":true,"href":"https:\/\/www.europesays.com\/no\/wp-json\/wp\/v2\/media\/137000"}],"wp:attachment":[{"href":"https:\/\/www.europesays.com\/no\/wp-json\/wp\/v2\/media?parent=136999"}],"wp:term":[{"taxonomy":"category","embeddable":true,"href":"https:\/\/www.europesays.com\/no\/wp-json\/wp\/v2\/categories?post=136999"},{"taxonomy":"post_tag","embeddable":true,"href":"https:\/\/www.europesays.com\/no\/wp-json\/wp\/v2\/tags?post=136999"}],"curies":[{"name":"wp","href":"https:\/\/api.w.org\/{rel}","templated":true}]}}