{"id":137008,"date":"2026-01-14T11:28:06","date_gmt":"2026-01-14T11:28:06","guid":{"rendered":"https:\/\/www.europesays.com\/no\/137008\/"},"modified":"2026-01-14T11:28:06","modified_gmt":"2026-01-14T11:28:06","slug":"to-roykdykkarar-omkom-huseigar-sikta-for-brannen-i-verdal-nrk-trondelag-lokale-nyheter-tv-og-radio","status":"publish","type":"post","link":"https:\/\/www.europesays.com\/no\/137008\/","title":{"rendered":"To r\u00f8ykdykkarar omkom \u2013 huseigar sikta for brannen i Verdal \u2013 NRK Tr\u00f8ndelag \u2013 Lokale nyheter, TV og radio"},"content":{"rendered":"<p>Roger Kvello Hansen (51) og Geir Otto Lein Johnson (58) i jobben med \u00e5 sl\u00f8kke ein bustadbrann i Verdal, <a href=\"https:\/\/www.nrk.no\/trondelag\/enebolig-totalskadd-etter-brann-i-verdal-1.17716929\" ec-id=\"pp:article:1.17716929\" ec-name=\"natt til onsdag 7. januar\" rel=\"nofollow noopener\" target=\"_blank\">natt til onsdag 7. januar<\/a>.<\/p>\n<p>Dei to r\u00f8ykdykkarane gjekk inn i det brennande huset p\u00e5 Vinne i Verdal, men kom seg aldri ut.<\/p>\n<p><strong>\u2013 Huseigar har f\u00e5tt status som sikta i saka som gjeld sj\u00f8lve husbrannen.<\/strong><\/p>\n<p>Det seier p\u00e5taleansvarleg politiadvokat Kjetil Bruland S\u00f8rensen i Tr\u00f8ndelag politidistrikt.<\/p>\n<p>    \u2190<\/p>\n<ul data-scroll-container=\"\" role=\"list\" aria-label=\"Bildegalleri\">\n<li><img alt=\"En bygning er i brann, med flammer som raser opp mot nattehimmelen. Omgivelsene er m\u00f8rke, med tr\u00e6r og en annen bygning synlig i forgrunnen. Lysene fra flammene belyser omr\u00e5det rundt. Det er ikke synlige personer i bildet. (Bildebeskrivelsen er laget av en KI-tjeneste)\"  width=\"3840\" height=\"2560\" loading=\"lazy\"\/>\n<p>Husbrannen utvikla seg raskt til \u00e5 bli en sv\u00e6rt kraftig brann.<\/p>\n<p> Foto: Leif Arne Holme \/ Adresseavisen \/ NTB <\/li>\n<li><img alt=\"Brannmenn arbeider for \u00e5 slukke en brann i en enebolig om natten. R\u00f8yk stiger fra de brente omr\u00e5dene av bygningen. Sn\u00f8 dekkes bakken rundt, og det er svake lys fra nabohusene i bakgrunnen. Brannmenn med hjelmer og brannvernutstyr er synlige i bildet. (Bildebeskrivelsen er laget av en KI-tjeneste)\"  width=\"3840\" height=\"2880\" loading=\"lazy\"\/>\n<p>R\u00f8ykdykkarane gjekk i huset for \u00e5 pr\u00f8ve \u00e5 sl\u00f8kke brannen.<\/p>\n<p> Foto: Vegard Woll \/ NRK <\/li>\n<li><img alt=\"En m\u00f8rk Mercedes-varebil st\u00e5r parkert i en opplyst gate, med lysene p\u00e5. En person i refleksvest g\u00e5r mot bilen fra venstre side. Omgivelsene har sn\u00f8 og is, med flere bygninger i bakgrunnen. Det er natt, og det er tydelig lyssetting fra bilen og gatebelysning. (Bildebeskrivelsen er laget av en KI-tjeneste)\"  width=\"3840\" height=\"2155\" loading=\"lazy\"\/>\n<p>To av dei kom seg aldri ut igjen fr\u00e5 brannen i live.<\/p>\n<p> Foto: Bjarte M. Johannesen \/ NRK <\/li>\n<li><img alt=\"Et hus som har f\u00e5tt brannskader st\u00e5r i bakgrunnen, med svart tak og \u00e5pne vegger. En kriminaltekniker, if\u00f8rt svart jakke med teksten &quot;Kriminaltekniker,&quot; st\u00e5r foran huset og observerer. I forgrunnen jobber brannmannskap if\u00f8rt gul sikkerhetsutstyr. Omgivelsene er dekket av sn\u00f8, med utsikt over et boligomr\u00e5de i bakgrunnen. (Bildebeskrivelsen er laget av en KI-tjeneste)\"  width=\"3840\" height=\"2159\" loading=\"lazy\"\/>\n<p>Krimteknikarar fr\u00e5 politiet skal no pr\u00f8ve \u00e5 finne ut kva som har skjedd. <\/p>\n<p> Foto: J\u00f8te Toftaker \/ NRK <\/li>\n<li><img alt=\"Politiet og Kripos unders\u00f8ker restene av et nedbrent hus. En av dem st\u00e5r i d\u00f8r\u00e5pningen, mens en annen kneeler p\u00e5 bakken og bruker en verkt\u00f8y til \u00e5 unders\u00f8ke omr\u00e5det. Omgivelsene er sterkt skadet av brannen, med brente vegger og svart aske synlig. Det er spor av brannskader p\u00e5 begge sider av det nedre plan av huset. (Bildebeskrivelsen er laget av en KI-tjeneste)\"  width=\"3840\" height=\"2155\" loading=\"lazy\"\/>\n<p>Kripos gjer ogs\u00e5 unders\u00f8kingar i brannruinane.<\/p>\n<p> Foto: Bjarte M. Johannesen \/ NRK <\/li>\n<li><img alt=\"Brannmannskap og politi er samlet rundt et brennsted. Flere personer i brannkl\u00e6r unders\u00f8ker omr\u00e5det. I bakgrunnen er det sn\u00f8dekte landskap og bygninger. Omr\u00e5det er avsperret med politi- og brannlinjer. (Bildebeskrivelsen er laget av en KI-tjeneste)\"  width=\"3840\" height=\"2160\" loading=\"lazy\"\/>\n<p>Fredag er kollegaar p\u00e5 staden for \u00e5 minne dei to omkomne.<\/p>\n<p> Foto: Bjarte M. Johannesen \/ NRK <\/li>\n<li><img alt=\"Et glass med en tent stearinlys st\u00e5r plassert p\u00e5 sn\u00f8en, omgitt av gr\u00f8nne kvister. To hvite lys brenner ogs\u00e5 i n\u00e6rheten. Sn\u00f8en er jevn og uforstyrret, noe som skaper en kontrast til de brennende lysene. Omr\u00e5det gir en stille og rolig atmosf\u00e6re. (Bildebeskrivelsen er laget av en KI-tjeneste)\"  width=\"3840\" height=\"2155\" loading=\"lazy\"\/>\n<p>Heile Verdal s\u00f8rger og minnast dei omkomne, Roger Kvello Hansen og Geir Otto Lein Johnson.<\/p>\n<p> Foto: Bjarte M. Johannesen \/ NRK <\/li>\n<\/ul>\n<p>\u2192<\/p>\n<p>\u2013 Saka blir etterforska som eit mogeleg brot p\u00e5 straffelova si bestemming om aktlaus framkalling av fare, og politiet \u00f8nsker \u00e5 unders\u00f8ke digitale einingar tilh\u00f8yrande huseigar.<\/p>\n<p>Politiet etterforskar samstundes saka bredt opp mot fleire relevante hypotesar.<\/p>\n<p><strong>\u2013 Politiet vil understreke at det framleis ikkje ligg f\u00f8re noka klare svar p\u00e5 kva som er<br \/>brann\u00e5rsaka, legg S\u00f8rensen til.<\/strong><\/p>\n<p>Brannvesenet har rutinemessig status som sikta<\/p>\n<p><strong>Politiet er i gang med \u00e5 <a href=\"https:\/\/www.nrk.no\/trondelag\/kripos-skal-etterforske-brannen-hvor-to-brannfolk-omkom-i-verdal-1.17718736\" ec-id=\"pp:article:1.17718736\" ec-name=\"etterforske brannen i to spor\" rel=\"nofollow noopener\" target=\"_blank\">etterforske brannen i to spor<\/a>: Sj\u00f8lve brannen og arbeidsulukka.<\/strong><\/p>\n<p>I etterforsking av arbeidsulukka har Brannvesenet IKS Midt rutinemessig status som sikta.<\/p>\n<p>Det er fordi dei er arbeidsgjevar for dei to omkomne.<\/p>\n<p><strong>\u2013 Me jobbar bredt i etterforskinga og er i ein fase der me samlar inn informasjon, seier S\u00f8rensen.<\/strong><\/p>\n<p>Politiet har gjort omfattande \u00e5stadunders\u00f8kingar med bistand fr\u00e5 Kripos og ein brannteknisk sakkunnig.<\/p>\n<p>\u2013 Med m\u00e5l om \u00e5 finne \u00e5rsaka til brannen og unders\u00f8ke omstenda som f\u00f8rte til arbeidsulukka, skriv politiet i ei pressemelding.<\/p>\n<p>I tida framover vil det bli gjort avh\u00f8yr og andre unders\u00f8kingar.<\/p>\n<p>I tillegg er Arbeidstilsynet kopla p\u00e5 saka.<\/p>\n<p><img decoding=\"async\"   src=\"data:image\/gif;base64,R0lGODlhAQABAIAAAAAAAP\/\/\/yH5BAEAAAAALAAAAAABAAEAAAIBRAA7\" loading=\"eager\" alt=\"To personer i vernekl\u00e6r unders\u00f8ker en bygningsruin med brannskader. Den ene st\u00e5r med en notisblokk og hardhat, mens den andre viser fram en telefon. Omgivelsene er preget av synlig brannskade p\u00e5 veggene. Det sn\u00f8r lette flak, og bakken er dekket med sn\u00f8.\" title=\"Foto: Bjarte M. Johannesen \/ NRK\"\/><\/p>\n<p class=\"\">I helga var Arbeidstilsynet p\u00e5 plass for \u00e5 gjere unders\u00f8kingar i brannruinane.<\/p>\n<p>Foto: Bjarte M. Johannesen \/ NRK<\/p>\n<p>Sikta var i avh\u00f8yr onsdag<\/p>\n<p>Advokat Geir Ove S\u00f8rholt er utnemnd som forsvarer for den sikta huseigaren. Han var med klienten sin i avh\u00f8yr hos politiet onsdag.<\/p>\n<p>\u2013 Eg \u00f8nsker ikkje \u00e5 kommentere korleis han stiller seg til siktinga, seier S\u00f8rholt.<\/p>\n<p><strong>Forsvararen fortel at klienten hans har det tungt etter brannen som tok to menneskeliv. <\/strong><\/p>\n<p>\u2013 Eg \u00f8nsker ikkje \u00e5 kommentere siktinga utover det som st\u00e5r i pressemeldinga til politiet.<\/p>\n<p><img decoding=\"async\"   src=\"data:image\/gif;base64,R0lGODlhAQABAIAAAAAAAP\/\/\/yH5BAEAAAAALAAAAAABAAEAAAIBRAA7\" loading=\"eager\" alt=\"En person sitter p\u00e5 kne i sn\u00f8en foran et minnesmerke med r\u00f8de og hvite roser og tente lys. Rosenene st\u00e5r i rekke bak lysene, som er plassert p\u00e5 sn\u00f8en. Omgivelsene er sn\u00f8dekte, og det er tydelig at det er kaldt. Personen har p\u00e5 seg en svart jakke og er vendt mot minnesmerket.\" title=\"Foto: Bjarte M. Johannesen \/ NRK\"\/><\/p>\n<p class=\"\">Utanfor brannstasjonen har folk tent lys og lagt ned blomar etter at dei to r\u00f8ykdykkarane omkom i brannen.<\/p>\n<p>Foto: Bjarte M. Johannesen \/ NRK<\/p>\n<p>Brannvesenet og lokalsamfunnet i sorg<\/p>\n<p>P\u00e5 brannstasjonen i Verdal sit dei igjen med mange sp\u00f8rsm\u00e5l, samstundes som dei s\u00f8rger etter \u00e5 ha mista to av sine n\u00e6re kollegaer.<\/p>\n<p>Dei to omkomne var deltidstilsette og blir beskrivne som dyktige r\u00f8ykdykkarar.<\/p>\n<p><strong>\u2013 No m\u00e5 me ta ein dag om gongen. Me m\u00e5 pr\u00f8ve \u00e5 st\u00e5 i det og bidra der me kan. Eg h\u00e5par at me klarer \u00e5 stille opp for alle som treng oss.<\/strong><\/p>\n<p>Det seier brannsjef H\u00e5vard Bye i Innherred IKS.<\/p>\n<p>Publisert<\/p>\n<p>14.01.2026, kl. 12.10<\/p>\n<p>Oppdatert<\/p>\n<p>14.01.2026, kl. 12.27<\/p>\n","protected":false},"excerpt":{"rendered":"Roger Kvello Hansen (51) og Geir Otto Lein Johnson (58) i jobben med \u00e5 sl\u00f8kke ein bustadbrann i&hellip;\n","protected":false},"author":2,"featured_media":131574,"comment_status":"","ping_status":"","sticky":false,"template":"","format":"standard","meta":{"footnotes":""},"categories":[10],"tags":[20,21,24,25,15,22,23,13,30,28,29,14,16,26,27],"class_list":{"0":"post-137008","1":"post","2":"type-post","3":"status-publish","4":"format-standard","5":"has-post-thumbnail","7":"category-norge","8":"tag-breaking-news","9":"tag-breakingnews","10":"tag-featured-news","11":"tag-featurednews","12":"tag-headlines","13":"tag-latest-news","14":"tag-latestnews","15":"tag-news","16":"tag-no","17":"tag-norge","18":"tag-norway","19":"tag-nyheter","20":"tag-overskrifter","21":"tag-top-stories","22":"tag-topstories"},"share_on_mastodon":{"url":"https:\/\/pubeurope.com\/@no\/115893220398724033","error":""},"_links":{"self":[{"href":"https:\/\/www.europesays.com\/no\/wp-json\/wp\/v2\/posts\/137008","targetHints":{"allow":["GET"]}}],"collection":[{"href":"https:\/\/www.europesays.com\/no\/wp-json\/wp\/v2\/posts"}],"about":[{"href":"https:\/\/www.europesays.com\/no\/wp-json\/wp\/v2\/types\/post"}],"author":[{"embeddable":true,"href":"https:\/\/www.europesays.com\/no\/wp-json\/wp\/v2\/users\/2"}],"replies":[{"embeddable":true,"href":"https:\/\/www.europesays.com\/no\/wp-json\/wp\/v2\/comments?post=137008"}],"version-history":[{"count":0,"href":"https:\/\/www.europesays.com\/no\/wp-json\/wp\/v2\/posts\/137008\/revisions"}],"wp:featuredmedia":[{"embeddable":true,"href":"https:\/\/www.europesays.com\/no\/wp-json\/wp\/v2\/media\/131574"}],"wp:attachment":[{"href":"https:\/\/www.europesays.com\/no\/wp-json\/wp\/v2\/media?parent=137008"}],"wp:term":[{"taxonomy":"category","embeddable":true,"href":"https:\/\/www.europesays.com\/no\/wp-json\/wp\/v2\/categories?post=137008"},{"taxonomy":"post_tag","embeddable":true,"href":"https:\/\/www.europesays.com\/no\/wp-json\/wp\/v2\/tags?post=137008"}],"curies":[{"name":"wp","href":"https:\/\/api.w.org\/{rel}","templated":true}]}}