{"id":137009,"date":"2026-01-14T11:29:08","date_gmt":"2026-01-14T11:29:08","guid":{"rendered":"https:\/\/www.europesays.com\/no\/137009\/"},"modified":"2026-01-14T11:29:08","modified_gmt":"2026-01-14T11:29:08","slug":"henrettelsen-av-erfan-soltani-ma-stanses","status":"publish","type":"post","link":"https:\/\/www.europesays.com\/no\/137009\/","title":{"rendered":"Henrettelsen av Erfan Soltani m\u00e5 stanses"},"content":{"rendered":"\n<p class=\"_lead_o9xde_2 _lead_xtcu6_50 layout-component text-serif-m layout-normal text-serif-l layout-component layout-wide layout-padded _wide_17hqh_1 layout-padded\">Utenriksminister Espen Barth Eide (Ap) reagerer kraftig p\u00e5 iranske planer om \u00e5 henrette den p\u00e5grepne demonstranten Erfan Soltani (26).<\/p>\n<p><img alt=\"Bildet viser Irans \u00f8verste leder ayatolla Ali Khamenei sammen med blant annet Irans \u00f8verste dommer Gholam Hossein Mohseni Eje'i (til h\u00f8yre). Bildet er tatt under en minneseremoni for den drepte Hizbollah- lederen Hassan Nasrallah i Teheran i oktober 2024.  Foto: Iranske myndigheter via AP \/ NTB\" class=\"_image_qp4xg_65 layout-component layout-wide\" data-fullscreen- data-track-element-type=\"Article image fullscreen\" data-track-name=\"ImageFullscreen\" fetchpriority=\"high\" decoding=\"sync\" loading=\"eager\" height=\"1979\" itemprop=\"image\"  src=\"https:\/\/www.europesays.com\/no\/wp-content\/uploads\/2026\/01\/0cb1b1ef-bdbb-462d-ae79-21b5a7f43f1c.png\"  style=\"object-position:0% 0%\" width=\"3056\"\/>Bildet viser Irans \u00f8verste leder ayatolla Ali Khamenei sammen med blant annet Irans \u00f8verste dommer Gholam Hossein Mohseni Eje&#8217;i (til h\u00f8yre). Bildet er tatt under en minneseremoni for den drepte Hizbollah- lederen Hassan Nasrallah i Teheran i oktober 2024.  Foto: Iranske myndigheter via AP \/ NTB<\/p>\n<ul aria-hidden=\"true\" class=\"_images_ntbth_112\">\n<li><a class=\"_link_ntbth_117\" href=\"https:\/\/www.vg.no\/forfatter\/ntb\" style=\"z-index:1\" title=\"NTB\" rel=\"nofollow noopener\" target=\"_blank\"><img alt=\"Bilde av NTB\" class=\"_image_ntbth_93\" fetchpriority=\"low\" loading=\"lazy\" decoding=\"async\" itemprop=\"image\"  src=\"https:\/\/www.europesays.com\/no\/wp-content\/uploads\/2026\/01\/1768390147_514_c33980b0-5d07-4027-84a1-813f90a7c8d6.png\"  width=\"480\"\/><\/a><\/li>\n<\/ul>\n<p> Oppdatert onsdag 14. januar kl. 11:43     <\/p>\n<p class=\"_paragraph_o9xde_4 _paragraph_xtcu6_10 layout-component text-serif-m layout-normal text-serif-m layout-padded\">Irans \u00f8verste dommer signaliserer at p\u00e5grepne demonstranter kan vente seg raske rettsprosesser. Menneskerettsorganisasjoner har advart om at en av henrettelsene kan bli gjennomf\u00f8rt allerede onsdag. <\/p>\n<p class=\"_paragraph_o9xde_4 _paragraph_xtcu6_10 layout-component text-serif-m layout-normal text-serif-m layout-padded\"><strong class=\"_strong_o9xde_25\">Det gjelder 26 \u00e5r gamle Erfan Soltani, som er blant tusenvis av p\u00e5grepne demonstranter.<\/strong><\/p>\n<p class=\"_paragraph_o9xde_4 _paragraph_xtcu6_10 layout-component text-serif-m layout-normal text-serif-m layout-padded\">\u2013 Den planlagte henrettelsen av Erfan Soltani er uakseptabel og m\u00e5 stanses. Norge krever at Iran overholder sine forpliktelser etter folkeretten og umiddelbart stanser bruken av d\u00f8dsstraff, sier Eide.<\/p>\n<p><img decoding=\"async\" alt=\"Bilde av Espen Barth Eide\" class=\"_image_ygndg_42\" height=\"27\" itemprop=\"image\" loading=\"lazy\"  src=\"https:\/\/www.europesays.com\/no\/wp-content\/uploads\/2026\/01\/aaf6fa2d-cb3d-4f67-983c-06c3e582cb8b.jpeg\"  width=\"40\"\/><strong class=\"_name_ygndg_51 title-serif-xs\">Espen Barth Eide<\/strong><\/p>\n<p class=\"_paragraph_o9xde_4 text-sans-m _description_ygndg_56\">Norges utenriksminister (Ap)<\/p>\n<p class=\"_paragraph_o9xde_4 _paragraph_xtcu6_10 layout-component text-serif-m layout-normal text-serif-m layout-padded\">\u2013 Hvis vi \u00f8nsker \u00e5 gj\u00f8re en jobb, b\u00f8r vi gj\u00f8re det n\u00e5. Hvis vi \u00f8nsker \u00e5 gj\u00f8re noe, m\u00e5 vi gj\u00f8re det raskt. Hvis det blir for sent, etter to eller tre m\u00e5neder, har det ikke samme effekt, sier Gholam-Hossein Mohseni-Eje&#8217;i, som er \u00f8verste leder i det iranske rettsvesenet.<\/p>\n<p class=\"_paragraph_o9xde_4 _paragraph_xtcu6_10 layout-component text-serif-m layout-normal text-serif-m layout-padded\">Videouttalelsen ble onsdag publisert av Irans statskanal.<\/p>\n<p class=\"_paragraph_o9xde_4 _paragraph_xtcu6_10 layout-component text-serif-m layout-normal text-serif-m layout-padded\">Budskapet signaliserer at det iranske regimet ikke har latt seg p\u00e5virke av president Donald Trumps trussel om at USA vil g\u00e5 kraftig til verks mot regimet hvis Iran henretter demonstranter. <\/p>\n","protected":false},"excerpt":{"rendered":"Utenriksminister Espen Barth Eide (Ap) reagerer kraftig p\u00e5 iranske planer om \u00e5 henrette den p\u00e5grepne demonstranten Erfan Soltani&hellip;\n","protected":false},"author":2,"featured_media":137010,"comment_status":"","ping_status":"","sticky":false,"template":"","format":"standard","meta":{"footnotes":""},"categories":[5],"tags":[20,21,24,25,15,19,22,23,17,18,13,30,28,29,14,16,26,27],"class_list":{"0":"post-137009","1":"post","2":"type-post","3":"status-publish","4":"format-standard","5":"has-post-thumbnail","7":"category-overskrifter","8":"tag-breaking-news","9":"tag-breakingnews","10":"tag-featured-news","11":"tag-featurednews","12":"tag-headlines","13":"tag-hovedoppslag","14":"tag-latest-news","15":"tag-latestnews","16":"tag-main-news","17":"tag-mainnews","18":"tag-news","19":"tag-no","20":"tag-norge","21":"tag-norway","22":"tag-nyheter","23":"tag-overskrifter","24":"tag-top-stories","25":"tag-topstories"},"share_on_mastodon":{"url":"https:\/\/pubeurope.com\/@no\/115893224260251252","error":""},"_links":{"self":[{"href":"https:\/\/www.europesays.com\/no\/wp-json\/wp\/v2\/posts\/137009","targetHints":{"allow":["GET"]}}],"collection":[{"href":"https:\/\/www.europesays.com\/no\/wp-json\/wp\/v2\/posts"}],"about":[{"href":"https:\/\/www.europesays.com\/no\/wp-json\/wp\/v2\/types\/post"}],"author":[{"embeddable":true,"href":"https:\/\/www.europesays.com\/no\/wp-json\/wp\/v2\/users\/2"}],"replies":[{"embeddable":true,"href":"https:\/\/www.europesays.com\/no\/wp-json\/wp\/v2\/comments?post=137009"}],"version-history":[{"count":0,"href":"https:\/\/www.europesays.com\/no\/wp-json\/wp\/v2\/posts\/137009\/revisions"}],"wp:featuredmedia":[{"embeddable":true,"href":"https:\/\/www.europesays.com\/no\/wp-json\/wp\/v2\/media\/137010"}],"wp:attachment":[{"href":"https:\/\/www.europesays.com\/no\/wp-json\/wp\/v2\/media?parent=137009"}],"wp:term":[{"taxonomy":"category","embeddable":true,"href":"https:\/\/www.europesays.com\/no\/wp-json\/wp\/v2\/categories?post=137009"},{"taxonomy":"post_tag","embeddable":true,"href":"https:\/\/www.europesays.com\/no\/wp-json\/wp\/v2\/tags?post=137009"}],"curies":[{"name":"wp","href":"https:\/\/api.w.org\/{rel}","templated":true}]}}