{"id":137012,"date":"2026-01-14T11:35:11","date_gmt":"2026-01-14T11:35:11","guid":{"rendered":"https:\/\/www.europesays.com\/no\/137012\/"},"modified":"2026-01-14T11:35:11","modified_gmt":"2026-01-14T11:35:11","slug":"huseier-har-fatt-status-som-siktet","status":"publish","type":"post","link":"https:\/\/www.europesays.com\/no\/137012\/","title":{"rendered":"Huseier har f\u00e5tt status som siktet"},"content":{"rendered":"\n<p class=\"_lead_o9xde_2 _lead_xtcu6_50 layout-component text-serif-m layout-normal text-serif-l layout-component layout-wide layout-padded _wide_17hqh_1 layout-padded\">Politiet \u00f8nsker \u00e5 unders\u00f8ke digitale enheter tilh\u00f8rende huseier.<\/p>\n<p><img alt=\"Etter den tragiske brannen, som krevde to brannmenn-liv, ble det lagt ned blomster foran brannstasjonen i Verdal.  Foto: Fredrik Ouren Jostad \/ VG\" class=\"_image_qp4xg_65 layout-component layout-wide\" data-fullscreen- data-track-element-type=\"Article image fullscreen\" data-track-name=\"ImageFullscreen\" fetchpriority=\"high\" decoding=\"sync\" loading=\"eager\" height=\"5464\" itemprop=\"image\"  src=\"https:\/\/www.europesays.com\/no\/wp-content\/uploads\/2026\/01\/1768390507_289_dde30c3f-7e24-4fff-8f77-749650e5d1d6.jpeg\"  style=\"object-position:0% 0%\" width=\"8192\"\/>Etter den tragiske brannen, som krevde to brannmenn-liv, ble det lagt ned blomster foran brannstasjonen i Verdal.  Foto: Fredrik Ouren Jostad \/ VG<\/p>\n<ul aria-hidden=\"true\" class=\"_images_ntbth_112\">\n<li><a class=\"_link_ntbth_117\" href=\"https:\/\/www.vg.no\/forfatter\/emma-fondenes-oevreboe\" style=\"z-index:2\" title=\"Emma Fondenes \u00d8vreb\u00f8\" rel=\"nofollow noopener\" target=\"_blank\"><img alt=\"Bilde av Emma Fondenes \u00d8vreb\u00f8\" class=\"_image_ntbth_93\" fetchpriority=\"low\" loading=\"lazy\" decoding=\"async\" itemprop=\"image\"  src=\"https:\/\/www.europesays.com\/no\/wp-content\/uploads\/2026\/01\/1768390508_503_a3715f19-7e77-4fbf-b20f-7d6f5cb479de.jpeg\"  width=\"480\"\/><\/a><\/li>\n<li><a class=\"_link_ntbth_117\" href=\"https:\/\/www.vg.no\/forfatter\/bendik-hansen\" style=\"z-index:1\" title=\"Bendik Hansen\" rel=\"nofollow noopener\" target=\"_blank\"><img alt=\"Bilde av Bendik Hansen\" class=\"_image_ntbth_93\" fetchpriority=\"low\" loading=\"lazy\" decoding=\"async\" itemprop=\"image\"  src=\"https:\/\/www.europesays.com\/no\/wp-content\/uploads\/2026\/01\/1768390508_497_236bc5a3-2236-4046-b957-81f29d024aa6.jpeg\"  width=\"480\"\/><\/a><\/li>\n<\/ul>\n<p> Oppdatert onsdag 14. januar kl. 12:27    <\/p>\n<ul class=\"_list_o9xde_3 _list_64s2r_85 _unordered_o9xde_106 text-sans-m\">\n<li class=\"_item_o9xde_30\">Politiet vil unders\u00f8ke digitale enheter tilh\u00f8rende huseier etter brannen i Verdal.<\/li>\n<li class=\"_item_o9xde_30\">Brannmennene Geir Otto Lein Johnson (58) og Roger Kvello Hansen (51) omkom.<\/li>\n<li class=\"_item_o9xde_30\">Huseieren er siktet for uaktsom fremkalling av fare.<\/li>\n<li class=\"_item_o9xde_30\">Brannvesenet Midt-IKS er rutinemessig mistenkt i arbeidsulykkesaken.<\/li>\n<\/ul>\n<p>Vis mer <\/p>\n<p class=\"_paragraph_o9xde_4 _paragraph_xtcu6_10 layout-component text-serif-m layout-normal text-serif-m layout-padded\">Politiet opplyser at de har gjort omfattende \u00e5stedsunders\u00f8kelser i etterforskningen av brannen i Verdal natt til onsdag i forrige uke. <\/p>\n<p class=\"_paragraph_o9xde_4 _paragraph_xtcu6_10 layout-component text-serif-m layout-normal text-serif-m layout-padded\">Brannmennene <a href=\"https:\/\/www.vg.no\/nyheter\/i\/L4n0Jp\/brannsjef-etter-tragedien-noe-uventet-skjedde\" data-track-element-type=\"Link\" data-track-id=\"link:L4n0Jp\" class=\"_link_o9xde_39\" rel=\"nofollow noopener\" target=\"_blank\">Geir Otto Lein Johnson (58) og Roger Kvello Hansen (51)<\/a> omkom. <\/p>\n<p class=\"_paragraph_o9xde_4 _paragraph_xtcu6_10 layout-component text-serif-m layout-normal text-serif-m layout-padded\">\u2013 Huseier har f\u00e5tt status som siktet i saken som gjelder selve husbrannen. Saken etterforskes som en mulig overtredelse av straffelovens bestemmelse om uaktsom fremkalling av fareuaktsom fremkalling av fareUaktsom fremkalling av fare for allmennheten straffes med bot eller fengsel inntil 3 \u00e5r., og politiet \u00f8nsker \u00e5 unders\u00f8ke digitale enheter tilh\u00f8rende huseier, sier politiadvokat Kjetil Bruland S\u00f8rensen. <\/p>\n<p class=\"_paragraph_o9xde_4 _paragraph_xtcu6_10 layout-component text-serif-m layout-normal text-serif-m layout-padded\">\u2013 Politiet vil understreke at det fortsatt ikke foreligger noen klare svar p\u00e5 hva som er brann\u00e5rsaken, og etterforsker saken bredt opp mot relevante hypoteser, sier han.<\/p>\n<p><img alt=\"Teknikere fra Kripos unders\u00f8ker branntomten i Verdal.  Foto: Fredrik Ouren Jostad \/ VG\" class=\"_image_qp4xg_65 layout-component layout-normal\" data-fullscreen- data-track-element-type=\"Article image fullscreen\" data-track-name=\"ImageFullscreen\" decoding=\"async\" loading=\"lazy\" height=\"5464\" itemprop=\"image\"  src=\"https:\/\/www.europesays.com\/no\/wp-content\/uploads\/2026\/01\/d94107cb-5733-44ae-93f4-5411e8bf5609.jpeg\"  style=\"object-position:0% 0%\" width=\"8192\"\/>Teknikere fra Kripos unders\u00f8ker branntomten i Verdal.  Foto: Fredrik Ouren Jostad \/ VG<\/p>\n<p class=\"_paragraph_o9xde_4 _paragraph_xtcu6_10 layout-component text-serif-m layout-normal text-serif-m layout-padded\">Huseierens forsvarer, advokat Per Ove S\u00f8rholt i Levanger-advokatene, sier at hans klient har v\u00e6rt i avh\u00f8r som mistenkt og siktet onsdag. <\/p>\n<p class=\"_paragraph_o9xde_4 _paragraph_xtcu6_10 layout-component text-serif-m layout-normal text-serif-m layout-padded\"><strong class=\"_strong_o9xde_25\">\u2013 Men han har ikke blitt forespurt om hvordan han stiller seg til siktelsen, sier han til VG.<\/strong><\/p>\n<p class=\"_paragraph_o9xde_4 _paragraph_xtcu6_10 layout-component text-serif-m layout-normal text-serif-m layout-padded\">S\u00f8rholt sier at klienten hans har det \u00abveldig tungt\u00bb. <\/p>\n<p class=\"_paragraph_o9xde_4 _paragraph_xtcu6_10 layout-component text-serif-m layout-normal text-serif-m layout-padded\">\u2013 Det er p\u00e5 bakgrunn av det han har opplevd og p\u00e5 grunn av det tragiske utfallet som brannen fikk, sier han.<\/p>\n<p><img alt=\"Geir Otto Lein Johnson (58) og Roger Kvello Hansen (51) omkom i brannen.  Foto: Privat\" class=\"_image_qp4xg_65 layout-component layout-normal\" data-fullscreen- data-track-element-type=\"Article image fullscreen\" data-track-name=\"ImageFullscreen\" decoding=\"async\" loading=\"lazy\" height=\"1417\" itemprop=\"image\"  src=\"https:\/\/www.europesays.com\/no\/wp-content\/uploads\/2026\/01\/1768390508_857_a67b7e47-483d-48b0-b327-3bedd4b5f357.jpeg\"  style=\"object-position:0% 0%\" width=\"1890\"\/>Geir Otto Lein Johnson (58) og Roger Kvello Hansen (51) omkom i brannen.  Foto: Privat<\/p>\n<p class=\"_paragraph_o9xde_4 _paragraph_xtcu6_10 layout-component text-serif-m layout-normal text-serif-m layout-padded\">I etterforskningen av arbeidsulykken har Brannvesenet Midt-IKSBrannvesenet Midt-IKSInterkommunalt brannvesen som jobber i Verdal, Steinkjer, Inder\u00f8y, Sn\u00e5sa, Lierne, R\u00f8yrvik og Osen. rutinemessig f\u00e5tt status som mistenkt i saken, som f\u00f8lge av at de var arbeidsgiver for de to omkomne. <\/p>\n<p class=\"_paragraph_o9xde_4 _paragraph_xtcu6_10 layout-component text-serif-m layout-normal text-serif-m layout-padded\">Saken etterforskes som en mulig overtredelse av arbeidsmilj\u00f8lovens bestemmelser.<\/p>\n<p class=\"_paragraph_o9xde_4 _paragraph_xtcu6_10 layout-component text-serif-m layout-normal text-serif-m layout-padded\">\u2013 Vi jobber bredt i etterforskningen og er i en fase der vi samler inn informasjon, sier p\u00e5taleansvarlig politiadvokat Kjetil Bruland S\u00f8rensen i Tr\u00f8ndelag politidistrikt.<\/p>\n<ul class=\"_list_o9xde_3 _list_xtcu6_9 _unordered_o9xde_106 layout-component text-serif-m layout-normal text-serif-m layout-padded\">\n<li class=\"_item_o9xde_30\"><strong class=\"_strong_o9xde_25\">Les ogs\u00e5: <a href=\"https:\/\/www.vg.no\/nyheter\/i\/xrPxJR\/brannsjef-sier-rutinene-ble-fulgt-noe-uventet-skjedde\" data-track-element-type=\"Link\" data-track-id=\"link:xrPxJR\" class=\"_link_o9xde_39\" rel=\"nofollow noopener\" target=\"_blank\">Brannsjef sier rutinene ble fulgt: \u2013\u2060\u00a0Noe uventet skjedde<\/a><\/strong><\/li>\n<\/ul>\n<p class=\"_paragraph_o9xde_4 _paragraph_xtcu6_10 layout-component text-serif-m layout-normal text-serif-m layout-padded\">Unders\u00f8kelsene er gjort med bistand fra Kripos og en brannteknisk sakkyndig, med m\u00e5l om \u00e5 finne \u00e5rsaken til brannen og unders\u00f8ke omstendighetene som f\u00f8rte til arbeidsulykken. <\/p>\n<p class=\"_paragraph_o9xde_4 _paragraph_xtcu6_10 layout-component text-serif-m layout-normal text-serif-m layout-padded\">Fremover vil det bli gjort flere avh\u00f8r og andre unders\u00f8kelser.<\/p>\n<p><img alt=\"Slik s\u00e5 det ut da eneboligen ble overtent natt til onsdag.   Foto: Leif Arne Holme \/ Adresseavisen \/ NTB\" class=\"_image_qp4xg_65 layout-component layout-normal\" data-fullscreen- data-track-element-type=\"Article image fullscreen\" data-track-name=\"ImageFullscreen\" decoding=\"async\" loading=\"lazy\" height=\"3247\" itemprop=\"image\"  src=\"https:\/\/www.europesays.com\/no\/wp-content\/uploads\/2026\/01\/1768390508_1_8dfcfe72-4bf7-497e-8add-decc0bc60eec.jpeg\"  style=\"object-position:0% 0%\" width=\"4329\"\/>Slik s\u00e5 det ut da eneboligen ble overtent natt til onsdag.   Foto: Leif Arne Holme \/ Adresseavisen \/ NTB<\/p>\n<p class=\"_paragraph_o9xde_4 _paragraph_xtcu6_10 layout-component text-serif-m layout-normal text-serif-m layout-padded\">Geir Otto Lein Johnson og Roger Kvello Hansen to var erfarne r\u00f8ykdykkere som jobbet deltid i brannvesenet. En rekke detaljer om hendelsesforl\u00f8pet er fortsatt uklare, inkludert hva som egentlig skjedde da brannmennene omkom.<\/p>\n<ul class=\"_gallery_1qa3s_23\" tabindex=\"0\">\n<li class=\"_item_1qa3s_37\" data-index=\"0\"><img decoding=\"async\" class=\"_image_foru8_23 _articleGallery_foru8_39\" data-fullscreen- width=\"8192\" height=\"5464\" itemprop=\"image\" loading=\"lazy\"  src=\"https:\/\/www.europesays.com\/no\/wp-content\/uploads\/2026\/01\/1296b623-d05f-402c-a4e4-afed563a0701.png\"  style=\"object-position:50% 50%;aspect-ratio:var(--gallery-aspect-ratio, 16 \/ 9)\"\/>Foto: Fredrik Ouren Jostad \/ VG<\/li>\n<li class=\"_item_1qa3s_37\" data-index=\"1\"><img decoding=\"async\" class=\"_image_foru8_23 _articleGallery_foru8_39\" data-fullscreen- width=\"8192\" height=\"5464\" itemprop=\"image\" loading=\"lazy\"  src=\"https:\/\/www.europesays.com\/no\/wp-content\/uploads\/2026\/01\/e41cb33e-b871-48b3-bf6f-79023aa94fed.png\"  style=\"object-position:50% 50%;aspect-ratio:var(--gallery-aspect-ratio, 16 \/ 9)\"\/>Foto: Fredrik Ouren Jostad \/ VG<\/li>\n<li class=\"_item_1qa3s_37\" data-index=\"2\"><img decoding=\"async\" class=\"_image_foru8_23 _articleGallery_foru8_39\" data-fullscreen- width=\"8192\" height=\"5464\" itemprop=\"image\" loading=\"lazy\"  src=\"https:\/\/www.europesays.com\/no\/wp-content\/uploads\/2026\/01\/d8871901-6d5e-47b1-806f-4ebaa4b2e455.jpeg\"  style=\"object-position:50% 50%;aspect-ratio:var(--gallery-aspect-ratio, 16 \/ 9)\"\/>Foto: Fredrik Ouren Jostad \/ VG<\/li>\n<\/ul>\n<p>Foto: Fredrik Ouren Jostad \/ VG<\/p>\n<p class=\"_paragraph_o9xde_4 _paragraph_xtcu6_10 layout-component text-serif-m layout-normal text-serif-m layout-padded\">Brannvesenet var p\u00e5 plass utenfor det brennende huset klokken 02.18 natt til onsdag forrige uke.<\/p>\n<p class=\"_paragraph_o9xde_4 _paragraph_xtcu6_10 layout-component text-serif-m layout-normal text-serif-m layout-padded\">32 minutter senere ble det klart at de hadde mistet kontaktet med to r\u00f8ykdykkere som befant seg inne i boligen.<\/p>\n<p class=\"_paragraph_o9xde_4 _paragraph_xtcu6_10 layout-component text-serif-m layout-normal text-serif-m layout-padded\">P\u00e5 dette tidspunktet hadde brannen eskalert. Det var ikke mulig \u00e5 ta seg inn i boligen for \u00e5 lete etter de savnede brannmennene, if\u00f8lge brannvesenet.<\/p>\n<p>    <img decoding=\"async\" alt=\"Tips oss illustrasjon\" src=\"https:\/\/www.europesays.com\/no\/wp-content\/uploads\/2025\/10\/pssst-small.webp.webp\"\/>    <\/p>\n<p class=\"title-serif-s\">Har du tips?<\/p>\n<p class=\"text-sans-m\">Send oss informasjon, bilder eller video.<\/p>\n<p>  <a href=\"https:\/\/www.vg.no\/tips-oss\" rel=\"nofollow noopener\" target=\"_blank\"> Tips oss <\/a>      <\/p>\n","protected":false},"excerpt":{"rendered":"Politiet \u00f8nsker \u00e5 unders\u00f8ke digitale enheter tilh\u00f8rende huseier. Etter den tragiske brannen, som krevde to brannmenn-liv, ble det&hellip;\n","protected":false},"author":2,"featured_media":137013,"comment_status":"","ping_status":"","sticky":false,"template":"","format":"standard","meta":{"footnotes":""},"categories":[10],"tags":[15689,31,20,21,24,25,15,22,23,13,30,28,29,14,16,26,27,2133],"class_list":{"0":"post-137012","1":"post","2":"type-post","3":"status-publish","4":"format-standard","5":"has-post-thumbnail","7":"category-norge","8":"tag-brann-i-verdal","9":"tag-breaking","10":"tag-breaking-news","11":"tag-breakingnews","12":"tag-featured-news","13":"tag-featurednews","14":"tag-headlines","15":"tag-latest-news","16":"tag-latestnews","17":"tag-news","18":"tag-no","19":"tag-norge","20":"tag-norway","21":"tag-nyheter","22":"tag-overskrifter","23":"tag-top-stories","24":"tag-topstories","25":"tag-verdal"},"share_on_mastodon":{"url":"https:\/\/pubeurope.com\/@no\/115893248112057840","error":""},"_links":{"self":[{"href":"https:\/\/www.europesays.com\/no\/wp-json\/wp\/v2\/posts\/137012","targetHints":{"allow":["GET"]}}],"collection":[{"href":"https:\/\/www.europesays.com\/no\/wp-json\/wp\/v2\/posts"}],"about":[{"href":"https:\/\/www.europesays.com\/no\/wp-json\/wp\/v2\/types\/post"}],"author":[{"embeddable":true,"href":"https:\/\/www.europesays.com\/no\/wp-json\/wp\/v2\/users\/2"}],"replies":[{"embeddable":true,"href":"https:\/\/www.europesays.com\/no\/wp-json\/wp\/v2\/comments?post=137012"}],"version-history":[{"count":0,"href":"https:\/\/www.europesays.com\/no\/wp-json\/wp\/v2\/posts\/137012\/revisions"}],"wp:featuredmedia":[{"embeddable":true,"href":"https:\/\/www.europesays.com\/no\/wp-json\/wp\/v2\/media\/137013"}],"wp:attachment":[{"href":"https:\/\/www.europesays.com\/no\/wp-json\/wp\/v2\/media?parent=137012"}],"wp:term":[{"taxonomy":"category","embeddable":true,"href":"https:\/\/www.europesays.com\/no\/wp-json\/wp\/v2\/categories?post=137012"},{"taxonomy":"post_tag","embeddable":true,"href":"https:\/\/www.europesays.com\/no\/wp-json\/wp\/v2\/tags?post=137012"}],"curies":[{"name":"wp","href":"https:\/\/api.w.org\/{rel}","templated":true}]}}