{"id":137024,"date":"2026-01-14T11:55:09","date_gmt":"2026-01-14T11:55:09","guid":{"rendered":"https:\/\/www.europesays.com\/no\/137024\/"},"modified":"2026-01-14T11:55:09","modified_gmt":"2026-01-14T11:55:09","slug":"gronland-danmark-danmark-sender-militaere-forsterkninger-til-gronland","status":"publish","type":"post","link":"https:\/\/www.europesays.com\/no\/137024\/","title":{"rendered":"Gr\u00f8nland, Danmark | Danmark sender milit\u00e6re forsterkninger til Gr\u00f8nland"},"content":{"rendered":"\n<p>Danmarks Radio (DR) erfarer at danske myndigheter har sendt milit\u00e6re forsterkninger til hovedstaden Nuuk. Det handler om milit\u00e6rt materiell og en \u00abfortropp\u00bb, skriver<a href=\"https:\/\/www.dr.dk\/nyheder\/indland\/groenland\/efter-pres-fra-usa-danmark-er-nu-begyndt-sende-militaere-forstaerkninger-til-groenland\" rel=\"Follow nofollow noopener\" target=\"_blank\"> DR<\/a>.<\/p>\n<p><b>Les ogs\u00e5: <a class=\"simple-relation related-teaser article--c-eRUmMG article--c-eRUmMG-fZoQSp-design-nettavisen article--c-eRUmMG-gwthdJ-cv\" href=\"https:\/\/www.nettavisen.no\/trump-nato-bor-bane-vei-for-at-vi-far-gronland\/s\/5-95-2824572\" rel=\"nofollow noopener\" target=\"_blank\">Trump: \u2013 Nato b\u00f8r bane vei for at vi f\u00e5r Gr\u00f8nland<\/a><\/b><\/p>\n<p><b>Les ogs\u00e5:<\/b> <a href=\"https:\/\/www.nettavisen.no\/nyheter\/trump-sier-gronlands-valg-blir-et-problem\/s\/5-95-2823718\" rel=\"Follow nofollow noopener\" target=\"_blank\">Trump sier Gr\u00f8nlands valg blir et problem<\/a><\/p>\n<p>Dette skjer samme dag som Danmark skal i et skjebnem\u00f8te i Washington onsdag ettermiddag, hvor Gr\u00f8nlands fremtid kan v\u00e6re p\u00e5 spill etter Donald Trumps sterke uttalelser om at USA \u00abm\u00e5\u00bb ha Gr\u00f8nland.<\/p>\n<p><b>Les ogs\u00e5:<\/b> <a href=\"https:\/\/www.nettavisen.no\/nyheter\/skjebnemote-for-danmark-og-nato-ingenting-a-forhandle-om\/s\/5-95-2824276\" rel=\"Follow nofollow noopener\" target=\"_blank\">Skjebnem\u00f8te: \u2013 Ingenting \u00e5 forhandle om<\/a><\/p>\n<p>    Vil du se neste video?<\/p>\n<p>    <a href=\"https:\/\/www.nettavisen.no\/nyheter\/pete-hegseth-avbryter-plutselig-marco-rubio-klikker-pa-direkten\/v\/5-95-2813524\" class=\"recommend-poster\" data-adp-clicklabel=\"video-recommend\" data-adp-clickvalue=\"poster\" rel=\"nofollow noopener\" target=\"_blank\"><br \/>\n      <img decoding=\"async\" width=\"200\" height=\"200\" loading=\"lazy\" src=\"https:\/\/www.europesays.com\/no\/wp-content\/uploads\/2026\/01\/Hegseth+til+cue.jpg\" alt=\"\" class=\"brick-c-cFOWSL\" style=\"--brick-image-ratio: 200 \/ 200;\"\/><\/p>\n<p>Avbryter plutselig: Klikker p\u00e5 direkten1:05<\/p>\n<p>    <\/a><\/p>\n<p>        Under et bes\u00f8k p\u00e5 en Ford-fabrikk tirsdag, viste Donald Trump fingeren til en arbeider som ropte \u00abpedofilbeskytter\u00bb mot presidenten, melder NTB.<\/p>\n<p>If\u00f8lge DRs opplysninger har det blitt sendt soldater fra h\u00e6ren som skal s\u00f8rge for logistikk og gj\u00f8re klar omgivelsene, hvis det danskene f\u00f8ler det blir n\u00f8dvendig \u00e5 sende en \u00abhovedtropp\u00bb ved en senere anledning.<\/p>\n<p>DR er selv til stede i Nuuk og meldte mandag kveld at et Challenger-fly landet p\u00e5 flyplassen. Det var imidlertid stort hemmelighetskremmeri rundt operasjonen,. siden ingen ville si noe og personellet ble fraktet vekk i en leiebil med sotete ruter.<\/p>\n<p>Tirsdag meldte Danmarks forsvarsminister Troels Lund Poulsen at det blir en st\u00f8rre tilstedev\u00e6relse av milit\u00e6rt personell p\u00e5 Gr\u00f8nland.<\/p>\n<p>\u2013 Vi g\u00e5r n\u00e5 videre med hele sp\u00f8rsm\u00e5let om en mer permanent og st\u00f8rre tilstedev\u00e6relse i Gr\u00f8nland fra det danske forsvaret, men ogs\u00e5 med deltakelse fra andre land. Som vi hadde i 2025, da vi s\u00e5 at andre NATO-land deltok i \u00f8velses- og treningsaktiviteter i Gr\u00f8nland, vil vi ogs\u00e5 n\u00e5 se dette i 2026, sa han til pressen.<\/p>\n<p>  <a data-static=\"\" href=\"#skip-\" class=\"brick-c-fgNmNC\">Hopp over karusellen.<\/a><\/p>\n<p data-static=\"\" class=\"brick-c-fgNmNC\" id=\"carousel-title-\">Innholdskarusell med 20 artikler.<\/p>\n","protected":false},"excerpt":{"rendered":"Danmarks Radio (DR) erfarer at danske myndigheter har sendt milit\u00e6re forsterkninger til hovedstaden Nuuk. Det handler om milit\u00e6rt&hellip;\n","protected":false},"author":2,"featured_media":137025,"comment_status":"","ping_status":"","sticky":false,"template":"","format":"standard","meta":{"footnotes":""},"categories":[12],"tags":[20,21,24,25,15,22,23,13,30,28,29,14,16,26,27,42,43,44,45],"class_list":{"0":"post-137024","1":"post","2":"type-post","3":"status-publish","4":"format-standard","5":"has-post-thumbnail","7":"category-verden","8":"tag-breaking-news","9":"tag-breakingnews","10":"tag-featured-news","11":"tag-featurednews","12":"tag-headlines","13":"tag-latest-news","14":"tag-latestnews","15":"tag-news","16":"tag-no","17":"tag-norge","18":"tag-norway","19":"tag-nyheter","20":"tag-overskrifter","21":"tag-top-stories","22":"tag-topstories","23":"tag-verden","24":"tag-world","25":"tag-world-news","26":"tag-worldnews"},"share_on_mastodon":{"url":"https:\/\/pubeurope.com\/@no\/115893326664596962","error":""},"_links":{"self":[{"href":"https:\/\/www.europesays.com\/no\/wp-json\/wp\/v2\/posts\/137024","targetHints":{"allow":["GET"]}}],"collection":[{"href":"https:\/\/www.europesays.com\/no\/wp-json\/wp\/v2\/posts"}],"about":[{"href":"https:\/\/www.europesays.com\/no\/wp-json\/wp\/v2\/types\/post"}],"author":[{"embeddable":true,"href":"https:\/\/www.europesays.com\/no\/wp-json\/wp\/v2\/users\/2"}],"replies":[{"embeddable":true,"href":"https:\/\/www.europesays.com\/no\/wp-json\/wp\/v2\/comments?post=137024"}],"version-history":[{"count":0,"href":"https:\/\/www.europesays.com\/no\/wp-json\/wp\/v2\/posts\/137024\/revisions"}],"wp:featuredmedia":[{"embeddable":true,"href":"https:\/\/www.europesays.com\/no\/wp-json\/wp\/v2\/media\/137025"}],"wp:attachment":[{"href":"https:\/\/www.europesays.com\/no\/wp-json\/wp\/v2\/media?parent=137024"}],"wp:term":[{"taxonomy":"category","embeddable":true,"href":"https:\/\/www.europesays.com\/no\/wp-json\/wp\/v2\/categories?post=137024"},{"taxonomy":"post_tag","embeddable":true,"href":"https:\/\/www.europesays.com\/no\/wp-json\/wp\/v2\/tags?post=137024"}],"curies":[{"name":"wp","href":"https:\/\/api.w.org\/{rel}","templated":true}]}}