{"id":137026,"date":"2026-01-14T11:56:12","date_gmt":"2026-01-14T11:56:12","guid":{"rendered":"https:\/\/www.europesays.com\/no\/137026\/"},"modified":"2026-01-14T11:56:12","modified_gmt":"2026-01-14T11:56:12","slug":"ekssamboer-domt-for-drap","status":"publish","type":"post","link":"https:\/\/www.europesays.com\/no\/137026\/","title":{"rendered":"Ekssamboer d\u00f8mt for drap"},"content":{"rendered":"<p class=\"kicker \" style=\"\">\u00d8ygarden<\/p>\n<p>    35-\u00e5rige Vahid Heydari Mohammadi er d\u00f8mt til forvaring for drapet p\u00e5 Tina Milena Solberg (33) i \u00d8ygarden i januar 2024.\u00a0\u00a0<\/p>\n<p>\n    AVD\u00d8D: Det var Tina Milena Solberg som ble funnet drept i \u00d8ygarden 7. januar 2024. Foto: Privat\n  <\/p>\n<p>35 \u00e5r gamle Vahid Heydari Mohammadi er d\u00f8mt til forvaring i 16 og et halvt \u00e5r for drapet p\u00e5 Tina Milena Solberg i \u00d8ygarden (33) utenfor Bergen i 2024.<\/p>\n<p>Det kommer fram i en avgj\u00f8relse fra Hordaland tingrett onsdag.\u00a0<\/p>\n<p> Aktor la ned p\u00e5stand om forvaring i 16 og et halvt \u00e5r, mens mannens forsvarer mente en vanlig fengselsstraff p\u00e5 14 til 15 \u00e5r ville v\u00e6re riktig reaksjon, siterer NTB.\u00a0<\/p>\n<p>7. januar 2024 ble <a href=\"https:\/\/www.dagbladet.no\/nyheter\/hadde-voldsalarm-mot-siktede\/80781680\" target=\"_blank\" rel=\"nofollow noopener\">levningene etter Solberg funnet i en utbrent bil i \u00d8ygarden<\/a> i Vestland.\u00a0<\/p>\n<p> Samme dag tilsto Solbergs tidligere samboer, Mohammadi, drap og likskjending. Den 35 \u00e5r gamle mannen er far til Solbergs to barn. <\/p>\n<p> Det ble seinere kjent at Solberg\u00a0<a href=\"https:\/\/www.dagbladet.no\/nyheter\/hadde-voldsalarm-mot-siktede\/80781680\" target=\"_blank\" rel=\"nofollow noopener\">hadde voldsalarm<\/a>\u00a0mot den 35 \u00e5r gamle ekssamboeren. <\/p>\n<p>    Derfor identifiserer Dagbladet Vahid Heydari Mohammadi (35)<\/p>\n<p> Mohammadi er d\u00f8mt for et sv\u00e6rt brutalt drap p\u00e5 sin tidligere kj\u00e6reste Tina Milena Solberg (33) i januar 2024.\u00a0<\/p>\n<p>Allmennheten har krav p\u00e5 \u00e5 vite hvem det er som beg\u00e5r de mest alvorlige, kriminelle handlingene i samfunnet v\u00e5rt. De rettssakkyndige mener Mohammadi har en alvorlig personlighetsforstyrrelse og at det er overhengende fare for at han kan beg\u00e5 nye, alvorlige voldshandlinger.<\/p>\n<p>Mohammadi gjemte seg i Solbergs hus og kvalte henne med en str\u00f8mledning mens begge barna deres var til stede. Ett av barna s\u00e5 deler av drapet. Deretter kj\u00f8rte han liket vekk i en bil og tente p\u00e5 bilen. Drapet framst\u00e5r som sv\u00e6rt brutalt, og han er ogs\u00e5 d\u00f8mt for likskjending etter drapet.<\/p>\n<p>Dagbladet har vurdert belastningen identifiseringen vil ha for avd\u00f8de Solbergs to barn, men er kommet til at offentlighetens berettigede informasjonsbehov i denne saken er viktigere. I tr\u00e5d med pressens etiske regelverk velger dermed Dagbladet \u00e5 identifisere Mohammadi. <\/p>\n<p>      Vis mer<br \/>\n      Vis mindre<\/p>\n<p class=\"font-weight-bold m-font-weight-bold\" data-lab-font_weight=\"font-weight-bold\">Mohammadi ble tiltalt for drap, likskjending og mishandling av tiltaltes og avd\u00f8des to felles barn i september i fjor, og i november og desember gikk hovedforhandlingen for Hordaland tingrett.\u00a0<\/p>\n<p class=\"font-weight-normal m-font-weight-normal\" data-lab-font_weight=\"font-weight-normal\">If\u00f8lge tiltalen kvalte ekssamboeren Tina Milena Solberg med en ledning f\u00f8r han fraktet liket bort i en bil, hvorp\u00e5 han tente p\u00e5 bilen og liket av henne.\u00a0<\/p>\n<p>        Unders\u00f8kelser tyder p\u00e5 at personen som ble funnet i en utbrent bil i \u00d8ygarden, er en kvinne i 30-\u00e5ra. Hun hadde voldsalarm mot mannen som n\u00e5 er siktet for drap. Video: NRK<\/p>\n<p>&#8211; Sv\u00e6rt alvorlig\t<\/p>\n<p>&#8211; Dette er derfor en sv\u00e6rt alvorlig sak, sa statsadvokat Kristine Herrebr\u00f8den i en pressemelding fra Hordaland, Sogn og Fjordane statsadvokatembeter i september.<\/p>\n<p>&#8211;\u00a0Det er tatt forbehold i tiltalen om \u00e5 legge ned p\u00e5stand om forvaring i stedet for ordin\u00e6r fengselsstraff. Dette vil bli et sentralt bevistema under hovedforhandlingen, det er ogs\u00e5 oppnevnt rettspsykiatriske sakkyndige som vil f\u00f8lge forhandlingene, sa Herrebr\u00f8den videre. <\/p>\n<p> Aktoratet mente ekssamboeren til den drepte Tina\u00a0Milena\u00a0Solberg\u00a0utgj\u00f8r en trussel og ville ha ham d\u00f8mt til 16 \u00e5rs forvaring. <\/p>\n<p>    <a itemprop=\"url\" href=\"https:\/\/www.dagbladet.no\/nyheter\/tina-milena-solberg-drept-i-oygarden\/80789955\" rel=\"nofollow noopener\" target=\"_blank\"><\/p>\n<p>        <img loading=\"lazy\" decoding=\"async\" src=\"https:\/\/www.europesays.com\/no\/wp-content\/uploads\/2026\/01\/80814968.webp.webp\" width=\"980\" height=\"441\" title=\"Tina Milena Solberg drept i \u00d8ygarden\" alt=\"\" class=\"lazyload\" style=\"--aspect-ratio-image: 2.22; \"\/><\/p>\n<p>        Tina Milena Solberg drept i \u00d8ygarden<\/p>\n<p>    <\/a><\/p>\n<p>Erkjente straffskyld\t<\/p>\n<p><a href=\"https:\/\/www.dagbladet.no\/nyheter\/hadde-voldsalarm-mot-siktede\/80781680#:~:text=voldsalarm%20mot%20ham.-,Erkjenner%20straffskyld,-Den%20drapssiktede%20mannen\" target=\"_blank\" rel=\"nofollow noopener\">Mannen har tidligere erkjent straffskyld<\/a>. Han har tidligere uttalt gjennom sin forsvarer at det ikke var meningen \u00e5 drepe ekskj\u00e6resten og forklart at det var en situasjon som kom ut av kontroll.<\/p>\n<p> &#8211; Han er veldig lei seg og skj\u00f8nner at flere familier blir \u00f8delagt av dette. Det tar han tungt, og han tar ansvar for det han har gjort, sa mannens forsvarer, J\u00f8rgen Riple, til Dagbladet i januar 2024. <\/p>\n<p>If\u00f8lge tiltalen skal mannen ha utsatt parets to barn for gjentatt fysisk, psykisk og\/eller materiell vold og annen krenkende atferd. Han skal blant annet ha sl\u00e5tt begge to og \u00f8delagt gjenstander i hjemmet deres, i tillegg til \u00e5 ha involvert barna i konfliktene med offeret.\u00a0<\/p>\n<p>Barna skal ogs\u00e5 ha v\u00e6rt vitne til deler av drapshandlingen, if\u00f8lge tiltalen.<\/p>\n<p>        <img loading=\"lazy\" decoding=\"async\" src=\"https:\/\/www.europesays.com\/no\/wp-content\/uploads\/2026\/01\/84097322.webp.webp\" width=\"980\" height=\"559\" title=\"\u00d8YGARDEN: Politiet iverksatte drapsetterforskning etter funn av levninger i en utbrent bil i \u00d8ygarden, Vestland, i januar 2024. Foto: Paul S. Amundsen \/ NTB\" alt=\"\" class=\"\" style=\"--aspect-ratio-image: 1.75; \"\/><\/p>\n<p>\n        \u00d8YGARDEN: Politiet iverksatte drapsetterforskning etter funn av levninger i en utbrent bil i \u00d8ygarden, Vestland, i januar 2024. Foto: Paul S. Amundsen \/ NTB\n    <\/p>\n<p>Funnet i utbrent bil\t<\/p>\n<p><a href=\"https:\/\/www.dagbladet.no\/nyheter\/hadde-voldsalarm-mot-siktede\/80781680\" target=\"_blank\" rel=\"nofollow noopener\">Dagbladet<\/a> har tidligere omtalt at operasjonssentralen i Vest politidistrikt s\u00f8ndag 7. januar 2024 klokka 08.45 fikk en melding om en brann i et kj\u00f8ret\u00f8y p\u00e5 en industritomt i \u00d8ygarden kommune.\u00a0<\/p>\n<p>Meldingen ble trippelvarslet og n\u00f8detatene rykket ut. Brannvesenet kom f\u00f8rst til stedet og brannen ble fort slukket, men kj\u00f8ret\u00f8yet var totalt utbrent.<\/p>\n<p>Ved gjennomgang av kj\u00f8ret\u00f8yet ble det funnet levninger, som seinere viste seg \u00e5 tilh\u00f8re Tina Milena Solberg.\u00a0<\/p>\n<p>Da politiet ankom stedet, kom de i snakk med personer som hadde sett en mann i omr\u00e5det, som ga en beskrivelse av ham, opplyste politiet under en pressekonferanse i januar 2024.\u00a0<\/p>\n<p> Mohammadi, som seinere ble tiltalt for drap, ble p\u00e5grepet i n\u00e6rheten av stedet der bilen brant rundt klokka 11.15 s\u00f8ndag 7. januar 2024. <\/p>\n<p> Mohammadi er norsk statsborger, men f\u00f8dt i utlandet. Han er tidligere straffed\u00f8mt for trusler mot en annen kvinne. <\/p>\n","protected":false},"excerpt":{"rendered":"\u00d8ygarden 35-\u00e5rige Vahid Heydari Mohammadi er d\u00f8mt til forvaring for drapet p\u00e5 Tina Milena Solberg (33) i \u00d8ygarden&hellip;\n","protected":false},"author":2,"featured_media":137027,"comment_status":"","ping_status":"","sticky":false,"template":"","format":"standard","meta":{"footnotes":""},"categories":[10],"tags":[20,21,24,25,15,2539,22,23,13,30,28,29,14,16,2869,26,27],"class_list":{"0":"post-137026","1":"post","2":"type-post","3":"status-publish","4":"format-standard","5":"has-post-thumbnail","7":"category-norge","8":"tag-breaking-news","9":"tag-breakingnews","10":"tag-featured-news","11":"tag-featurednews","12":"tag-headlines","13":"tag-innenriks","14":"tag-latest-news","15":"tag-latestnews","16":"tag-news","17":"tag-no","18":"tag-norge","19":"tag-norway","20":"tag-nyheter","21":"tag-overskrifter","22":"tag-oygarden","23":"tag-top-stories","24":"tag-topstories"},"share_on_mastodon":{"url":"https:\/\/pubeurope.com\/@no\/115893330460424137","error":""},"_links":{"self":[{"href":"https:\/\/www.europesays.com\/no\/wp-json\/wp\/v2\/posts\/137026","targetHints":{"allow":["GET"]}}],"collection":[{"href":"https:\/\/www.europesays.com\/no\/wp-json\/wp\/v2\/posts"}],"about":[{"href":"https:\/\/www.europesays.com\/no\/wp-json\/wp\/v2\/types\/post"}],"author":[{"embeddable":true,"href":"https:\/\/www.europesays.com\/no\/wp-json\/wp\/v2\/users\/2"}],"replies":[{"embeddable":true,"href":"https:\/\/www.europesays.com\/no\/wp-json\/wp\/v2\/comments?post=137026"}],"version-history":[{"count":0,"href":"https:\/\/www.europesays.com\/no\/wp-json\/wp\/v2\/posts\/137026\/revisions"}],"wp:featuredmedia":[{"embeddable":true,"href":"https:\/\/www.europesays.com\/no\/wp-json\/wp\/v2\/media\/137027"}],"wp:attachment":[{"href":"https:\/\/www.europesays.com\/no\/wp-json\/wp\/v2\/media?parent=137026"}],"wp:term":[{"taxonomy":"category","embeddable":true,"href":"https:\/\/www.europesays.com\/no\/wp-json\/wp\/v2\/categories?post=137026"},{"taxonomy":"post_tag","embeddable":true,"href":"https:\/\/www.europesays.com\/no\/wp-json\/wp\/v2\/tags?post=137026"}],"curies":[{"name":"wp","href":"https:\/\/api.w.org\/{rel}","templated":true}]}}