{"id":137028,"date":"2026-01-14T11:58:10","date_gmt":"2026-01-14T11:58:10","guid":{"rendered":"https:\/\/www.europesays.com\/no\/137028\/"},"modified":"2026-01-14T11:58:10","modified_gmt":"2026-01-14T11:58:10","slug":"ol-raseri-i-italia-en-skam","status":"publish","type":"post","link":"https:\/\/www.europesays.com\/no\/137028\/","title":{"rendered":"OL-raseri i Italia: \u2013 En skam"},"content":{"rendered":"\n<p class=\"_lead_o9xde_2 _lead_xtcu6_50 layout-component text-serif-m layout-normal text-serif-l layout-component layout-wide layout-padded _wide_17hqh_1 layout-padded\">Italias stafetthelt fra Lillehammer-OL, Silvio Fauner, har startet et oppr\u00f8r. <\/p>\n<p><img alt=\"Silvio Fauner og Italia sn\u00f8t Bj\u00f8rn D\u00e6hlie og Norge for stafettgullet i langrenn under OL p\u00e5 Lillehammer i 1994.  Foto: Michel Euler \/ AP \/ NTB\" class=\"_image_qp4xg_65 layout-component layout-wide\" data-fullscreen- data-track-element-type=\"Article image fullscreen\" data-track-name=\"ImageFullscreen\" fetchpriority=\"high\" decoding=\"sync\" loading=\"eager\" height=\"2001\" itemprop=\"image\"  src=\"https:\/\/www.europesays.com\/no\/wp-content\/uploads\/2026\/01\/005cf469-cc30-4ad9-afba-846bd4582522.jpeg\"  style=\"object-position:0% 0%\" width=\"3013\"\/>Silvio Fauner og Italia sn\u00f8t Bj\u00f8rn D\u00e6hlie og Norge for stafettgullet i langrenn under OL p\u00e5 Lillehammer i 1994.  Foto: Michel Euler \/ AP \/ NTB<\/p>\n<ul aria-hidden=\"true\" class=\"_images_ntbth_112\">\n<li><a class=\"_link_ntbth_117\" href=\"https:\/\/www.vg.no\/forfatter\/herman-folvik\" style=\"z-index:1\" title=\"Herman Folvik\" rel=\"nofollow noopener\" target=\"_blank\"><img alt=\"Bilde av Herman Folvik\" class=\"_image_ntbth_93\" fetchpriority=\"low\" loading=\"lazy\" decoding=\"async\" itemprop=\"image\"  src=\"https:\/\/www.europesays.com\/no\/wp-content\/uploads\/2026\/01\/1768391889_845_b8d5eb91-9fa9-460c-b9f0-da310ffe35dd.png\"  width=\"480\"\/><\/a><\/li>\n<\/ul>\n<p> Oppdatert onsdag 14. januar kl. 12:32    <\/p>\n<ul class=\"_list_o9xde_3 _list_64s2r_85 _unordered_o9xde_106 text-sans-m\">\n<li class=\"_item_o9xde_30\">OL-helten Silvio Fauner er rasende over at langrennsheltene fra Lillehammer-OL og Torino-OL ikke f\u00e5r b\u00e6re fakkelen f\u00f8r vinter-OL i Milano\/Cortina.<\/li>\n<li class=\"_item_o9xde_30\">Totalt 10.001 fakkelb\u00e6rere deltar, men flere sportslegender f\u00f8ler seg oversett.<\/li>\n<li class=\"_item_o9xde_30\">Skuespiller Jackie Chan og andre kjendiser har derimot f\u00e5tt muligheten.<\/li>\n<li class=\"_item_o9xde_30\">Den italienske sportsministeren Andrea Abodi har bedt om en forklaring fra arrang\u00f8rene.<\/li>\n<\/ul>\n<p>Vis mer <\/p>\n<p class=\"_paragraph_o9xde_4 _paragraph_xtcu6_10 layout-component text-serif-m layout-normal text-serif-m layout-padded\">Vinter-OL i italienske Milano\/Cortina har \u00e5pningsseremoni 6. februar. Den 26. november begynte den tradisjonelle fakkelstafetten i Hellas, og fra 6. desember startet reisen i Italia.<\/p>\n<p class=\"_paragraph_o9xde_4 _paragraph_xtcu6_10 layout-component text-serif-m layout-normal text-serif-m layout-padded\">Totalt er det 10.001 fakkelb\u00e6rere involvert i reisen p\u00e5 tvers av alle de 110 italienske provinsene. <\/p>\n<p class=\"_paragraph_o9xde_4 _paragraph_xtcu6_10 layout-component text-serif-m layout-normal text-serif-m layout-padded\">Likevel er det ikke funnet plass til Italias stafetthelter i langrenn \u2013 hverken gullfireren fra 1994 p\u00e5 Lillehammer eller kvartetten som vant p\u00e5 hjemmebane i Torino i 2006. <\/p>\n<p class=\"_paragraph_o9xde_4 _paragraph_xtcu6_10 layout-component text-serif-m layout-normal text-serif-m layout-padded\">\u2013 Det finnes ingen respekt for oss mestere. Jeg anser det som en utrolig forn\u00e6rmelse. Eller som kona mi sier: En skam, sier tidligere langrennsl\u00f8per Silvio Fauner til storavisen Gazzetta dello Sport. <\/p>\n<p><img alt=\"Gazzetta dello Sport omtaler Italias stafettseier i 1994 som en av nasjonens ti st\u00f8rste idrettsbragder.   Foto: Jon Eeg \/ NTB\" class=\"_image_qp4xg_65 layout-component layout-normal\" data-fullscreen- data-track-element-type=\"Article image fullscreen\" data-track-name=\"ImageFullscreen\" decoding=\"async\" loading=\"lazy\" height=\"3443\" itemprop=\"image\"  src=\"https:\/\/www.europesays.com\/no\/wp-content\/uploads\/2026\/01\/1179284a-2d59-4abb-892e-dff6e62ff7ac.png\"  style=\"object-position:0% 0%\" width=\"4567\"\/>Gazzetta dello Sport omtaler Italias stafettseier i 1994 som en av nasjonens ti st\u00f8rste idrettsbragder.   Foto: Jon Eeg \/ NTB<\/p>\n<p class=\"_paragraph_o9xde_4 _paragraph_xtcu6_10 layout-component text-serif-m layout-normal text-serif-m layout-padded\">Han forteller at han fronter sinnet p\u00e5 vegne av Marco Albarello, Giorgio Vanzetta, Maurilio De Zolt, Giorgio Di Centa, Cristian Zorzi, Pietro Piller Cottrer og Gabriella Paruzzi. <\/p>\n<p class=\"_paragraph_o9xde_4 _paragraph_xtcu6_10 layout-component text-serif-m layout-normal text-serif-m layout-padded\">\u2013 Vi er alle forbannet, sier Fauner. <\/p>\n<p class=\"_paragraph_o9xde_4 _paragraph_xtcu6_10 layout-component text-serif-m layout-normal text-serif-m layout-padded\">Ogs\u00e5 OL-mesteren i slal\u00e5m fra 1976, Piero Gros, har g\u00e5tt ut offentlig med sin misn\u00f8ye.<\/p>\n<p class=\"_paragraph_o9xde_4 _paragraph_xtcu6_10 layout-component text-serif-m layout-normal text-serif-m layout-padded\">\u2013 Jeg er ikke sint, jeg er skuffet, sier Gros. <\/p>\n<p class=\"_paragraph_o9xde_4 _paragraph_xtcu6_10 layout-component text-serif-m layout-normal text-serif-m layout-padded\">\u2013 Det m\u00e5 v\u00e6re et minimum av respekt for mennesker, ellers vil de olympiske verdiene smuldre opp. <\/p>\n<p><img alt=\"Piero Gros vant OL-gull i 1976 i slal\u00e5m.   Foto: RICCARDO ANTIMIANI \/ EPA \/ NTB\" class=\"_image_qp4xg_65 layout-component layout-normal\" data-fullscreen- data-track-element-type=\"Article image fullscreen\" data-track-name=\"ImageFullscreen\" decoding=\"async\" loading=\"lazy\" height=\"1937\" itemprop=\"image\"  src=\"https:\/\/www.europesays.com\/no\/wp-content\/uploads\/2026\/01\/6188a202-934c-4d72-8609-1837995d10f1.png\"  style=\"object-position:0% 0%\" width=\"3072\"\/>Piero Gros vant OL-gull i 1976 i slal\u00e5m.   Foto: RICCARDO ANTIMIANI \/ EPA \/ NTB<\/p>\n<p class=\"_paragraph_o9xde_4 _paragraph_xtcu6_10 layout-component text-serif-m layout-normal text-serif-m layout-padded\">Skuespiller Jackie Chan fra Hongkong, popartisten Achille Lauro, filmskaper Giuseppe Tornatore og en rekke influensere og underholdningsprofiler har derimot f\u00e5tt b\u00e6re fakkelen.<\/p>\n<p class=\"_paragraph_o9xde_4 _paragraph_xtcu6_10 layout-component text-serif-m layout-normal text-serif-m layout-padded\">\u2013 OL er ikke et karneval, skriver Gazzetta-kommentator Luigi Garlando. <\/p>\n<p class=\"_paragraph_o9xde_4 _paragraph_xtcu6_10 layout-component text-serif-m layout-normal text-serif-m layout-padded\">Andrea Abodi er minister for sport og ungdom i Italia. Han har bedt Milano\/Cortina-arrang\u00f8ren og Den italienske olympiske komit\u00e9 (CONI) om forklaring. <\/p>\n<p class=\"_paragraph_o9xde_4 _paragraph_xtcu6_10 layout-component text-serif-m layout-normal text-serif-m layout-padded\">\u2013 Valget av fakkelb\u00e6rere gjaldt ikke fullt ut sportslegendene. Det er uforst\u00e5elig og urovekkende, sier Abodi og legger til: <\/p>\n<p class=\"_paragraph_o9xde_4 _paragraph_xtcu6_10 layout-component text-serif-m layout-normal text-serif-m layout-padded\">\u2013 Altfor mange utmerkelser innenfor idretten er glemt, s\u00e6rlig innenfor vintersporten. <\/p>\n<p><img alt=\"\u00c5pningsseremonien til OL g\u00e5r p\u00e5 San Siro.   Foto: Antonio Calanni \/ AP \/ NTB\" class=\"_image_qp4xg_65 layout-component layout-normal\" data-fullscreen- data-track-element-type=\"Article image fullscreen\" data-track-name=\"ImageFullscreen\" decoding=\"async\" loading=\"lazy\" height=\"4864\" itemprop=\"image\"  src=\"https:\/\/www.europesays.com\/no\/wp-content\/uploads\/2026\/01\/106e4871-7f37-425f-a416-71e0739dbe38.png\"  style=\"object-position:0% 0%\" width=\"7297\"\/>\u00c5pningsseremonien til OL g\u00e5r p\u00e5 San Siro.   Foto: Antonio Calanni \/ AP \/ NTB<\/p>\n<p class=\"_paragraph_o9xde_4 _paragraph_xtcu6_10 layout-component text-serif-m layout-normal text-serif-m layout-padded\">Arrang\u00f8rkomiteen i Milano\/Cortina rykket ut med en pressemelding tirsdag. <\/p>\n<p class=\"_paragraph_o9xde_4 _paragraph_xtcu6_10 layout-component text-serif-m layout-normal text-serif-m layout-padded\">\u2013 Det er viktig \u00e5 understreke at Fauner, til tross for den st\u00f8rste respekt for hans ekstraordin\u00e6re idrettskarriere, ikke ble invitert til \u00e5 delta i fakkelstafetten fordi han i dag innehar et politisk verv (varaordf\u00f8rer i kommunen Sappada), skriver Milano\/Cortina. <\/p>\n<p class=\"_paragraph_o9xde_4 _paragraph_xtcu6_10 layout-component text-serif-m layout-normal text-serif-m layout-padded\">De avviser at vintersportut\u00f8vere har blitt oversett.<\/p>\n<p class=\"_paragraph_o9xde_4 _paragraph_xtcu6_10 layout-component text-serif-m layout-normal text-serif-m layout-padded\">\u2013 I de f\u00f8rste 36 etappene av stafetten har arrangementet allerede hatt bes\u00f8k av et betydelig antall italienske mestere, inkludert en rekke olympiske medaljevinnere, mange av dem fra vinteridretter og fra ulike generasjoner. Deres deltagelse har bidratt til \u00e5 gj\u00f8re reisen til en ekte feiring av olympiske verdier og landets idrettshistorie, skriver Milano\/Cortina. <\/p>\n","protected":false},"excerpt":{"rendered":"Italias stafetthelt fra Lillehammer-OL, Silvio Fauner, har startet et oppr\u00f8r. Silvio Fauner og Italia sn\u00f8t Bj\u00f8rn D\u00e6hlie og&hellip;\n","protected":false},"author":2,"featured_media":137029,"comment_status":"","ping_status":"","sticky":false,"template":"","format":"standard","meta":{"footnotes":""},"categories":[59],"tags":[398,30,28,29,10469,83,82,3428,399],"class_list":{"0":"post-137028","1":"post","2":"type-post","3":"status-publish","4":"format-standard","5":"has-post-thumbnail","7":"category-sport","8":"tag-langrenn","9":"tag-no","10":"tag-norge","11":"tag-norway","12":"tag-ol-2026","13":"tag-sport","14":"tag-sports","15":"tag-vinter-ol","16":"tag-vintersport"},"share_on_mastodon":{"url":"https:\/\/pubeurope.com\/@no\/115893338327671412","error":""},"_links":{"self":[{"href":"https:\/\/www.europesays.com\/no\/wp-json\/wp\/v2\/posts\/137028","targetHints":{"allow":["GET"]}}],"collection":[{"href":"https:\/\/www.europesays.com\/no\/wp-json\/wp\/v2\/posts"}],"about":[{"href":"https:\/\/www.europesays.com\/no\/wp-json\/wp\/v2\/types\/post"}],"author":[{"embeddable":true,"href":"https:\/\/www.europesays.com\/no\/wp-json\/wp\/v2\/users\/2"}],"replies":[{"embeddable":true,"href":"https:\/\/www.europesays.com\/no\/wp-json\/wp\/v2\/comments?post=137028"}],"version-history":[{"count":0,"href":"https:\/\/www.europesays.com\/no\/wp-json\/wp\/v2\/posts\/137028\/revisions"}],"wp:featuredmedia":[{"embeddable":true,"href":"https:\/\/www.europesays.com\/no\/wp-json\/wp\/v2\/media\/137029"}],"wp:attachment":[{"href":"https:\/\/www.europesays.com\/no\/wp-json\/wp\/v2\/media?parent=137028"}],"wp:term":[{"taxonomy":"category","embeddable":true,"href":"https:\/\/www.europesays.com\/no\/wp-json\/wp\/v2\/categories?post=137028"},{"taxonomy":"post_tag","embeddable":true,"href":"https:\/\/www.europesays.com\/no\/wp-json\/wp\/v2\/tags?post=137028"}],"curies":[{"name":"wp","href":"https:\/\/api.w.org\/{rel}","templated":true}]}}