{"id":137032,"date":"2026-01-14T12:03:13","date_gmt":"2026-01-14T12:03:13","guid":{"rendered":"https:\/\/www.europesays.com\/no\/137032\/"},"modified":"2026-01-14T12:03:13","modified_gmt":"2026-01-14T12:03:13","slug":"huseier-siktet-etter-brannen","status":"publish","type":"post","link":"https:\/\/www.europesays.com\/no\/137032\/","title":{"rendered":"Huseier siktet etter brannen"},"content":{"rendered":"<p class=\"kicker \" style=\"\">Verdal-brannen:<\/p>\n<p>    Boligeier er siktet, og brannvesenet som arbeidsgiver mistenkt, etter brannen som kostet to brannkonstabler livet i Verdal forrige uke.<\/p>\n<p>\n    ETTERFORSKES: Politiet har siktet boligeieren for uaktsom framkalling av fare etter brannen. Samtidig etterforsker de ogs\u00e5 om brannvesenet har brutt arbeidsmilj\u00f8loven som arbeidsgiver. Foto: Leif Arne Holme \/ Adresseavisen \/ NTB\n  <\/p>\n<p>Politiet har siktet huseieren etter brannen i Verdal der to brannkonstabler mistet livet.<\/p>\n<p>&#8211; Huseier har f\u00e5tt status som siktet i saken som gjelder selve husbrannen. Saken etterforskes som en mulig overtredelse av straffelovens bestemmelse om uaktsom fremkalling av fare, og politiet \u00f8nsker \u00e5 unders\u00f8ke digitale enheter tilh\u00f8rende huseier, sier p\u00e5taleansvarlig politiadvokat Kjetil Bruland S\u00f8rensen i Tr\u00f8ndelag politidistrikt i en pressemelding.<\/p>\n<p>&#8211; Politiet vil understreke at det fortsatt ikke foreligger noen klare svar p\u00e5 hva som er brann\u00e5rsaken, og etterforsker saken bredt opp mot relevante hypoteser, sier politiadvokaten.<\/p>\n<p>        <img loading=\"lazy\" decoding=\"async\" src=\"https:\/\/www.europesays.com\/no\/wp-content\/uploads\/2026\/01\/84097924.webp.webp\" width=\"980\" height=\"559\" title=\"BRANN I VERDAL: Branntomta, der de to brannmennene Roger Kvello Hansen (51) og Geir Otto Lein Johnson (58) nylig mistet livet, unders\u00f8kes av krimteknikere fra Kripos. Foto: Hans Arne Vedlog \/ Dagbladet\" alt=\"\" class=\"\" style=\"--aspect-ratio-image: 1.75; \"\/><\/p>\n<p>\n        BRANN I VERDAL: Branntomta, der de to brannmennene Roger Kvello Hansen (51) og Geir Otto Lein Johnson (58) nylig mistet livet, unders\u00f8kes av krimteknikere fra Kripos. Foto: Hans Arne Vedlog \/ Dagbladet\n    <\/p>\n<p>Har det tungt\t<\/p>\n<p>Per Ove S\u00f8rholt er forsvarer for den siktede boligeieren.<\/p>\n<p>Han opplyser at han har v\u00e6rt i avh\u00f8r med sin klient onsdag. Han er ikke kjent med hvordan boligeieren stiller seg til siktelsen.<\/p>\n<p>&#8211; Han har det naturligvis tungt med tanke p\u00e5 det han har opplevd, og det tragiske utfallet brannen fikk, sier S\u00f8rholt til Dagbladet.<\/p>\n<p>Ogs\u00e5 brannvesenet som arbeidsgiver etterforskes. Som arbeidsgiver for de to omkomne har brannvesenet rutinemessig f\u00e5tt status som mistenkt i saken.\u00a0<\/p>\n<p>Politiet etterforsker om det har skjedd overtredelse av arbeidsmilj\u00f8loven.<\/p>\n<p>&#8211; Vi jobber bredt i etterforskningen og er i en fase der vi samler inn informasjon, sier Bruland S\u00f8rensen i pressemeldingen fra politiet.<\/p>\n<p>    <a itemprop=\"url\" href=\"https:\/\/www.dagbladet.no\/nyheter\/rapport-avslorer-mangler\/84072896\" rel=\"nofollow noopener\" target=\"_blank\"><\/p>\n<p>        <img loading=\"lazy\" decoding=\"async\" src=\"https:\/\/www.europesays.com\/no\/wp-content\/uploads\/2026\/01\/1768392193_847_84074552.webp.webp\" width=\"980\" height=\"441\" title=\"Rapport avsl\u00f8rer mangler\" alt=\"\" class=\"lazyload\" style=\"--aspect-ratio-image: 2.22; \"\/><\/p>\n<p>        Rapport avsl\u00f8rer mangler<\/p>\n<p>    <\/a><\/p>\n<p>Omkom\t<\/p>\n<p>Det var\u00a0<a href=\"https:\/\/www.dagbladet.no\/nyheter\/lun-god-og-varm\/84073718\" rel=\"nofollow noopener\" target=\"_blank\">51 \u00e5r gamle Roger Kvello Hansen<\/a>\u00a0og\u00a0<a href=\"https:\/\/www.dagbladet.no\/nyheter\/han-var-en-monstersoldat\/84072745\" rel=\"nofollow noopener\" target=\"_blank\">58 \u00e5r gamle Geir Otto Lein Johnson<\/a>\u00a0som omkom i brannen natt til onsdag 7. januar.<\/p>\n<p>Venner og kolleger av Hansen og Johnson beskriver dem som \u00abflotte mannfolk i sin beste alder, flotte folk p\u00e5 alle mulige vis\u00bb.<\/p>\n<p>D\u00f8dsfallene har rystet bygda.<\/p>\n<p>&#8211; Det har v\u00e6rt noen t\u00f8ffe dager. Det er en krevende uke. Det er n\u00e6rt, men samtidig s\u00e5 skal man pr\u00f8ve \u00e5 v\u00e6re profesjonell og gj\u00f8re det vi i kommunen kan. Jeg h\u00e5per og tror vi har f\u00e5tt det til, beskrev Verdal-ordf\u00f8rer Knut Snorre Sandnes til Dagbladet forrige uke.<\/p>\n<p>Han kjente begge de omkomne, b\u00e5de gjennom jobb og privat.<\/p>\n","protected":false},"excerpt":{"rendered":"Verdal-brannen: Boligeier er siktet, og brannvesenet som arbeidsgiver mistenkt, etter brannen som kostet to brannkonstabler livet i Verdal&hellip;\n","protected":false},"author":2,"featured_media":137033,"comment_status":"","ping_status":"","sticky":false,"template":"","format":"standard","meta":{"footnotes":""},"categories":[10],"tags":[367,20,21,24,25,15,2539,22,23,13,30,28,29,14,16,26,27,270,2133],"class_list":{"0":"post-137032","1":"post","2":"type-post","3":"status-publish","4":"format-standard","5":"has-post-thumbnail","7":"category-norge","8":"tag-brann","9":"tag-breaking-news","10":"tag-breakingnews","11":"tag-featured-news","12":"tag-featurednews","13":"tag-headlines","14":"tag-innenriks","15":"tag-latest-news","16":"tag-latestnews","17":"tag-news","18":"tag-no","19":"tag-norge","20":"tag-norway","21":"tag-nyheter","22":"tag-overskrifter","23":"tag-top-stories","24":"tag-topstories","25":"tag-trondelag","26":"tag-verdal"},"share_on_mastodon":{"url":"https:\/\/pubeurope.com\/@no\/115893358086459802","error":""},"_links":{"self":[{"href":"https:\/\/www.europesays.com\/no\/wp-json\/wp\/v2\/posts\/137032","targetHints":{"allow":["GET"]}}],"collection":[{"href":"https:\/\/www.europesays.com\/no\/wp-json\/wp\/v2\/posts"}],"about":[{"href":"https:\/\/www.europesays.com\/no\/wp-json\/wp\/v2\/types\/post"}],"author":[{"embeddable":true,"href":"https:\/\/www.europesays.com\/no\/wp-json\/wp\/v2\/users\/2"}],"replies":[{"embeddable":true,"href":"https:\/\/www.europesays.com\/no\/wp-json\/wp\/v2\/comments?post=137032"}],"version-history":[{"count":0,"href":"https:\/\/www.europesays.com\/no\/wp-json\/wp\/v2\/posts\/137032\/revisions"}],"wp:featuredmedia":[{"embeddable":true,"href":"https:\/\/www.europesays.com\/no\/wp-json\/wp\/v2\/media\/137033"}],"wp:attachment":[{"href":"https:\/\/www.europesays.com\/no\/wp-json\/wp\/v2\/media?parent=137032"}],"wp:term":[{"taxonomy":"category","embeddable":true,"href":"https:\/\/www.europesays.com\/no\/wp-json\/wp\/v2\/categories?post=137032"},{"taxonomy":"post_tag","embeddable":true,"href":"https:\/\/www.europesays.com\/no\/wp-json\/wp\/v2\/tags?post=137032"}],"curies":[{"name":"wp","href":"https:\/\/api.w.org\/{rel}","templated":true}]}}