{"id":137034,"date":"2026-01-14T12:04:15","date_gmt":"2026-01-14T12:04:15","guid":{"rendered":"https:\/\/www.europesays.com\/no\/137034\/"},"modified":"2026-01-14T12:04:15","modified_gmt":"2026-01-14T12:04:15","slug":"ekspertgruppe-skal-undersoke-om-nav-fungerer-optimalt","status":"publish","type":"post","link":"https:\/\/www.europesays.com\/no\/137034\/","title":{"rendered":"Ekspertgruppe skal unders\u00f8ke om Nav fungerer optimalt"},"content":{"rendered":"\n<p class=\"_lead_o9xde_2 _lead_xtcu6_50 layout-component text-serif-m layout-normal text-serif-l layout-component layout-wide layout-padded _wide_17hqh_1 layout-padded\">Regjeringen vil nedsette en ekspertgruppe som skal unders\u00f8ke om Nav fungerer optimalt og om det er godt nok rustet for fremtiden.<\/p>\n<p><img alt=\"Regjeringen nedsetter en ekspertgruppe som skal se n\u00f8ye p\u00e5 hvordan Nav fungerer i dag og hvordan Nav er rigget for fremtiden.  Foto: Amanda Pedersen Giske \/ NTB\" class=\"_image_qp4xg_65 layout-component layout-wide\" data-fullscreen- data-track-element-type=\"Article image fullscreen\" data-track-name=\"ImageFullscreen\" fetchpriority=\"high\" decoding=\"sync\" loading=\"eager\" height=\"2740\" itemprop=\"image\"  src=\"https:\/\/www.europesays.com\/no\/wp-content\/uploads\/2026\/01\/661e842e-4f50-48f8-9601-08332a47da2e.png\"  style=\"object-position:0% 0%\" width=\"4110\"\/>Regjeringen nedsetter en ekspertgruppe som skal se n\u00f8ye p\u00e5 hvordan Nav fungerer i dag og hvordan Nav er rigget for fremtiden.  Foto: Amanda Pedersen Giske \/ NTB<\/p>\n<ul aria-hidden=\"true\" class=\"_images_ntbth_112\">\n<li><a class=\"_link_ntbth_117\" href=\"https:\/\/www.vg.no\/forfatter\/ntb\" style=\"z-index:1\" title=\"NTB\" rel=\"nofollow noopener\" target=\"_blank\"><img alt=\"Bilde av NTB\" class=\"_image_ntbth_93\" fetchpriority=\"low\" loading=\"lazy\" decoding=\"async\" itemprop=\"image\"  src=\"https:\/\/www.europesays.com\/no\/wp-content\/uploads\/2026\/01\/1768392255_774_c33980b0-5d07-4027-84a1-813f90a7c8d6.png\"  width=\"480\"\/><\/a><\/li>\n<\/ul>\n<p> Oppdatert tirsdag 13. januar kl. 09:01     <\/p>\n<p class=\"_paragraph_o9xde_4 _paragraph_xtcu6_10 layout-component text-serif-m layout-normal text-serif-m layout-padded\"> \u2013 Selv om mye i <a href=\"https:\/\/www.vg.no\/tag\/nav?utm_source=vg-article&amp;utm_medium=auto-tagger&amp;utm_campaign=JOJ6A7\" class=\"_link_o9xde_39\" rel=\"nofollow noopener\" target=\"_blank\">Nav<\/a> g\u00e5r bra, er det fortsatt mye som ikke fungerer godt nok. Det er for lange saksbehandlingstider p\u00e5 flere omr\u00e5der, regelverket er for komplisert, og Riksrevisjonen har p\u00e5pekt for svak internkontroll. Dette viser at det er behov for en bred vurdering av Arbeids- og velferdsforvaltningen 20 \u00e5r etter Nav-reformen, sier arbeids- og inkluderingsminister Kjersti Stenseng (Ap) i en <a href=\"https:\/\/www.regjeringen.no\/no\/aktuelt\/regjeringen-vil-ha-gjennomgang-av-nav\/id3145871\/?utm_source=regjeringen.no&amp;utm_medium=rss\" class=\"_link_o9xde_39\" rel=\"nofollow noopener\" target=\"_blank\">pressemelding<\/a>.<\/p>\n<p class=\"_paragraph_o9xde_4 _paragraph_xtcu6_10 layout-component text-serif-m layout-normal text-serif-m layout-padded\">Ekspertgruppen skal beskrive hvordan Nav fungerer i dag, men de skal f\u00f8rst og fremst ta for seg hvordan Navs oppgaver blir i tiden fremover.<\/p>\n<p>Halvannet \u00e5rs arbeid<\/p>\n<p class=\"_paragraph_o9xde_4 _paragraph_xtcu6_10 layout-component text-serif-m layout-normal text-serif-m layout-padded\">\u2013 Flere vil bli eldre, og antallet pensjonister vil \u00f8ke med 25 prosent innen 2035. Selv med digitale l\u00f8sninger m\u00e5 mange saker fortsatt behandles manuelt. Samtidig forventes det mangel p\u00e5 arbeidskraft, skriver regjeringen.<\/p>\n<p class=\"_paragraph_o9xde_4 _paragraph_xtcu6_10 layout-component text-serif-m layout-normal text-serif-m layout-padded\">Gruppen skal vurdere om dagens organisering er hensiktsmessig, vurdere oppgavefordeling med andre etater og tjenester og om partnerskapet mellom stat og kommune utnyttes godt nok. Ekspertgruppen vil f\u00e5 omkring halvannet \u00e5r p\u00e5 arbeidet med \u00e5 levere sin rapport.<\/p>\n<p class=\"_paragraph_o9xde_4 _paragraph_xtcu6_10 layout-component text-serif-m layout-normal text-serif-m layout-padded\">I november gikk Hans Christian Holte av som Nav-sjef etter at det ble kjent at etaten har gitt feil informasjon til Arbeids- og inkluderingsdepartementet og Riksrevisjonen i flere saker.<\/p>\n<p>Ber om at Nav-brukerne blir h\u00f8rt<\/p>\n<p class=\"_paragraph_o9xde_4 _paragraph_xtcu6_10 layout-component text-serif-m layout-normal text-serif-m layout-padded\">Konstituert arbeids- og velferdsdirekt\u00f8r Eve V. Bergli \u00f8nsker utredningen velkommen.<\/p>\n<p class=\"_paragraph_o9xde_4 _paragraph_xtcu6_10 layout-component text-serif-m layout-normal text-serif-m layout-padded\">\u2013 Det m\u00e5 bli enklere for brukerne v\u00e5re \u00e5 benytte Navs tjenester, med raskere avklaringer og god hjelp. Og vi m\u00e5 frigj\u00f8re tid for Navs ansatte til hjelpe flere i arbeid, sier Bergli.<\/p>\n<p class=\"_paragraph_o9xde_4 _paragraph_xtcu6_10 layout-component text-serif-m layout-normal text-serif-m layout-padded\">Stiftelsen Rettferd roser regjeringen for initiativet. De understreker samtidig viktigheten av at prosessen ogs\u00e5 tar hensyn til de som Nav f\u00f8rst og fremst skal dreie seg om.<\/p>\n<p class=\"_paragraph_o9xde_4 _paragraph_xtcu6_10 layout-component text-serif-m layout-normal text-serif-m layout-padded\"> \u2013 Vi forventer regjeringen lytter til brukerne i denne gjennomgangen, sier daglig leder i Stiftelsen Rettferd Tor Bernhard Slaathaug.<\/p>\n","protected":false},"excerpt":{"rendered":"Regjeringen vil nedsette en ekspertgruppe som skal unders\u00f8ke om Nav fungerer optimalt og om det er godt nok&hellip;\n","protected":false},"author":2,"featured_media":137035,"comment_status":"","ping_status":"","sticky":false,"template":"","format":"standard","meta":{"footnotes":""},"categories":[5],"tags":[1727,20,21,24,25,15,19,22,23,17,18,652,13,30,28,29,14,16,26,27],"class_list":{"0":"post-137034","1":"post","2":"type-post","3":"status-publish","4":"format-standard","5":"has-post-thumbnail","7":"category-overskrifter","8":"tag-arbeids-og-inkluderingsdepartementet","9":"tag-breaking-news","10":"tag-breakingnews","11":"tag-featured-news","12":"tag-featurednews","13":"tag-headlines","14":"tag-hovedoppslag","15":"tag-latest-news","16":"tag-latestnews","17":"tag-main-news","18":"tag-mainnews","19":"tag-nav","20":"tag-news","21":"tag-no","22":"tag-norge","23":"tag-norway","24":"tag-nyheter","25":"tag-overskrifter","26":"tag-top-stories","27":"tag-topstories"},"share_on_mastodon":{"url":"https:\/\/pubeurope.com\/@no\/115893361998015828","error":""},"_links":{"self":[{"href":"https:\/\/www.europesays.com\/no\/wp-json\/wp\/v2\/posts\/137034","targetHints":{"allow":["GET"]}}],"collection":[{"href":"https:\/\/www.europesays.com\/no\/wp-json\/wp\/v2\/posts"}],"about":[{"href":"https:\/\/www.europesays.com\/no\/wp-json\/wp\/v2\/types\/post"}],"author":[{"embeddable":true,"href":"https:\/\/www.europesays.com\/no\/wp-json\/wp\/v2\/users\/2"}],"replies":[{"embeddable":true,"href":"https:\/\/www.europesays.com\/no\/wp-json\/wp\/v2\/comments?post=137034"}],"version-history":[{"count":0,"href":"https:\/\/www.europesays.com\/no\/wp-json\/wp\/v2\/posts\/137034\/revisions"}],"wp:featuredmedia":[{"embeddable":true,"href":"https:\/\/www.europesays.com\/no\/wp-json\/wp\/v2\/media\/137035"}],"wp:attachment":[{"href":"https:\/\/www.europesays.com\/no\/wp-json\/wp\/v2\/media?parent=137034"}],"wp:term":[{"taxonomy":"category","embeddable":true,"href":"https:\/\/www.europesays.com\/no\/wp-json\/wp\/v2\/categories?post=137034"},{"taxonomy":"post_tag","embeddable":true,"href":"https:\/\/www.europesays.com\/no\/wp-json\/wp\/v2\/tags?post=137034"}],"curies":[{"name":"wp","href":"https:\/\/api.w.org\/{rel}","templated":true}]}}