{"id":137036,"date":"2026-01-14T12:05:07","date_gmt":"2026-01-14T12:05:07","guid":{"rendered":"https:\/\/www.europesays.com\/no\/137036\/"},"modified":"2026-01-14T12:05:07","modified_gmt":"2026-01-14T12:05:07","slug":"nyheter-lillehammer-bryter-tausheten-jeg-motte-rett-og-slett-veggen-gudbrandsdolen-dagningen","status":"publish","type":"post","link":"https:\/\/www.europesays.com\/no\/137036\/","title":{"rendered":"Nyheter, Lillehammer | Bryter tausheten: \u2013 Jeg m\u00f8tte rett og slett veggen &#8211; Gudbrandsd\u00f8len Dagningen"},"content":{"rendered":"<ol>\n<li><a href=\"https:\/\/news.google.com\/rss\/articles\/CBMihwFBVV95cUxOR216TFZjYjFtLWtZVGFoVW5qamZqc0hlX1U1RDlCUlI3YU1QNEhZYmJuUkpMSUdpd2dXTkxqRF9BU3ZHSnVlcGZQN2dvTkkyZ3BMTkxVSlFobjBqeHhqUV9SRHllUWEwU3RlTHJIS1hnUE5QN0otNFNrWXlJeVZvR3lNNFJlZE0?oc=5\" target=\"_blank\" rel=\"nofollow noopener\">Nyheter, Lillehammer | Bryter tausheten: \u2013 Jeg m\u00f8tte rett og slett veggen<\/a>&nbsp;&nbsp;Gudbrandsd\u00f8len Dagningen<\/li>\n<li><a href=\"https:\/\/news.google.com\/rss\/articles\/CBMilwFBVV95cUxQZGhudk1kMzB1M3RzY3NXTG1xNVROSTM1X2RKVmNYVngxZDdsaFpudUdUUDZIZ01WbFhvejloSDBGUjVYTmVlNlNfeHQtYnhrRHJJVWk3U0UtbEc0Y3RndVJJdGpmcUp3Y0t5RmE1SG00NXJ2MFVUTFhwWDVJaFM0dGZGN3hkZ1pUR18wV21nWEg1LTMyVWtJ?oc=5\" target=\"_blank\" rel=\"nofollow noopener\">R\u00f8nningen bryter tausheten: \u2013 Jeg m\u00f8tte rett og slett veggen<\/a>&nbsp;&nbsp;Hamar Arbeiderblad<\/li>\n<li><a href=\"https:\/\/news.google.com\/rss\/articles\/CBMiTkFVX3lxTE5IZlZVeVEzX0NLMWJHSkRWcS04MWJQV2VsY0hSLWxaLWRSSElRZHFwbVRlQmVmZjhPaWs0cWsycFQ4VmlkcktUUFMzUEVEdw?oc=5\" target=\"_blank\" rel=\"nofollow noopener\">R\u00f8nningen tilbake!<\/a>&nbsp;&nbsp;Storhamar Hockey<\/li>\n<li><a href=\"https:\/\/news.google.com\/rss\/articles\/CBMijgFBVV95cUxNWUZYcFBSWTl5MURxSGQ4RElLT3ktS2NISG1jRldPNWcyMkEwX3o4QS1mSFFuVWYzckpheEZNTDNmMTdFYTFMeElNTmQ4ZS1nU1RxLWM3NlZVX29Sb0MzNF95c1BWQ0xValBXNW8xOVRZN2FYRkVaWk9NQWRFdFVkNVQ5NjM0OWZiVkFOdi13?oc=5\" target=\"_blank\" rel=\"nofollow noopener\">Landslagsspiller vender hjem<\/a>&nbsp;&nbsp;Stavanger Aftenblad<\/li>\n<li><a href=\"https:\/\/news.google.com\/rss\/articles\/CBMi0AFBVV95cUxQMExTQkloT1lMNUhlU1BLU00xSERHOEVZZmhLdXdhSDlxeWM2QWw3Mkd1clBRdlJpUmlXWDBnZHNOQjcyWWtCMHY4UVRvSDFtWEVjblNRX09nWjVSdTdoSnd2b1htd3A0SlFJVEREYk1hS3F2SUZTbk5vaUJaU0ZXQkNWSHZ2QzBxeG1MdTRqODBNcnBCdmYyWldacnRUc3puZnBCZzd5TjZ3REkyX01ZZ2NmZDBiZ0FYM0NRaWxtbEFNaks3eVpELTE0TFpFcTdP?oc=5\" target=\"_blank\" rel=\"nofollow noopener\">Sverre R\u00f8nningen (24) hjem til Storhamar &#8211; ble k\u00e5ret til mest verdifulle spiller forrige sesong<\/a>&nbsp;&nbsp;NRK<\/li>\n<\/ol>\n","protected":false},"excerpt":{"rendered":"Nyheter, Lillehammer | Bryter tausheten: \u2013 Jeg m\u00f8tte rett og slett veggen&nbsp;&nbsp;Gudbrandsd\u00f8len Dagningen R\u00f8nningen bryter tausheten: \u2013 Jeg&hellip;\n","protected":false},"author":2,"featured_media":137037,"comment_status":"","ping_status":"","sticky":false,"template":"","format":"standard","meta":{"footnotes":""},"categories":[59],"tags":[30,28,29,83,82],"class_list":{"0":"post-137036","1":"post","2":"type-post","3":"status-publish","4":"format-standard","5":"has-post-thumbnail","7":"category-sport","8":"tag-no","9":"tag-norge","10":"tag-norway","11":"tag-sport","12":"tag-sports"},"share_on_mastodon":{"url":"https:\/\/pubeurope.com\/@no\/115893365800830927","error":""},"_links":{"self":[{"href":"https:\/\/www.europesays.com\/no\/wp-json\/wp\/v2\/posts\/137036","targetHints":{"allow":["GET"]}}],"collection":[{"href":"https:\/\/www.europesays.com\/no\/wp-json\/wp\/v2\/posts"}],"about":[{"href":"https:\/\/www.europesays.com\/no\/wp-json\/wp\/v2\/types\/post"}],"author":[{"embeddable":true,"href":"https:\/\/www.europesays.com\/no\/wp-json\/wp\/v2\/users\/2"}],"replies":[{"embeddable":true,"href":"https:\/\/www.europesays.com\/no\/wp-json\/wp\/v2\/comments?post=137036"}],"version-history":[{"count":0,"href":"https:\/\/www.europesays.com\/no\/wp-json\/wp\/v2\/posts\/137036\/revisions"}],"wp:featuredmedia":[{"embeddable":true,"href":"https:\/\/www.europesays.com\/no\/wp-json\/wp\/v2\/media\/137037"}],"wp:attachment":[{"href":"https:\/\/www.europesays.com\/no\/wp-json\/wp\/v2\/media?parent=137036"}],"wp:term":[{"taxonomy":"category","embeddable":true,"href":"https:\/\/www.europesays.com\/no\/wp-json\/wp\/v2\/categories?post=137036"},{"taxonomy":"post_tag","embeddable":true,"href":"https:\/\/www.europesays.com\/no\/wp-json\/wp\/v2\/tags?post=137036"}],"curies":[{"name":"wp","href":"https:\/\/api.w.org\/{rel}","templated":true}]}}