{"id":137038,"date":"2026-01-14T12:09:42","date_gmt":"2026-01-14T12:09:42","guid":{"rendered":"https:\/\/www.europesays.com\/no\/137038\/"},"modified":"2026-01-14T12:09:42","modified_gmt":"2026-01-14T12:09:42","slug":"buss-kjorte-pa-elg-totalskadd","status":"publish","type":"post","link":"https:\/\/www.europesays.com\/no\/137038\/","title":{"rendered":"Buss kj\u00f8rte p\u00e5 elg: &#8211; Totalskadd"},"content":{"rendered":"<p>    Elgen m\u00e5tte avlives etter \u00e5 ha blitt p\u00e5kj\u00f8rt av en buss mellom Fl\u00e5 og Nesbyen. &#8211; Kom et plutselig dunk, sier passasjer til Dagbladet.\u00a0<\/p>\n<p>\n    STORE SKADER: Slik s\u00e5 bussen ut etter elgp\u00e5kj\u00f8rselen tirsdag kveld. Foto: Viljar Venjum\n  <\/p>\n<p>P\u00e5kj\u00f8rselen skjedde rundt klokka 19 mandag kveld.<\/p>\n<p>&#8211; Bussen var p\u00e5 vei fra F\u00f8rde til Oslo. Mellom Fl\u00e5 og Nesbyen kj\u00f8rte den p\u00e5 en elg, sier Vys kommunikasjossjef Siv Egger Westin til Dagbladet.<\/p>\n<p>Verken f\u00f8rer eller passasjerer kom til skade, men elgen ble skadd og m\u00e5tte avlives. Det er ogs\u00e5 store skader p\u00e5 bussen.<\/p>\n<p>&#8211; Den er totalskadd, sier Westin.<\/p>\n<p>        <img loading=\"lazy\" decoding=\"async\" src=\"https:\/\/www.europesays.com\/no\/wp-content\/uploads\/2026\/01\/84095297.webp.webp\" width=\"667\" height=\"381\" title=\"KNUST FRONT: Vy beskriver bussen som totalskadd etter sammenst\u00f8tet. Foto: Viljar Venjum\" alt=\"\" class=\"\" style=\"--aspect-ratio-image: 1.75; \"\/><\/p>\n<p>\n        KNUST FRONT: Vy beskriver bussen som totalskadd etter sammenst\u00f8tet. Foto: Viljar Venjum\n    <\/p>\n<p>Viljar Venjum var passasjer p\u00e5 bussen som var involvert i p\u00e5kj\u00f8rselen.<\/p>\n<p>&#8211; Jeg satt og leste, og plutselig var det et dunk. Bussen stoppet med \u00e9n gang, og f\u00f8reren fortalte at det var en elg, sier han.<\/p>\n<p>If\u00f8lge Venjum var det to elger i veien. Bussen skal ha kj\u00f8rt p\u00e5 en av dem og sneiet den andre, f\u00f8r den l\u00f8p videre ut i skogen.<\/p>\n<p>&#8211; Jeg gikk ut og s\u00e5. Den ene l\u00e5 ti meter bortenfor bussen, oppi sn\u00f8en.<\/p>\n<p>Han og de andre passasjerene fraktes n\u00e5 videre med taxier.<\/p>\n","protected":false},"excerpt":{"rendered":"Elgen m\u00e5tte avlives etter \u00e5 ha blitt p\u00e5kj\u00f8rt av en buss mellom Fl\u00e5 og Nesbyen. &#8211; Kom et&hellip;\n","protected":false},"author":2,"featured_media":137039,"comment_status":"","ping_status":"","sticky":false,"template":"","format":"standard","meta":{"footnotes":""},"categories":[12],"tags":[20,21,24,25,15,2539,22,23,13,30,28,29,14,16,26,27,42,43,44,45],"class_list":{"0":"post-137038","1":"post","2":"type-post","3":"status-publish","4":"format-standard","5":"has-post-thumbnail","7":"category-verden","8":"tag-breaking-news","9":"tag-breakingnews","10":"tag-featured-news","11":"tag-featurednews","12":"tag-headlines","13":"tag-innenriks","14":"tag-latest-news","15":"tag-latestnews","16":"tag-news","17":"tag-no","18":"tag-norge","19":"tag-norway","20":"tag-nyheter","21":"tag-overskrifter","22":"tag-top-stories","23":"tag-topstories","24":"tag-verden","25":"tag-world","26":"tag-world-news","27":"tag-worldnews"},"share_on_mastodon":{"url":"https:\/\/pubeurope.com\/@no\/115893381659163188","error":""},"_links":{"self":[{"href":"https:\/\/www.europesays.com\/no\/wp-json\/wp\/v2\/posts\/137038","targetHints":{"allow":["GET"]}}],"collection":[{"href":"https:\/\/www.europesays.com\/no\/wp-json\/wp\/v2\/posts"}],"about":[{"href":"https:\/\/www.europesays.com\/no\/wp-json\/wp\/v2\/types\/post"}],"author":[{"embeddable":true,"href":"https:\/\/www.europesays.com\/no\/wp-json\/wp\/v2\/users\/2"}],"replies":[{"embeddable":true,"href":"https:\/\/www.europesays.com\/no\/wp-json\/wp\/v2\/comments?post=137038"}],"version-history":[{"count":0,"href":"https:\/\/www.europesays.com\/no\/wp-json\/wp\/v2\/posts\/137038\/revisions"}],"wp:featuredmedia":[{"embeddable":true,"href":"https:\/\/www.europesays.com\/no\/wp-json\/wp\/v2\/media\/137039"}],"wp:attachment":[{"href":"https:\/\/www.europesays.com\/no\/wp-json\/wp\/v2\/media?parent=137038"}],"wp:term":[{"taxonomy":"category","embeddable":true,"href":"https:\/\/www.europesays.com\/no\/wp-json\/wp\/v2\/categories?post=137038"},{"taxonomy":"post_tag","embeddable":true,"href":"https:\/\/www.europesays.com\/no\/wp-json\/wp\/v2\/tags?post=137038"}],"curies":[{"name":"wp","href":"https:\/\/api.w.org\/{rel}","templated":true}]}}