{"id":137040,"date":"2026-01-14T12:10:09","date_gmt":"2026-01-14T12:10:09","guid":{"rendered":"https:\/\/www.europesays.com\/no\/137040\/"},"modified":"2026-01-14T12:10:09","modified_gmt":"2026-01-14T12:10:09","slug":"resten-av-vinteren-blir-trolig-mildere-enn-vanlig","status":"publish","type":"post","link":"https:\/\/www.europesays.com\/no\/137040\/","title":{"rendered":"Resten av vinteren blir trolig mildere enn vanlig"},"content":{"rendered":"<p class=\"extendedContent hyperion-css-eyn926\" data-test-tag=\"lead-text\">\u00c5ret startet med sprengkulde mange steder, men resten av vinteren blir sannsynligvis av det mildere slaget. <\/p>\n<p><img decoding=\"async\" class=\"image-asset hyperion-css-u06ts1\" data-test-tag=\"image-asset\" src=\"https:\/\/www.europesays.com\/no\/wp-content\/uploads\/2026\/01\/d1460253-12a0-434f-be93-940a3b412584.jpeg\"  alt=\"Onsdag v\u00e5knet folk p\u00e5 \u00d8stlandet til 10\u201325 centimeter sn\u00f8. Resten av vinteren kan by p\u00e5 mer sludd og regn. \"  loading=\"eager\" fetchpriority=\"high\" style=\"aspect-ratio:2048 \/ 1365\"\/>Onsdag v\u00e5knet folk p\u00e5 \u00d8stlandet til 10\u201325 centimeter sn\u00f8. Resten av vinteren kan by p\u00e5 mer sludd og regn. Foto: Paul Kleiven \/ NTB<\/p>\n<p>Publisert: 14.01.2026 12:42 |\u00a0Oppdatert: 14.01.2026 13:09<\/p>\n<p class=\"paywall hyperion-css-1j42uic\">Dagens till\u00f8p til sn\u00f8kaos og sprengkulden fra starten p\u00e5 starten av \u00e5ret kan v\u00e6re noe av det mer vintrete vi f\u00e5r oppleve p\u00e5 \u00d8stlandet denne vinteren. <\/p>\n<p class=\"paywall hyperion-css-1j42uic\">De neste tre m\u00e5nedene vil h\u00f8yst sannsynlig bli varmere enn normalt, melder Meteorologisk institutt i sitt seneste <a aria-label=\"sesongvarsel\" class=\"default hyperion-css-1raymq9\" href=\"https:\/\/www.met.no\/vaer-og-klima\/sesongvarsel\" target=\"_blank\" rel=\"noopener nofollow noreferrer\" data-test-tag=\"external-link\">sesongvarsel<\/a>. <\/p>\n<p class=\"paywall hyperion-css-1j42uic\">\u2013 Dette er et gjennomsnitt for alle tre m\u00e5nedene, s\u00e5 det kan bli kaldere perioder innimellom ogs\u00e5, sier meteorolog Camilla Camilla Garshol Albertsen til Aftenposten. <\/p>\n<p class=\"paywall hyperion-css-1j42uic\">N\u00e5r det gjelder nedb\u00f8r, er det mer usikkert, men det er litt mer sannsynlig at det blir enten t\u00f8rrere, eller normale nedb\u00f8rsmengder i Agder og p\u00e5 \u00d8stlandet. <\/p>\n<p class=\"paywall hyperion-css-1j42uic\">Over hele landet ventes det mildere v\u00e6r enn vanlig i perioden februar til april.  <\/p>\n<p class=\"paywall hyperion-css-1j42uic\">Jo lenger nord i landet du kommer, desto sikrere blir meteorologene p\u00e5 at vinteren blir av det mindre kalde slaget. <\/p>\n<p><img decoding=\"async\" class=\"image-asset hyperion-css-u06ts1\" data-test-tag=\"image-asset\" src=\"https:\/\/www.europesays.com\/no\/wp-content\/uploads\/2026\/01\/e92a2edb-1da9-43d9-9bb9-0ffbeba7b8ac.jpeg\"  alt=\"Helgen var bikkjekald p\u00e5 \u00d8stlandet, men i snitt tror meteorologene at vinteren blir varmere enn vanlig. \"  loading=\"eager\" fetchpriority=\"high\" style=\"aspect-ratio:2048 \/ 1365\"\/>Helgen var bikkjekald p\u00e5 \u00d8stlandet, men i snitt tror meteorologene at vinteren blir varmere enn vanlig. Foto: Terje Pedersen, NTB<\/p>\n<p class=\"paywall hyperion-css-1j42uic\">\u2013 Disse varslene viser som regel alltid at det blir mildere enn normalt, fordi temperaturene har \u00f8kt med klimaendringene. Det er det sikreste tegnet, som alle sesongprognosene er enige i i st\u00f8rre eller mindre grad, sier Albertsen.<\/p>\n<p class=\"paywall hyperion-css-1j42uic\">Meteorologene er ogs\u00e5 ganske sikre p\u00e5 dette: Folk i Nordland, Troms og Finnmark kan vente seg v\u00e5tere v\u00e6r enn vanlig utover vinteren. <\/p>\n<p class=\"paywall hyperion-css-1j42uic\">Ogs\u00e5 p\u00e5 Vestlandet og i Tr\u00f8ndelag er sannsynligheten st\u00f8rst for en vinter av det v\u00e5tere slaget, men her er prognosene ikke like sikre. <\/p>\n<p class=\"paywall hyperion-css-1j42uic\">De sier heller ikke noe om nedb\u00f8ren vil komme i form av sn\u00f8, sludd eller regn. <\/p>\n<p class=\"paywall hyperion-css-1j42uic\">Men meteorologene skriver i en kommentar til varselet at en mild sesong generelt vil gi mindre sn\u00f8 enn en kald sesong. <\/p>\n<p class=\"paywall hyperion-css-1j42uic\">Sannsynligheten for sn\u00f8 er generelt st\u00f8rre i indre str\u00f8k, p\u00e5 fjellet og jo lenger nord du kommer.<\/p>\n<p><a aria-label=\"Yr \u2013 Melding fra Meteorologene 14. januar kl. 09:28\" class=\"default hyperion-css-94zoot\" href=\"https:\/\/www.yr.no\/nb\/meteorologene\/05ff98d8-3035-4f98-abb6-e676cafd48cf\" target=\"_blank\" rel=\"noopener nofollow\" data-test-tag=\"external-link\">Yr \u2013 Melding fra Meteorologene 14. januar kl. 09:28arrow-outward-link<\/a><\/p>\n","protected":false},"excerpt":{"rendered":"\u00c5ret startet med sprengkulde mange steder, men resten av vinteren blir sannsynligvis av det mildere slaget. Onsdag v\u00e5knet&hellip;\n","protected":false},"author":2,"featured_media":137041,"comment_status":"","ping_status":"","sticky":false,"template":"","format":"standard","meta":{"footnotes":""},"categories":[10],"tags":[20,21,24,25,15,22,23,13,30,28,29,14,16,26,27],"class_list":{"0":"post-137040","1":"post","2":"type-post","3":"status-publish","4":"format-standard","5":"has-post-thumbnail","7":"category-norge","8":"tag-breaking-news","9":"tag-breakingnews","10":"tag-featured-news","11":"tag-featurednews","12":"tag-headlines","13":"tag-latest-news","14":"tag-latestnews","15":"tag-news","16":"tag-no","17":"tag-norge","18":"tag-norway","19":"tag-nyheter","20":"tag-overskrifter","21":"tag-top-stories","22":"tag-topstories"},"share_on_mastodon":{"url":"https:\/\/pubeurope.com\/@no\/115893385508346033","error":""},"_links":{"self":[{"href":"https:\/\/www.europesays.com\/no\/wp-json\/wp\/v2\/posts\/137040","targetHints":{"allow":["GET"]}}],"collection":[{"href":"https:\/\/www.europesays.com\/no\/wp-json\/wp\/v2\/posts"}],"about":[{"href":"https:\/\/www.europesays.com\/no\/wp-json\/wp\/v2\/types\/post"}],"author":[{"embeddable":true,"href":"https:\/\/www.europesays.com\/no\/wp-json\/wp\/v2\/users\/2"}],"replies":[{"embeddable":true,"href":"https:\/\/www.europesays.com\/no\/wp-json\/wp\/v2\/comments?post=137040"}],"version-history":[{"count":0,"href":"https:\/\/www.europesays.com\/no\/wp-json\/wp\/v2\/posts\/137040\/revisions"}],"wp:featuredmedia":[{"embeddable":true,"href":"https:\/\/www.europesays.com\/no\/wp-json\/wp\/v2\/media\/137041"}],"wp:attachment":[{"href":"https:\/\/www.europesays.com\/no\/wp-json\/wp\/v2\/media?parent=137040"}],"wp:term":[{"taxonomy":"category","embeddable":true,"href":"https:\/\/www.europesays.com\/no\/wp-json\/wp\/v2\/categories?post=137040"},{"taxonomy":"post_tag","embeddable":true,"href":"https:\/\/www.europesays.com\/no\/wp-json\/wp\/v2\/tags?post=137040"}],"curies":[{"name":"wp","href":"https:\/\/api.w.org\/{rel}","templated":true}]}}