{"id":137042,"date":"2026-01-14T12:12:08","date_gmt":"2026-01-14T12:12:08","guid":{"rendered":"https:\/\/www.europesays.com\/no\/137042\/"},"modified":"2026-01-14T12:12:08","modified_gmt":"2026-01-14T12:12:08","slug":"noe-av-det-verste-jeg-har-vaert-med-pa","status":"publish","type":"post","link":"https:\/\/www.europesays.com\/no\/137042\/","title":{"rendered":"\u2013 Noe av det verste jeg har v\u00e6rt med p\u00e5"},"content":{"rendered":"\n<p class=\"_lead_o9xde_2 _lead_xtcu6_50 layout-component text-serif-m layout-normal text-serif-l layout-component layout-wide layout-padded _wide_17hqh_1 layout-padded\">Lotta Udnes Weng ble bare nummer fire i sitt kvartfinaleheat og r\u00f8k ut av NM-sprinten i Steinkjer.<\/p>\n<p><img alt=\"Lotta Udnes Weng var langt nede etter en tidlig sprintexit i NM.&#10;Foto: Lise \u00c5serud \/ NTB\" class=\"_image_qp4xg_65 layout-component layout-wide\" data-fullscreen- data-track-element-type=\"Article image fullscreen\" data-track-name=\"ImageFullscreen\" fetchpriority=\"high\" decoding=\"sync\" loading=\"eager\" height=\"2381\" itemprop=\"image\"  src=\"https:\/\/www.europesays.com\/no\/wp-content\/uploads\/2026\/01\/f3172cb2-460e-4a94-9c00-39752e940cf5.png\"  style=\"object-position:0% 0%\" width=\"3572\"\/>Lotta Udnes Weng var langt nede etter en tidlig sprintexit i NM.<br \/>\nFoto: Lise \u00c5serud \/ NTB<\/p>\n<ul aria-hidden=\"true\" class=\"_images_ntbth_112\">\n<li><a class=\"_link_ntbth_117\" href=\"https:\/\/www.vg.no\/forfatter\/ntb\" style=\"z-index:1\" title=\"NTB\" rel=\"nofollow noopener\" target=\"_blank\"><img alt=\"Bilde av NTB\" class=\"_image_ntbth_93\" fetchpriority=\"low\" loading=\"lazy\" decoding=\"async\" itemprop=\"image\"  src=\"https:\/\/www.europesays.com\/no\/wp-content\/uploads\/2026\/01\/1768392728_787_c33980b0-5d07-4027-84a1-813f90a7c8d6.png\"  width=\"480\"\/><\/a><\/li>\n<\/ul>\n<p> Oppdatert onsdag 14. januar kl. 12:48     <\/p>\n<p class=\"_paragraph_o9xde_4 _paragraph_xtcu6_10 layout-component text-serif-m layout-normal text-serif-m layout-padded\">\u2013 Det var noe av det verste jeg har v\u00e6rt med p\u00e5 i livet, sa hun til NRK etter m\u00e5lgang.<\/p>\n<p class=\"_paragraph_o9xde_4 _paragraph_xtcu6_10 layout-component text-serif-m layout-normal text-serif-m layout-padded\">Landslagsl\u00f8peren er blant dem som h\u00e5per \u00e5 ta en av de siste OL-plassene som er i spill. P\u00e5 sp\u00f8rsm\u00e5l om hva hun tenker om det etter onsdagens exit, var svaret klart:<\/p>\n<p class=\"_paragraph_o9xde_4 _paragraph_xtcu6_10 layout-component text-serif-m layout-normal text-serif-m layout-padded\">\u2013 Det f\u00e5r noen andre tenke p\u00e5. Det er kjedelig. Jeg vet at jeg kan bedre enn dette, og det gj\u00f8r det ekstra kjipt. Det gjenspeiler ikke niv\u00e5et jeg vet jeg har inne, sa hun.<\/p>\n<p class=\"_paragraph_o9xde_4 _paragraph_xtcu6_10 layout-component text-serif-m layout-normal text-serif-m layout-padded\">Weng slet ogs\u00e5 etter prologen og omtalte det som et \u00abhalvveis sjokk\u00bb etter at hun ikke hadde kj\u00f8rt en hard\u00f8kt siden julaften.<\/p>\n<p class=\"_paragraph_o9xde_4 _paragraph_xtcu6_10 layout-component text-serif-m layout-normal text-serif-m layout-padded\">\u2013 Det er uvant \u00e5 bli parkert p\u00e5 nasjonalt niv\u00e5. Jeg kjenner det prikker i hele kroppen, og jeg tenker mest p\u00e5 hvorfor jeg er her, sa hun.<\/p>\n<p class=\"_paragraph_o9xde_4 _paragraph_xtcu6_10 layout-component text-serif-m layout-normal text-serif-m layout-padded\">Weng ble nummer 14 p\u00e5 verdenscupsprinten i Davos f\u00f8r jul. Hun hadde f\u00f8r NM ikke konkurrert siden 13. desember.<\/p>\n<p class=\"_paragraph_o9xde_4 _paragraph_xtcu6_10 layout-component text-serif-m layout-normal text-serif-m layout-padded\">Senere r\u00f8k ogs\u00e5 profilerte Ane Appelkvist Stenseth ut i det siste kvartfinaleheatet.<\/p>\n","protected":false},"excerpt":{"rendered":"Lotta Udnes Weng ble bare nummer fire i sitt kvartfinaleheat og r\u00f8k ut av NM-sprinten i Steinkjer. Lotta&hellip;\n","protected":false},"author":2,"featured_media":137043,"comment_status":"","ping_status":"","sticky":false,"template":"","format":"standard","meta":{"footnotes":""},"categories":[59],"tags":[30,28,29,83,82],"class_list":{"0":"post-137042","1":"post","2":"type-post","3":"status-publish","4":"format-standard","5":"has-post-thumbnail","7":"category-sport","8":"tag-no","9":"tag-norge","10":"tag-norway","11":"tag-sport","12":"tag-sports"},"share_on_mastodon":{"url":"https:\/\/pubeurope.com\/@no\/115893393369595768","error":""},"_links":{"self":[{"href":"https:\/\/www.europesays.com\/no\/wp-json\/wp\/v2\/posts\/137042","targetHints":{"allow":["GET"]}}],"collection":[{"href":"https:\/\/www.europesays.com\/no\/wp-json\/wp\/v2\/posts"}],"about":[{"href":"https:\/\/www.europesays.com\/no\/wp-json\/wp\/v2\/types\/post"}],"author":[{"embeddable":true,"href":"https:\/\/www.europesays.com\/no\/wp-json\/wp\/v2\/users\/2"}],"replies":[{"embeddable":true,"href":"https:\/\/www.europesays.com\/no\/wp-json\/wp\/v2\/comments?post=137042"}],"version-history":[{"count":0,"href":"https:\/\/www.europesays.com\/no\/wp-json\/wp\/v2\/posts\/137042\/revisions"}],"wp:featuredmedia":[{"embeddable":true,"href":"https:\/\/www.europesays.com\/no\/wp-json\/wp\/v2\/media\/137043"}],"wp:attachment":[{"href":"https:\/\/www.europesays.com\/no\/wp-json\/wp\/v2\/media?parent=137042"}],"wp:term":[{"taxonomy":"category","embeddable":true,"href":"https:\/\/www.europesays.com\/no\/wp-json\/wp\/v2\/categories?post=137042"},{"taxonomy":"post_tag","embeddable":true,"href":"https:\/\/www.europesays.com\/no\/wp-json\/wp\/v2\/tags?post=137042"}],"curies":[{"name":"wp","href":"https:\/\/api.w.org\/{rel}","templated":true}]}}