{"id":137048,"date":"2026-01-14T12:19:07","date_gmt":"2026-01-14T12:19:07","guid":{"rendered":"https:\/\/www.europesays.com\/no\/137048\/"},"modified":"2026-01-14T12:19:07","modified_gmt":"2026-01-14T12:19:07","slug":"funn-av-sjeldan-fugl-vekkjer-oppsikt","status":"publish","type":"post","link":"https:\/\/www.europesays.com\/no\/137048\/","title":{"rendered":"Funn av sjeldan fugl vekkjer oppsikt"},"content":{"rendered":"<p>Saka samanfatta:<\/p>\n<ul>\n<li>Vinjar Vedde fann ein sjeldan fugl, r\u00f8rdrum, d\u00f8d og frosen i Langev\u00e5g p\u00e5 Sunnm\u00f8re.<\/li>\n<li>R\u00f8rdrum er ein fugl fr\u00e5 hegrefamilien som vanlegvis ikkje hekkar i Noreg og sjeldan blir observert s\u00e5 langt nord.<\/li>\n<li>Fuglen vart dokumentert i Artsdatabanken og har vekt interesse blant b\u00e5de museum og fugleentusiastar.<\/li>\n<li>Naturhistorisk Museum har vist interesse for \u00e5 ta imot fuglen, som kan bli ein del av samlinga deira.<\/li>\n<li>Fuglen er f\u00f8rebels oppbevart i ein fryseboks, og Vedde vurderer \u00e5 gi den vekk til forsking eller eit museum.<\/li>\n<li>R\u00f8rdrum lever vanlegvis einsleg og trekkjer til Noreg om vinteren n\u00e5r omr\u00e5da i heimlanda blir islagde.<\/li>\n<\/ul>\n<p>Oppsummeringa er laga av ei KI-teneste fr\u00e5 OpenAI. Innhaldet er kvalitetssikra av NRK sine journalistar f\u00f8r publisering.<\/p>\n<p>M\u00e5ndag denne veka gjorde Vinjar Vedde p\u00e5 Sunnm\u00f8re eit funn utanom det vanlege.<\/p>\n<p>D\u00e5 han var p\u00e5 jobb i Langev\u00e5g p\u00e5 Sunnm\u00f8re ramla han n\u00e6rast over den sjeldne fuglearten r\u00f8rdrum, som l\u00e5g d\u00f8d og frosen p\u00e5 bakken.<\/p>\n<p>Vedde var ikkje heilt sikker p\u00e5 kva slags fugl dette var, men reagerte p\u00e5 at han ikkje kjende att utsj\u00e5naden.<\/p>\n<p>    \u2190<\/p>\n<ul data-scroll-container=\"\" role=\"list\" aria-label=\"Bildegalleri\">\n<li><img alt=\"Vinjar Vedde fann fuglearten r\u00f8rdrum i Langev\u00e5g p\u00e5 Sunnm\u00f8re.\"  width=\"3840\" height=\"5120\" loading=\"lazy\"\/>\n<p>Den vesle fuglen var funnen d\u00f8d p\u00e5 ein kald januardag. <\/p>\n<p> Foto: Vinjar Vedde <\/li>\n<li><img alt=\"Vinjar Vedde fann fuglearten r\u00f8rdrum i Langev\u00e5g p\u00e5 Sunnm\u00f8re.\"  width=\"3840\" height=\"6784\" loading=\"lazy\"\/> Foto: Kenneth Strandab\u00f8 <\/li>\n<li><img alt=\"Vinjar Vedde fann fuglearten r\u00f8rdrum i Langev\u00e5g p\u00e5 Sunnm\u00f8re.\"  width=\"3840\" height=\"2158\" loading=\"lazy\"\/> Foto: Kenneth Strandab\u00f8 <\/li>\n<\/ul>\n<p>\u2192<\/p>\n<p><strong>\u2013 Eg er i utgangspunktet veldig fugleinteressert. Eg er ikkje noko ekspert, men eg har s\u00e5nn toleleg kontroll p\u00e5 artane som er i omr\u00e5det her.<\/strong><\/p>\n<p>Vedde tok fort kontakt med fagfolk for \u00e5 bekrefta arten, og dokumenterte funnet i <a href=\"https:\/\/artsobservasjoner.no\/Sighting\/39558760\" ec-id=\"https:\/\/artsobservasjoner.no\/Sighting\/39558760\" ec-name=\"Artsdatabanken\" rel=\"nofollow noopener\" target=\"_blank\">Artsdatabanken<\/a>.<\/p>\n<p><strong>\u2013 Det var ein ganske stor fugl, det var cirka 130 centimeter vengespenn p\u00e5 han. <\/strong><\/p>\n<p>Sjeldan i Noreg<\/p>\n<p>R\u00f8rdrum er ein fugl som h\u00f8yrer til hegrefamilien. Han hekkar i Sverige, Danmark og Finland, men er ikkje p\u00e5vist hekkande i Noreg.<\/p>\n<p>Det vil seie at han ikkje legg og rugar egg her.<\/p>\n<p>Martin Eggen er naturvernr\u00e5dgjevar i Birdlife, og forklarer at fuglen har tatt turen fr\u00e5 eit anna land.<\/p>\n<p><img decoding=\"async\"   src=\"data:image\/gif;base64,R0lGODlhAQABAIAAAAAAAP\/\/\/yH5BAEAAAAALAAAAAABAAEAAAIBRAA7\" loading=\"eager\" alt=\"Martin Eggen med ein d\u00f8d r\u00f8rdrum p\u00e5 Lista i Agder. \" title=\"Foto: Martin Eggen\"\/><\/p>\n<p class=\"\">Martin Eggen med ein r\u00f8rdrum funnen d\u00f8d p\u00e5 Lista i Agder. <\/p>\n<p>Foto: Martin Eggen<\/p>\n<p><strong>\u2013 Fuglen er avhengig av fisk, s\u00e5 om vinteren trekkjer han vekk fr\u00e5 omr\u00e5de som blir islagt. Det er s\u00e6rleg p\u00e5 hausten og vinteren han dukkar opp i Noreg. <\/strong><\/p>\n<p>Likevel seier han at det er uvanleg at r\u00f8rdrum kjem s\u00e5 langt nord som p\u00e5 Sunnm\u00f8re.<\/p>\n<p><strong>\u2013 Det er p\u00e5 S\u00f8r-Vestlandet at vi har flest funn. Han blir som regel observert \u00e5rleg i Noreg, men p\u00e5 M\u00f8re vil eg tru at det er veldig f\u00e5 funn.<\/strong><\/p>\n<p>Han forklarer at fuglen truleg har komme \u00e5leine, d\u00e5 r\u00f8rdrummar lever einsleg.<\/p>\n<p><strong>\u2013 Dei dannar par i hekketida, men elles er det ikkje ein flokkfugl. R\u00f8rdrum vil ein som regel alltid sj\u00e5 \u00e5leine utanfor hekketida.<\/strong><\/p>\n<p>I artsdatabanken er det per 13. januar 2026 registrert 1029 observasjonar av r\u00f8rdrum i Noreg. Dei fleste observasjonane er gjort p\u00e5 Austlandet, S\u00f8rlandet og S\u00f8r-Vestlandet. Nord for Bergen er det f\u00e6rre og f\u00e6rre observasjonar.<\/p>\n<p>    <img alt=\"Vinjar Vedde fr\u00e5 Langev\u00e5g i Sula p\u00e5 Sunnm\u00f8re fann ein d\u00f8d r\u00f8rdrum. Fuglen er veldig sjelden i Noreg, og hekkar ikkje her.\"  loading=\"lazy\"\/><img alt=\"Vinjar Vedde fr\u00e5 Langev\u00e5g i Sula p\u00e5 Sunnm\u00f8re fann ein d\u00f8d r\u00f8rdrum. Fuglen er veldig sjelden i Noreg, og hekkar ikkje her.\"  loading=\"lazy\"\/><\/p>\n<p>Fuglen er frosen ned i p\u00e5vente av ein eigar.<\/p>\n<p>Foto: \u00d8yvind Sandnes \/ NRK<\/p>\n<p>Vekkjer interesse<\/p>\n<p>Etter funnet av den sjeldne fuglen, la Vinjar Vedde ut eit innlegg p\u00e5 Facebook-gruppa \u00abID og fugl!\u00bb med over 17.000 medlemmar.<\/p>\n<p>D\u00e5 var det fleire som tok kontakt for \u00e5 vise interesse, mellom anna museum og privatpersonar.<\/p>\n<p>Blant dei, er samlingsforvaltar Lars Erik Johannessen ved Naturhistorisk museum.<\/p>\n<p><strong>\u2013 Vi g\u00e5r ikkje ut og skyt og fangar dyr, men om vi kjem over allereie d\u00f8de dyr s\u00e5 er vi interesserte om det er sjeldne artar som vi ikkje har fr\u00e5 f\u00f8r.<\/strong><\/p>\n<p>I samlinga ved Naturhistorisk museum har dei tre r\u00f8rdrummar fr\u00e5 f\u00f8r, to av dei fr\u00e5 1880-talet, og ein fr\u00e5 1939, forklarer Johannessen.<\/p>\n<p>    \u2190<\/p>\n<ul data-scroll-container=\"\" role=\"list\" aria-label=\"Bildegalleri\">\n<li><img alt=\"R\u00f8rdrum presevert hos Naturhistorisk Museum i Oslo. Denne fuglen blei funnen i 1881 ved Rodalen i Agder. \"  width=\"3840\" height=\"4933\" loading=\"lazy\"\/>\n<p>R\u00f8rdrum presevert hos Naturhistorisk Museum i Oslo. Denne fuglen blei funnen i 1881 ved Rodalen i Agder. <\/p>\n<p> Foto: Naturhistorisk museum <\/li>\n<li><img alt=\"R\u00f8rdrum presevert hos Naturhistorisk Museum i Oslo. Denne fuglen blei funnen i 1881 ved Rodalen i Agder. \"  width=\"3840\" height=\"5754\" loading=\"lazy\"\/>\n<p>R\u00f8rdrum presevert hos Naturhistorisk Museum i Oslo. Denne fuglen blei funnen i 1881 ved Rodalen i Agder. <\/p>\n<p> Foto: Naturhistorisk museum <\/li>\n<li><img alt=\"R\u00f8rdrum presevert hos Naturhistorisk Museum i Oslo. Denne fuglen blei funnen i 1881 ved Rodalen i Agder. \"  width=\"3840\" height=\"2137\" loading=\"lazy\"\/>\n<p>R\u00f8rdrum presevert hos Naturhistorisk Museum i Oslo. Denne fuglen blei funnen i 1881 ved Rodalen i Agder. <\/p>\n<p> Foto: Naturhistorisk museum <\/li>\n<\/ul>\n<p>\u2192<\/p>\n<p><strong>\u2013 Dette er eit spesielt objekt for oss, vi er opptekne av \u00e5 kunne dokumentere norsk fauna i tid og omr\u00e5de. N\u00e5r ein finn noko s\u00e5 spektakul\u00e6rt som r\u00f8rdrum, s\u00e5 er den beste m\u00e5ten \u00e5 ivareta han p\u00e5 \u00e5 f\u00e5 han inn i ei offentleg samling, seier samlings\u00adforvaltaren. <\/strong><\/p>\n<p>Fuglen er f\u00f8rebels pakka godt inn og lagt i ein fryseboks for \u00e5 bevare han best mogleg.<\/p>\n<p>Vinjar Vedde har framleis ikkje bestemt seg for kven fuglen skal g\u00e5 til, men \u00f8nsker ikkje \u00e5 selje han for pengar.<\/p>\n<p>    <img alt=\"Vinjar Vedde fr\u00e5 Langev\u00e5g i Sula p\u00e5 Sunnm\u00f8re fann ein d\u00f8d r\u00f8rdrum. Fuglen er veldig sjelden i Noreg, og hekkar ikkje her.\"  loading=\"lazy\"\/><img alt=\"Vinjar Vedde fr\u00e5 Langev\u00e5g i Sula p\u00e5 Sunnm\u00f8re fann ein d\u00f8d r\u00f8rdrum. Fuglen er veldig sjelden i Noreg, og hekkar ikkje her.\"  loading=\"lazy\"\/><\/p>\n<p>Den vesle fuglen blir pakka inn og lagt p\u00e5 frys fram til han f\u00e5r sin nye heim. <\/p>\n<p>Foto: \u00d8yvind Sandnes \/ NRK <\/p>\n<p><strong>\u2013 Eg vil naturlegvis gi han vekk, det er ikkje ein eigedel. Eg f\u00e5r sj\u00e5 litt, det er mange som har meldt interesse.<\/strong><\/p>\n<p>Likevel hintar han om at fuglen truleg blir gitt vekk til forsking eller museum, men han har framleis ikkje gjort ein avtale med nokon.<\/p>\n<p>Publisert<\/p>\n<p>14.01.2026, kl. 12.08<\/p>\n<p>Oppdatert<\/p>\n<p>14.01.2026, kl. 13.08<\/p>\n","protected":false},"excerpt":{"rendered":"Saka samanfatta: Vinjar Vedde fann ein sjeldan fugl, r\u00f8rdrum, d\u00f8d og frosen i Langev\u00e5g p\u00e5 Sunnm\u00f8re. R\u00f8rdrum er&hellip;\n","protected":false},"author":2,"featured_media":137049,"comment_status":"","ping_status":"","sticky":false,"template":"","format":"standard","meta":{"footnotes":""},"categories":[5],"tags":[20,21,24,25,15,19,22,23,17,18,13,30,28,29,14,16,26,27],"class_list":{"0":"post-137048","1":"post","2":"type-post","3":"status-publish","4":"format-standard","5":"has-post-thumbnail","7":"category-overskrifter","8":"tag-breaking-news","9":"tag-breakingnews","10":"tag-featured-news","11":"tag-featurednews","12":"tag-headlines","13":"tag-hovedoppslag","14":"tag-latest-news","15":"tag-latestnews","16":"tag-main-news","17":"tag-mainnews","18":"tag-news","19":"tag-no","20":"tag-norge","21":"tag-norway","22":"tag-nyheter","23":"tag-overskrifter","24":"tag-top-stories","25":"tag-topstories"},"share_on_mastodon":{"url":"https:\/\/pubeurope.com\/@no\/115893421002858106","error":""},"_links":{"self":[{"href":"https:\/\/www.europesays.com\/no\/wp-json\/wp\/v2\/posts\/137048","targetHints":{"allow":["GET"]}}],"collection":[{"href":"https:\/\/www.europesays.com\/no\/wp-json\/wp\/v2\/posts"}],"about":[{"href":"https:\/\/www.europesays.com\/no\/wp-json\/wp\/v2\/types\/post"}],"author":[{"embeddable":true,"href":"https:\/\/www.europesays.com\/no\/wp-json\/wp\/v2\/users\/2"}],"replies":[{"embeddable":true,"href":"https:\/\/www.europesays.com\/no\/wp-json\/wp\/v2\/comments?post=137048"}],"version-history":[{"count":0,"href":"https:\/\/www.europesays.com\/no\/wp-json\/wp\/v2\/posts\/137048\/revisions"}],"wp:featuredmedia":[{"embeddable":true,"href":"https:\/\/www.europesays.com\/no\/wp-json\/wp\/v2\/media\/137049"}],"wp:attachment":[{"href":"https:\/\/www.europesays.com\/no\/wp-json\/wp\/v2\/media?parent=137048"}],"wp:term":[{"taxonomy":"category","embeddable":true,"href":"https:\/\/www.europesays.com\/no\/wp-json\/wp\/v2\/categories?post=137048"},{"taxonomy":"post_tag","embeddable":true,"href":"https:\/\/www.europesays.com\/no\/wp-json\/wp\/v2\/tags?post=137048"}],"curies":[{"name":"wp","href":"https:\/\/api.w.org\/{rel}","templated":true}]}}