{"id":137050,"date":"2026-01-14T12:20:10","date_gmt":"2026-01-14T12:20:10","guid":{"rendered":"https:\/\/www.europesays.com\/no\/137050\/"},"modified":"2026-01-14T12:20:10","modified_gmt":"2026-01-14T12:20:10","slug":"det-er-katastrofalt","status":"publish","type":"post","link":"https:\/\/www.europesays.com\/no\/137050\/","title":{"rendered":"&#8211; Det er katastrofalt"},"content":{"rendered":"<p class=\"kicker \" style=\"\">NM, sprint:<\/p>\n<p>    Lotta Udnes Weng (29) var veldig skuffet etter kvartfinaleexiten, mens tvillings\u00f8ster Tiril tok p\u00e5 seg feil ski i semifinalen.<\/p>\n<p>\n    UTE: &#8211; Det er katastrofalt, sa Lotta Udnes Weng etter sprintkvartfinalen. Foto: Fredrik Schjesvold \/ Dagbladet\n  <\/p>\n<p> STEINKJER\/OSLO (Dagbladet): Tiril Udnes Weng havnet hele 16 sekunder bak Ingrid Bergene Aabrekk som vant den f\u00f8rste semifinalen.\u00a0<\/p>\n<p>\u00c5rsak? Til TV 2 forteller hun at hun hadde tatt p\u00e5 seg feil ski.<\/p>\n<p>I kvartfinalen tidligere var s\u00f8ster Lotta Udnes Weng sjansel\u00f8s i sitt kvartfinaleheat og ble nummer fire, 8,5 sekunder bak Helene Ekrheim Haugen, som vant heatet.<\/p>\n<p>Tida 3.16,93 holdt heller ikke til \u00e5 kvalifisere seg til semifinale som \u00ablucky loser\u00bb.<\/p>\n<p class=\"font-weight-bold m-font-weight-bold\" data-lab-font_weight=\"font-weight-bold\">&#8211; Noe av det verste jeg har v\u00e6rt med p\u00e5 i mitt liv. Jeg har ikke s\u00e5 mye \u00e5 si. Jeg vet jeg kan bedre enn dette, s\u00e5 det gj\u00f8r det ekstra kjipt. OL f\u00e5r noen andre tenke p\u00e5, sa Weng til NRK etter kvartfinalen.<\/p>\n<p>&#8211; Det er kjedelig \u00e5 bli parkert p\u00e5 nasjonalt niv\u00e5. Jeg tenkte egentlig: Hvorfor er jeg her? <\/p>\n<p>Til Dagbladet sa hun:<\/p>\n<p>&#8211; Det er katastrofalt, egentlig. Jeg veit at p\u00e5 mitt beste er jeg mer kjent for seieren her i dag. Og jeg er s\u00e5 j\u00e6vlig langt unna at \u2026 ja, jeg er skuffa. Men det er s\u00e5 langt unna, og det er s\u00e5 d\u00e5rlig at \u2026 jeg veit at dette ikke er niv\u00e5et jeg egentlig er p\u00e5.<\/p>\n<p>        <img loading=\"lazy\" decoding=\"async\" src=\"https:\/\/www.europesays.com\/no\/wp-content\/uploads\/2026\/01\/84098068.webp.webp\" width=\"980\" height=\"559\" title=\"Foto: Lise \u00c5serud \/ NTB\" alt=\"\" class=\"\" style=\"--aspect-ratio-image: 1.75; \"\/><\/p>\n<p>\n        Foto: Lise \u00c5serud \/ NTB\n    <\/p>\n<p>Hun m\u00e5tte st\u00e5 over Tour de Ski som f\u00f8lge av sykdom.<\/p>\n<p>&#8211; Det er det verste som kan skje. \u00c9n ting er \u00e5 bli sjuk, men n\u00e5r man drar ut en sykdomsperiode i tre uker, tar det tid \u00e5 komme seg tilbake igjen. Toppidrett er brutalt. Det koster krefter, b\u00e5de fysisk og mentalt, \u00e5 komme ned i noe s\u00e5nt.<\/p>\n<p>29-\u00e5ringen har gitt opp h\u00e5pet om OL-plass.<\/p>\n<p class=\"font-weight-bold m-font-weight-bold\" data-lab-font_weight=\"font-weight-bold\">&#8211; OL er ikke noe \u00e5 tenke p\u00e5 engang. Det eneste jeg egentlig vil n\u00e5, er \u00e5 f\u00e5 gode opplevelser som skil\u00f8per.<\/p>\n<p> Disse er klare for herrenes semifinaler: Ansgar Evensen, Even Northug, Lars Heggen, Simen Myhre, Even Michelsen, Mats Opsal, Lars Agnar Hjelmset, Kristian Kongssund, Amund Kors\u00e6th, Elling Broberg, Lars Michael Bjertn\u00e6s.<\/p>\n<p>    <a itemprop=\"url\" href=\"https:\/\/www.dagbladet.no\/sport\/northug-rabalder\/84096655\" rel=\"nofollow noopener\" target=\"_blank\"><\/p>\n<p>        <img loading=\"lazy\" decoding=\"async\" src=\"https:\/\/www.europesays.com\/no\/wp-content\/uploads\/2026\/01\/84097599.webp.webp\" width=\"980\" height=\"441\" title=\"Northug-rabalder\" alt=\"\" class=\"lazyload\" style=\"--aspect-ratio-image: 2.22; \"\/><\/p>\n<p>        Northug-rabalder<\/p>\n<p>    <\/a><\/p>\n","protected":false},"excerpt":{"rendered":"NM, sprint: Lotta Udnes Weng (29) var veldig skuffet etter kvartfinaleexiten, mens tvillings\u00f8ster Tiril tok p\u00e5 seg feil&hellip;\n","protected":false},"author":2,"featured_media":137051,"comment_status":"","ping_status":"","sticky":false,"template":"","format":"standard","meta":{"footnotes":""},"categories":[59],"tags":[398,2976,30,28,29,83,82,399],"class_list":{"0":"post-137050","1":"post","2":"type-post","3":"status-publish","4":"format-standard","5":"has-post-thumbnail","7":"category-sport","8":"tag-langrenn","9":"tag-nm","10":"tag-no","11":"tag-norge","12":"tag-norway","13":"tag-sport","14":"tag-sports","15":"tag-vintersport"},"share_on_mastodon":{"url":"https:\/\/pubeurope.com\/@no\/115893424808761122","error":""},"_links":{"self":[{"href":"https:\/\/www.europesays.com\/no\/wp-json\/wp\/v2\/posts\/137050","targetHints":{"allow":["GET"]}}],"collection":[{"href":"https:\/\/www.europesays.com\/no\/wp-json\/wp\/v2\/posts"}],"about":[{"href":"https:\/\/www.europesays.com\/no\/wp-json\/wp\/v2\/types\/post"}],"author":[{"embeddable":true,"href":"https:\/\/www.europesays.com\/no\/wp-json\/wp\/v2\/users\/2"}],"replies":[{"embeddable":true,"href":"https:\/\/www.europesays.com\/no\/wp-json\/wp\/v2\/comments?post=137050"}],"version-history":[{"count":0,"href":"https:\/\/www.europesays.com\/no\/wp-json\/wp\/v2\/posts\/137050\/revisions"}],"wp:featuredmedia":[{"embeddable":true,"href":"https:\/\/www.europesays.com\/no\/wp-json\/wp\/v2\/media\/137051"}],"wp:attachment":[{"href":"https:\/\/www.europesays.com\/no\/wp-json\/wp\/v2\/media?parent=137050"}],"wp:term":[{"taxonomy":"category","embeddable":true,"href":"https:\/\/www.europesays.com\/no\/wp-json\/wp\/v2\/categories?post=137050"},{"taxonomy":"post_tag","embeddable":true,"href":"https:\/\/www.europesays.com\/no\/wp-json\/wp\/v2\/tags?post=137050"}],"curies":[{"name":"wp","href":"https:\/\/api.w.org\/{rel}","templated":true}]}}