{"id":137052,"date":"2026-01-14T12:24:09","date_gmt":"2026-01-14T12:24:09","guid":{"rendered":"https:\/\/www.europesays.com\/no\/137052\/"},"modified":"2026-01-14T12:24:09","modified_gmt":"2026-01-14T12:24:09","slug":"gronland-donald-trump-trump-nato-bor-bane-vei-for-at-vi-far-gronland","status":"publish","type":"post","link":"https:\/\/www.europesays.com\/no\/137052\/","title":{"rendered":"Gr\u00f8nland, Donald Trump | Trump: \u2013 Nato b\u00f8r bane vei for at vi f\u00e5r Gr\u00f8nland"},"content":{"rendered":"\n<p>\u2013 USA trenger Gr\u00f8nland av hensyn til nasjonal sikkerhet. Det er avgj\u00f8rende for den gyldne kuppelen vi er i ferd med \u00e5 bygge opp. NATO b\u00f8r g\u00e5 i front i anstrengelsene for \u00e5 sikre oss det. GJ\u00d8R VI IKKE DET, VIL RUSSLAND ELLER KINA GJ\u00d8RE DET, OG DET SKAL IKKE SKJE!, skriver Donald Trump onsdag ettermiddag p\u00e5 Truth Social.<\/p>\n<p>Trump skriver videre at Nato i stor grad er avhengig av amerikansk milit\u00e6rmakt.<\/p>\n<p>\u2013 Milit\u00e6rt sett, uten USAs enorme styrke, mye av den bygget opp av meg i min f\u00f8rste periode, og jeg l\u00f8fter den n\u00e5 til et nytt og enda h\u00f8yere niv\u00e5, ville Nato ikke v\u00e6rt en effektiv styrke eller avskrekking. Ikke i n\u00e6rheten., skriver Trump. Han mener at Nato blir sterkere med et amerikansk Gr\u00f8nland. Uttalelsene kommer bare timer f\u00f8r m\u00f8tet mellom Danmark, Gr\u00f8nland og USA i Washington.<\/p>\n<p>Danmarks Radio (DR) erfarer at danske myndigheter har sendt milit\u00e6re forsterkninger til hovedstaden Nuuk. Det handler om milit\u00e6rt materiell og en \u00abfortropp\u00bb, skriver<a href=\"https:\/\/www.dr.dk\/nyheder\/indland\/groenland\/efter-pres-fra-usa-danmark-er-nu-begyndt-sende-militaere-forstaerkninger-til-groenland\" rel=\"Follow nofollow noopener\" target=\"_blank\"> DR<\/a>.<\/p>\n<p><b>Les egen sak: <a class=\"simple-relation related-teaser article--c-eRUmMG article--c-eRUmMG-fZoQSp-design-nettavisen article--c-eRUmMG-gwthdJ-cv\" href=\"https:\/\/www.nettavisen.no\/danmark-sender-fortropp-til-gronland\/s\/5-95-2824536\" rel=\"nofollow noopener\" target=\"_blank\">Danmark sender \u00abfortropp\u00bb til Gr\u00f8nland<\/a><\/b><\/p>\n<p>\u2013 Opptrapping<\/p>\n<p>B\u00e5de i K\u00f8benhavn og Nuuk jobbes det steinhardt for \u00e5 finne en strategi som kan f\u00e5 USAs president Donald Trump til \u00e5 endre holdning i sp\u00f8rsm\u00e5let om Gr\u00f8nland.<\/p>\n<p>Det skal i dag v\u00e6re m\u00f8te i Washington klokka 16.30 norsk tid. M\u00f8tet skal finne sted i lokalene til visepresident J.D. Vance i Eisenhower Executive Office Building. Det omtales som et skjebnem\u00f8te for Danmark og de 57.000 innbyggerne p\u00e5 Gr\u00f8nland. P\u00e5 m\u00f8tet deltar visepresidenten og utenriksminister Marco Rubio fra USAs side, mens Danmarks utenriksminister Lars L\u00f8kke Rasmussen og Gr\u00f8nlands utenriksminister Vivian Motzfeldt.<\/p>\n<p><b>Les ogs\u00e5: <a class=\"simple-relation related-teaser article--c-eRUmMG article--c-eRUmMG-fZoQSp-design-nettavisen article--c-eRUmMG-gwthdJ-cv\" href=\"https:\/\/www.nettavisen.no\/skjebnemote-ingenting-a-forhandle-om\/s\/5-95-2824276\" rel=\"nofollow noopener\" target=\"_blank\">Skjebnem\u00f8te: \u2013 Ingenting \u00e5 forhandle om<\/a><\/b><\/p>\n<p>Flere eksperter peker imidlertid p\u00e5 at det ikke er godt nytt for Danmark at visepresident J.D. Vance skal delta p\u00e5 dagens m\u00f8te i Washington.<\/p>\n<p>\u2013 S\u00e5 vidt jeg vet, fors\u00f8ker man \u00e5 finne diplomatiske l\u00f8sninger d\u00f8gnet rundt. Problemet er at vi heller ser en opptrapping, sier professor i statsvitenskap Derek Beach ved Aarhus Universitet til det svenske nyhetsbyr\u00e5et TT.<\/p>\n<p>\u2013 Konsekvenser uten sidestykke<\/p>\n<p>Frankrikes president Emmanuel Macron sier det vil f\u00e5 uoverskuelige konsekvenser hvis USA tar Gr\u00f8nland.<\/p>\n<p>\u2013 Hvis suvereniteten til et europeisk land og en alliert skulle bli ber\u00f8rt, vil ringvirkningene v\u00e6re uten sidestykke, sa Macron under et regjeringsm\u00f8te i Paris onsdag.<\/p>\n<p>\u2013 Vi undervurderer ikke uttalelsene om Gr\u00f8nland, fortsatte Macron.<\/p>\n<p>Sitatene blir gjengitt av en talsperson for den franske regjeringen bare timer f\u00f8r Danmark, Gr\u00f8nland og USA m\u00f8tes for \u00e5 diskutere Gr\u00f8nland i Washington.<\/p>\n<p><b>Les ogs\u00e5: <a class=\"simple-relation related-teaser article--c-eRUmMG article--c-eRUmMG-fZoQSp-design-nettavisen article--c-eRUmMG-gwthdJ-cv\" href=\"https:\/\/www.nettavisen.no\/frankrike-klare-til-a-apne-generalkonsulat-pa-gronland\/s\/5-95-2823896\" rel=\"nofollow noopener\" target=\"_blank\">Frankrike klare til \u00e5 \u00e5pne generalkonsulat p\u00e5 Gr\u00f8nland<\/a><\/b><\/p>\n<p>Amerikanere imot<\/p>\n<p>71 prosent av amerikanerne mener det vil v\u00e6re en d\u00e5rlig id\u00e9 \u00e5 bruke milit\u00e6rmakt for \u00e5 overta Gr\u00f8nland.<\/p>\n<p>Det kommer fram i en meningsm\u00e5ling gjennomf\u00f8rt av Reuters og Ipsos.<\/p>\n<p><b>Les ogs\u00e5: <a class=\"simple-relation related-teaser article--c-eRUmMG article--c-eRUmMG-fZoQSp-design-nettavisen article--c-eRUmMG-gwthdJ-cv\" href=\"https:\/\/www.nettavisen.no\/trump-sier-gronlands-valg-blir-et-problem\/s\/5-95-2823718\" rel=\"nofollow noopener\" target=\"_blank\">Trump sier Gr\u00f8nlands valg blir et problem<\/a><\/b><\/p>\n<p>Samtidig svarer 17 prosent av de spurte at de st\u00f8tter USAs innsats for \u00e5 f\u00e5 kontroll over Gr\u00f8nland.<\/p>\n<p>Men bare 4 prosent av amerikanerne, inkludert kun \u00e9n av ti republikanere og nesten ingen demokrater, mener det ville v\u00e6re en \u00abgod id\u00e9\u00bb om USA brukte milit\u00e6r makt for \u00e5 ta kontroll over Gr\u00f8nland.<\/p>\n<p>\u2013 Nato b\u00f8r v\u00e6re tydeligere<\/p>\n<p>P\u00e5troppende H\u00f8yre-leder Ine Eriksen S\u00f8reide mener Nato-sjef Mark Rutte b\u00f8r v\u00e6re enda tydeligere i saken rundt USAs gjentatte krav om \u00e5 ta over Gr\u00f8nland.<\/p>\n<p><b>Les ogs\u00e5: <\/p>\n<p>    Vil du se neste video?<\/p>\n<p>    <a href=\"https:\/\/www.nettavisen.no\/nyheter\/pete-hegseth-avbryter-plutselig-marco-rubio-klikker-pa-direkten\/v\/5-95-2813524\" class=\"recommend-poster\" data-adp-clicklabel=\"video-recommend\" data-adp-clickvalue=\"poster\" rel=\"nofollow noopener\" target=\"_blank\"><br \/>\n      <img decoding=\"async\" width=\"200\" height=\"200\" loading=\"lazy\" src=\"https:\/\/www.europesays.com\/no\/wp-content\/uploads\/2026\/01\/Hegseth+til+cue.jpg\" alt=\"\" class=\"brick-c-cFOWSL\" style=\"--brick-image-ratio: 200 \/ 200;\"\/><\/p>\n<p>Avbryter plutselig: Klikker p\u00e5 direkten1:05<\/p>\n<p>    <\/a><\/p>\n<p>        Spaltist i Nettavisen, Anders Magnus, og journalist i Nettavisen, Henrik Heldahl, diskuterer president Donald Trump sine siste handlinger og utsagn om Venezuela og Gr\u00f8nland.<br \/>\n        <\/b><\/p>\n<p>\u2013 Jeg mener at Natos generalsekret\u00e6r m\u00e5 v\u00e6re tydeligere enn det han er n\u00e5. Det er klart han st\u00e5r i mange vanskelige dilemmaer. Det tror jeg ikke man skal undersl\u00e5. Samtidig s\u00e5 er det avgj\u00f8rende at ogs\u00e5 Natos generalsekret\u00e6r har en tydelig stemme p\u00e5 disse sp\u00f8rsm\u00e5lene, sier hun til <a rel=\"noopener nofollow\" href=\"https:\/\/www.dn.no\/politikk\/ine-eriksen-soreide\/hoyre\/donald-trump\/ine-eriksen-soreide-refser-natos-generalsekretar\/2-1-1927590\" target=\"_blank\">Dagens N\u00e6ringsliv.<\/a><\/p>\n<p>\u2013 Det alle andre europeiske allierte har sagt, nemlig at vi st\u00e5r fullt og helt bak kongeriket Danmark. Det er et viktig signal \u00e5 sende. Det har en signaleffekt ogs\u00e5. Dette er et sp\u00f8rsm\u00e5l som b\u00f8r og m\u00e5 l\u00f8ses av Nato i fellesskap, ikke av enkeltallierte alene, sier S\u00f8reide.<\/p>\n","protected":false},"excerpt":{"rendered":"\u2013 USA trenger Gr\u00f8nland av hensyn til nasjonal sikkerhet. Det er avgj\u00f8rende for den gyldne kuppelen vi er&hellip;\n","protected":false},"author":2,"featured_media":137053,"comment_status":"","ping_status":"","sticky":false,"template":"","format":"standard","meta":{"footnotes":""},"categories":[12],"tags":[20,21,24,25,15,22,23,13,30,28,29,14,16,26,27,42,43,44,45],"class_list":{"0":"post-137052","1":"post","2":"type-post","3":"status-publish","4":"format-standard","5":"has-post-thumbnail","7":"category-verden","8":"tag-breaking-news","9":"tag-breakingnews","10":"tag-featured-news","11":"tag-featurednews","12":"tag-headlines","13":"tag-latest-news","14":"tag-latestnews","15":"tag-news","16":"tag-no","17":"tag-norge","18":"tag-norway","19":"tag-nyheter","20":"tag-overskrifter","21":"tag-top-stories","22":"tag-topstories","23":"tag-verden","24":"tag-world","25":"tag-world-news","26":"tag-worldnews"},"share_on_mastodon":{"url":"https:\/\/pubeurope.com\/@no\/115893440582165661","error":""},"_links":{"self":[{"href":"https:\/\/www.europesays.com\/no\/wp-json\/wp\/v2\/posts\/137052","targetHints":{"allow":["GET"]}}],"collection":[{"href":"https:\/\/www.europesays.com\/no\/wp-json\/wp\/v2\/posts"}],"about":[{"href":"https:\/\/www.europesays.com\/no\/wp-json\/wp\/v2\/types\/post"}],"author":[{"embeddable":true,"href":"https:\/\/www.europesays.com\/no\/wp-json\/wp\/v2\/users\/2"}],"replies":[{"embeddable":true,"href":"https:\/\/www.europesays.com\/no\/wp-json\/wp\/v2\/comments?post=137052"}],"version-history":[{"count":0,"href":"https:\/\/www.europesays.com\/no\/wp-json\/wp\/v2\/posts\/137052\/revisions"}],"wp:featuredmedia":[{"embeddable":true,"href":"https:\/\/www.europesays.com\/no\/wp-json\/wp\/v2\/media\/137053"}],"wp:attachment":[{"href":"https:\/\/www.europesays.com\/no\/wp-json\/wp\/v2\/media?parent=137052"}],"wp:term":[{"taxonomy":"category","embeddable":true,"href":"https:\/\/www.europesays.com\/no\/wp-json\/wp\/v2\/categories?post=137052"},{"taxonomy":"post_tag","embeddable":true,"href":"https:\/\/www.europesays.com\/no\/wp-json\/wp\/v2\/tags?post=137052"}],"curies":[{"name":"wp","href":"https:\/\/api.w.org\/{rel}","templated":true}]}}