{"id":137054,"date":"2026-01-14T12:25:10","date_gmt":"2026-01-14T12:25:10","guid":{"rendered":"https:\/\/www.europesays.com\/no\/137054\/"},"modified":"2026-01-14T12:25:10","modified_gmt":"2026-01-14T12:25:10","slug":"no-tryglar-eg-politikarane-om-a-redde-gata-de-nettopp-har-brukt-millionar-pa","status":"publish","type":"post","link":"https:\/\/www.europesays.com\/no\/137054\/","title":{"rendered":"\u00abNo tryglar eg poli\u00adtika\u00adrane om \u00e5 redde gata de nettopp har brukt millionar p\u00e5\u00bb"},"content":{"rendered":"<p>La det bli gratis \u00e5 parkere i M\u00e5l\u00f8y, slik det er i resten av Nordfjord<\/p>\n<p data-testid=\"textWithMarkup-text\" data-v-81d7dc2b=\"\" data-v-62d58f52=\"\">I M\u00e5l\u00f8y sentrum har det i fleire ti\u00e5r blitt delt ut parkeringsb\u00f8ter i fleng. Sakte, men sikkert gjekk M\u00e5l\u00f8y fr\u00e5 \u00e5 vere eit yrande handelssentrum til i dag \u00e5 vere hjelpetrengande. \u00c5rsakene er fleire, men i Sogn og Fjordane var M\u00e5l\u00f8y og Flor\u00f8 \u00e5r etter \u00e5r \u00e5leine om kreve inn parkeringsavgift og \u00e5 dele ut b\u00f8ter. I Nordfjord er M\u00e5l\u00f8y framleis \u00e5leine om \u00e5 kreve parkeringsavgift fr\u00e5 handlande gjester.<\/p>\n<p data-testid=\"textWithMarkup-text\" data-v-81d7dc2b=\"\" data-v-62d58f52=\"\">Kanskje var dette ein god ide p\u00e5 80-talet? Men historia viser at altfor mange kundar for eksempel fr\u00e5 Stadt, Selje, \u00c5heim, Fisk\u00e5, Bryggja og Bremanger (og fr\u00e5 V\u00e5gs\u00f8y) har vendt Gate 1 i M\u00e5l\u00f8y ryggen. Framleis blir det fortalt historier om d\u00e5rlege minner fr\u00e5 M\u00e5l\u00f8yturar der b\u00f8ter, automattr\u00f8bbel og parkeringsstress er gjengangar. Gamle, kjipe historier lever vidare og sj\u00f8lv om vi som bur her for lengst har blitt vane med systemet, er dette ein lite gjestfri velkomst for alle,\u00a0 uansett \u00e6rend. Ein tur til M\u00e5l\u00f8y skal helst berre skape gode minner!<\/p>\n<p data-testid=\"textWithMarkup-text\" data-v-81d7dc2b=\"\" data-v-62d58f52=\"\">I Nordfjord har plassar som Stryn, Sandane og Eid ikkje parkeringsavgift. I M\u00e5l\u00f8y har det vore argumentert med at det blir kaos om folk f\u00e5r parkere gratis. Tenk om vi kunne opplevd litt parkeringskaos i M\u00e5l\u00f8y igjen! Det hadde vore bra! Problemet i dag er at vi har ei flott gate, som n\u00e6rmar seg folketom. Sj\u00f8lv meiner eg Gate 1 i M\u00e5l\u00f8y kanskje er den mest sjarmerande handlegata i Sogn og Fjordane. Den har urbane kvalitetar, kjempefine butikkar, kafear, restaurantar og pubar! N\u00e6rheit til b\u00e5tliv og skipsleia. Alt ligg til rette. <\/p>\n<p data-testid=\"textWithMarkup-text\" data-v-81d7dc2b=\"\" data-v-62d58f52=\"\">S\u00e5 no tryglar eg politikarane om \u00e5 gjere det som m\u00e5 til for \u00e5 redde gata de nettopp har brukt millionar p\u00e5. Forslaget er: \u00c5 avvikle V\u00e5gs\u00f8y parkering og redusere ned til ei delt stilling som gartnar\/park-ansvarleg\u00a0 i sytti prosent (den nye gata er full av vekstar) og parkeringsansvarleg i tretti prosent? (For \u00e5 sj\u00e5 til at p-plassar og parkering innanfor oppmerka omr\u00e5der blir passa p\u00e5). Gratis parkering ALLE dagar, som fungerer i resten av Nordfjord. Utgifter s\u00e5leis spart.<\/p>\n<p data-testid=\"textWithMarkup-text\" data-v-81d7dc2b=\"\" data-v-62d58f52=\"\">S\u00e5 skal eg ta innspel p\u00e5 ideen fr\u00e5 kommunestyrepolitikar, Geir Oldeide (Raudt) p\u00e5 alvor. Han fryktar folk, som til d\u00f8mes pendlar til M\u00e5l\u00f8y sentrum p\u00e5 jobb, kan kome til \u00e5 fylle opp gratis plassar langt Gate 1. I utgangspunktet er det ikkje kommunen sitt ansvar \u00e5 ha parkeringsplassar til tilsette i private bedrifter, men kva om Oldeide har eit viktig poeng her? G\u00e5r det an \u00e5 l\u00f8yse det med \u00e5 lage til ein eller to store p-plassar i utkanten av gata? Kan til d\u00f8mes fyllinga innanfor den nye brannstasjonen jamnast ut og bli til ein romsleg p-plass? Kan hende er bygging av p-hus ein god ide, men vil det d\u00e5 ikkje vere mest naturleg at p-husa i tilfelle tar parkeringssvgift mens resten av plassane ute i gata er gratis? Det m\u00e5 ikkje vere avgift begge stadar! Det er meir logisk at ein m\u00e5 betale for \u00e5 st\u00e5 under tak i eit p-hus, og det er automatisk og kamerastyrt, s\u00e5 enkelt for folk \u00e5 f\u00e5 betalt utan \u00e5 styre med \u00e5 leite etter automatar som ikkje verkar osv. <\/p>\n<p data-testid=\"textWithMarkup-text\" data-v-81d7dc2b=\"\" data-v-62d58f52=\"\">Det m\u00e5 vere like lett \u00e5 parkere i M\u00e5l\u00f8y som andre plassar i Nordfjord! Vi m\u00e5 \u00f8nskje handlande fr\u00e5 andre bygder hjarteleg velkomne utan at dei skal frykte b\u00f8ter eller kjenne p\u00e5 parkeringsstress. Det har blitt tydeleg at mange vel \u00e5 handle feks p\u00e5 Eid, der dei kan st\u00e5 gratis heile dagen mens shopping og kafeturar kan skje utan styr. Tenk om nokre av dei som f\u00f8r kom til M\u00e5l\u00f8y, f\u00e5r meir lyst \u00e5 komme tilbake! Kvar einaste kunde er viktig.<\/p>\n<p data-testid=\"textWithMarkup-text\" data-v-81d7dc2b=\"\" data-v-62d58f52=\"\">Om Flor\u00f8 vil halde fram med avgift, s\u00e5 ok. Det er forskjel p\u00e5 kundetilfanget i Flor\u00f8 og M\u00e5l\u00f8y, og no treng dei som driv handel i M\u00e5l\u00f8y all hjelp dei kan f\u00e5! Eg handlar lokalt og har lenge sett at det hastar med \u00e5 fjerne parkeringsavgifta i M\u00e5l\u00f8y sentrum, slik at handelen der f\u00e5r lik konkurranse med andre plassar i Nordfjord. Det er trist \u00e5 vere vitne til at kj\u00f8pmannsfamiliar i M\u00e5l\u00f8y er tvinga til \u00e5 avvikle og at nyare butikkane gir fort opp. Det er lenge sidan trafikkkaoset i M\u00e5l\u00f8y p\u00e5 80-talet. Kva skal vi med fin gate utan butikkar, bilar og folk?<\/p>\n","protected":false},"excerpt":{"rendered":"La det bli gratis \u00e5 parkere i M\u00e5l\u00f8y, slik det er i resten av Nordfjord I M\u00e5l\u00f8y sentrum&hellip;\n","protected":false},"author":2,"featured_media":137055,"comment_status":"","ping_status":"","sticky":false,"template":"","format":"standard","meta":{"footnotes":""},"categories":[10],"tags":[20,21,24,25,15,22,23,13,30,28,29,14,16,26,27],"class_list":{"0":"post-137054","1":"post","2":"type-post","3":"status-publish","4":"format-standard","5":"has-post-thumbnail","7":"category-norge","8":"tag-breaking-news","9":"tag-breakingnews","10":"tag-featured-news","11":"tag-featurednews","12":"tag-headlines","13":"tag-latest-news","14":"tag-latestnews","15":"tag-news","16":"tag-no","17":"tag-norge","18":"tag-norway","19":"tag-nyheter","20":"tag-overskrifter","21":"tag-top-stories","22":"tag-topstories"},"share_on_mastodon":{"url":"https:\/\/pubeurope.com\/@no\/115893444614838623","error":""},"_links":{"self":[{"href":"https:\/\/www.europesays.com\/no\/wp-json\/wp\/v2\/posts\/137054","targetHints":{"allow":["GET"]}}],"collection":[{"href":"https:\/\/www.europesays.com\/no\/wp-json\/wp\/v2\/posts"}],"about":[{"href":"https:\/\/www.europesays.com\/no\/wp-json\/wp\/v2\/types\/post"}],"author":[{"embeddable":true,"href":"https:\/\/www.europesays.com\/no\/wp-json\/wp\/v2\/users\/2"}],"replies":[{"embeddable":true,"href":"https:\/\/www.europesays.com\/no\/wp-json\/wp\/v2\/comments?post=137054"}],"version-history":[{"count":0,"href":"https:\/\/www.europesays.com\/no\/wp-json\/wp\/v2\/posts\/137054\/revisions"}],"wp:featuredmedia":[{"embeddable":true,"href":"https:\/\/www.europesays.com\/no\/wp-json\/wp\/v2\/media\/137055"}],"wp:attachment":[{"href":"https:\/\/www.europesays.com\/no\/wp-json\/wp\/v2\/media?parent=137054"}],"wp:term":[{"taxonomy":"category","embeddable":true,"href":"https:\/\/www.europesays.com\/no\/wp-json\/wp\/v2\/categories?post=137054"},{"taxonomy":"post_tag","embeddable":true,"href":"https:\/\/www.europesays.com\/no\/wp-json\/wp\/v2\/tags?post=137054"}],"curies":[{"name":"wp","href":"https:\/\/api.w.org\/{rel}","templated":true}]}}