{"id":137056,"date":"2026-01-14T12:26:08","date_gmt":"2026-01-14T12:26:08","guid":{"rendered":"https:\/\/www.europesays.com\/no\/137056\/"},"modified":"2026-01-14T12:26:08","modified_gmt":"2026-01-14T12:26:08","slug":"er-ikke-en-god-ide","status":"publish","type":"post","link":"https:\/\/www.europesays.com\/no\/137056\/","title":{"rendered":"\u2013 Er ikke en god id\u00e9"},"content":{"rendered":"\n<p class=\"_lead_snl99_2 _lead_1fmmc_55 layout-component layout-normal body-large layout-component layout-wide layout-padded _wide_17hqh_1 layout-padded\">JPMorgan Chase-sjef Jamie Dimon er blant flere toppsjefer i banksektoren som advarer mot etterforskningen av Fed-sjefen Jerome Powell.<\/p>\n<p><img alt=\"DIMON: Jamie Dimon har v\u00e6rt leder av JPMorgan Chase, den st\u00f8rste banken sett fra totale eiendeler, siden 2006.\" class=\"_image_c08te_90 layout-component layout-wide\" data-fullscreen- data-track-element-type=\"Article image fullscreen\" data-track-name=\"ImageFullscreen\" fetchpriority=\"high\" decoding=\"sync\" loading=\"eager\" height=\"2281\" itemprop=\"image\"  src=\"https:\/\/www.europesays.com\/no\/wp-content\/uploads\/2026\/01\/289e78ce-24ab-42d8-82cc-d0cc8fce003c.png\"  style=\"object-position:47.76315789473684% 50%\" width=\"3420\"\/>DIMON: Jamie Dimon har v\u00e6rt leder av JPMorgan Chase, den st\u00f8rste banken sett fra totale eiendeler, siden 2006.Vis mer<\/p>\n<p> Foto: Emily Elconin \/ Reuters \/ NTB<\/p>\n<p>Oppsummeringen er laget med kunstig intelligens og kvalitetssikret av E24s journalister.<\/p>\n<ul class=\"_list_snl99_3 _list_16a6p_108 _unordered_snl99_109 _textTheme_1yhmn_1 body-small\">\n<li class=\"_item_snl99_34\">JPMorgan-sjef Jamie Dimon advarer mot Justisdepartementets etterforskning av Fed-sjef Jerome Powell.<\/li>\n<li class=\"_item_snl99_34\">Dimon mener etterforskningen svekker sentralbankens uavhengighet og kan f\u00f8re til h\u00f8yere inflasjon og renter.<\/li>\n<li class=\"_item_snl99_34\">Natt til mandag bekreftet Powell at Justisdepartementet hadde \u00e5pnet en etterforskning.<\/li>\n<li class=\"_item_snl99_34\">Europeiske sentralbanksjefer, inkludert Norges Banks Ida Wolden Bache, st\u00f8tter Powell i en solidaritetsuttalelse.<\/li>\n<\/ul>\n<p>Vis mer <\/p>\n<p class=\"_paragraph_snl99_4 _paragraph_1fmmc_7 layout-component layout-normal body-medium layout-padded\">Dimon har uttrykt bekymring for etterforskningen av Fed-sjefen Jerome Powell. President Donald Trump avviser kritikken og sier banksjefen tar feil n\u00e5r han antyder at presidenten undergraver Federal Reserves uavhengighet.<\/p>\n<p class=\"_paragraph_snl99_4 _paragraph_1fmmc_7 layout-component layout-normal body-medium layout-padded\">\u2013 Jeg vil si at jeg ikke er enig i alt Fed har gjort, men jeg har enorm respekt for Jerome Powell, sier  Dimon tirsdag, if\u00f8lge <a href=\"https:\/\/www.bloomberg.com\/news\/articles\/2026-01-13\/trump-says-dimon-wrong-to-criticize-doj-probe-of-fed-s-powell?srnd=homepage-europe\" class=\"_link_snl99_43\" rel=\"nofollow noopener\" target=\"_blank\">Bloomberg<\/a>.<\/p>\n<p class=\"_paragraph_snl99_4 _paragraph_1fmmc_7 layout-component layout-normal body-medium layout-padded\">\u2013 Alt som svekker Feds uavhengighet er ikke en god id\u00e9, og etter min mening vil det f\u00e5 motsatt effekt. Det vil \u00f8ke inflasjonsforventningene og sannsynligvis f\u00f8re til h\u00f8yere renter over tid, sier han if\u00f8lge <a href=\"https:\/\/www.politico.com\/news\/2026\/01\/13\/dimon-wall-street-heavyweights-rally-around-powell-00724341\" class=\"_link_snl99_43\" rel=\"nofollow noopener\" target=\"_blank\">Politico<\/a>. <\/p>\n<p class=\"_paragraph_snl99_4 _paragraph_1fmmc_7 layout-component layout-normal body-medium layout-padded\">BNY Mellon leder Robin Vince, en bank som har en kritisk rolle i markedet for amerikanske statsobligasjoner, mener etterforskningen av Powell risikerer \u00e5 endre fundamentene i obligasjonsmarkedet og setter Trumps politiske agenda i fare, if\u00f8lge <a href=\"https:\/\/www.politico.com\/news\/2026\/01\/13\/dimon-wall-street-heavyweights-rally-around-powell-00724341\" class=\"_link_snl99_43\" rel=\"nofollow noopener\" target=\"_blank\">Politico<\/a>. <\/p>\n<p>\u2013 Stor taper<\/p>\n<p class=\"_paragraph_snl99_4 _paragraph_1fmmc_7 layout-component layout-normal body-medium layout-padded\">Natt til mandag ble det klart at det amerikanske justisdepartementet har\u00a0<a href=\"https:\/\/e24.no\/internasjonal-oekonomi\/i\/y5R50R\/dette-er-feiden-mellom-trump-og-sentralbanken\" class=\"_link_snl99_43\" rel=\"nofollow noopener\" target=\"_blank\">\u00e5pnet etterforskning mot USAs sentralbanksjef Jerome Powell<\/a>.<\/p>\n<p class=\"_paragraph_snl99_4 _paragraph_1fmmc_7 layout-component layout-normal body-medium layout-padded\">Powell mener etterforskningen skyldes helt andre ting.<\/p>\n<p class=\"_paragraph_snl99_4 _paragraph_1fmmc_7 layout-component layout-normal body-medium layout-padded\">\u2013 Trusselen om straffeforf\u00f8lgelse er en konsekvens av at Federal Reserve setter renten basert p\u00e5 v\u00e5r beste vurdering av hva som tjener allmennheten, i stedet for \u00e5 f\u00f8lge presidentens preferanser, sier han i en <a href=\"https:\/\/e24.no\/internasjonal-oekonomi\/i\/y5R50R\/dette-er-feiden-mellom-trump-og-sentralbanken\" class=\"_link_snl99_43\" rel=\"nofollow noopener\" target=\"_blank\">uttalelse<\/a>.<\/p>\n<p class=\"_paragraph_snl99_4 _paragraph_1fmmc_7 layout-component layout-normal body-medium layout-padded\">Etterforskningen kommer etter at Trump i en lengre periode har v\u00e6rt kritisk til Powell og hans styring, han har blant annet kalt Powell for en <a href=\"https:\/\/e24.no\/internasjonal-oekonomi\/i\/XjQbWr\/trump-fortsetter-aa-lange-ut-mot-usas-sentralbanksjef-en-stor-taper\" class=\"_link_snl99_43\" rel=\"nofollow noopener\" target=\"_blank\">\u00abstor taper\u00bb<\/a>.<\/p>\n<p><img alt=\"POWELL: Powell kom med en uttalelse p\u00e5 blant annet YouTube.\" class=\"_image_c08te_90 layout-component layout-normal\" data-fullscreen- data-track-element-type=\"Article image fullscreen\" data-track-name=\"ImageFullscreen\" decoding=\"async\" loading=\"lazy\" height=\"4465\" itemprop=\"image\"  src=\"https:\/\/www.europesays.com\/no\/wp-content\/uploads\/2026\/01\/6167b0a8-398b-4a3e-bf99-ab280ada43cf.png\"  style=\"object-position:47.19319199761123% 50%\" width=\"6698\"\/>POWELL: Powell kom med en uttalelse p\u00e5 blant annet YouTube.Vis mer<\/p>\n<p>Foto: Richard Drew \/ AP \/ NTB<\/p>\n<p class=\"_paragraph_snl99_4 _paragraph_1fmmc_7 layout-component layout-normal body-medium layout-padded\">\u2013 Dette handler om hvorvidt Fed vil v\u00e6re i stand til \u00e5 fortsette \u00e5 sette renten basert p\u00e5 fakta og \u00f8konomiske forhold \u2013 eller om pengepolitikken i stedet vil styres av politisk press og trusler, <a href=\"https:\/\/e24.no\/internasjonal-oekonomi\/i\/y5R50R\/dette-er-feiden-mellom-trump-og-sentralbanken\" class=\"_link_snl99_43\" rel=\"nofollow noopener\" target=\"_blank\">fortsetter Powell<\/a>.<\/p>\n<p>Solidariske<\/p>\n<p class=\"_paragraph_snl99_4 _paragraph_1fmmc_7 layout-component layout-normal body-medium layout-padded\">\u2013 Vi st\u00e5r i full solidaritet med Federal Reserve-systemet og dets sjef, Jerome Powell, het det i en uttalelse fra en rekke <a href=\"https:\/\/e24.no\/boers-og-finans\/i\/rrLmbR\/europeiske-sentralbanksjefer-staar-i-full-solidaritet-med-powell\" class=\"_link_snl99_43\" rel=\"nofollow noopener\" target=\"_blank\">sentralbanksjefer tirsdag<\/a>.<\/p>\n<p class=\"_paragraph_snl99_4 _paragraph_1fmmc_7 layout-component layout-normal body-medium layout-padded\">Norges Bank sto f\u00f8rst ikke p\u00e5 listen over sentralbanker som var med p\u00e5 uttalelsen, men rundt <a href=\"https:\/\/e24.no\/boers-og-finans\/i\/rrLmbR\/europeiske-sentralbanksjefer-staar-i-full-solidaritet-med-powell\" class=\"_link_snl99_43\" rel=\"nofollow noopener\" target=\"_blank\">en halvtime senere<\/a> var ogs\u00e5 signaturen til Ida Wolden Bache oppf\u00f8rt. <\/p>\n<p class=\"_paragraph_snl99_4 _paragraph_1fmmc_7 layout-component layout-normal body-medium layout-padded\">\u2013 Sentralbankenes uavhengighet er en grunnpilar for prisstabilitet, finansiell stabilitet og \u00f8konomisk stabilitet til det beste for innbyggerne vi tjener. Det er derfor avgj\u00f8rende \u00e5 verne om denne uavhengigheten, med full respekt for rettsstaten og demokratisk etterrettelighet, heter det i uttalelsen.<\/p>\n","protected":false},"excerpt":{"rendered":"JPMorgan Chase-sjef Jamie Dimon er blant flere toppsjefer i banksektoren som advarer mot etterforskningen av Fed-sjefen Jerome Powell.&hellip;\n","protected":false},"author":2,"featured_media":137057,"comment_status":"","ping_status":"","sticky":false,"template":"","format":"standard","meta":{"footnotes":""},"categories":[5],"tags":[20,21,55,24,25,2755,15,19,5081,232,15691,22,23,17,18,13,30,28,29,14,16,26,27],"class_list":{"0":"post-137056","1":"post","2":"type-post","3":"status-publish","4":"format-standard","5":"has-post-thumbnail","7":"category-overskrifter","8":"tag-breaking-news","9":"tag-breakingnews","10":"tag-donald-trump","11":"tag-featured-news","12":"tag-featurednews","13":"tag-federal-reserve","14":"tag-headlines","15":"tag-hovedoppslag","16":"tag-jamie-dimon","17":"tag-jerome-powell","18":"tag-jpmorgan-chase","19":"tag-latest-news","20":"tag-latestnews","21":"tag-main-news","22":"tag-mainnews","23":"tag-news","24":"tag-no","25":"tag-norge","26":"tag-norway","27":"tag-nyheter","28":"tag-overskrifter","29":"tag-top-stories","30":"tag-topstories"},"share_on_mastodon":{"url":"https:\/\/pubeurope.com\/@no\/115893448446803452","error":""},"_links":{"self":[{"href":"https:\/\/www.europesays.com\/no\/wp-json\/wp\/v2\/posts\/137056","targetHints":{"allow":["GET"]}}],"collection":[{"href":"https:\/\/www.europesays.com\/no\/wp-json\/wp\/v2\/posts"}],"about":[{"href":"https:\/\/www.europesays.com\/no\/wp-json\/wp\/v2\/types\/post"}],"author":[{"embeddable":true,"href":"https:\/\/www.europesays.com\/no\/wp-json\/wp\/v2\/users\/2"}],"replies":[{"embeddable":true,"href":"https:\/\/www.europesays.com\/no\/wp-json\/wp\/v2\/comments?post=137056"}],"version-history":[{"count":0,"href":"https:\/\/www.europesays.com\/no\/wp-json\/wp\/v2\/posts\/137056\/revisions"}],"wp:featuredmedia":[{"embeddable":true,"href":"https:\/\/www.europesays.com\/no\/wp-json\/wp\/v2\/media\/137057"}],"wp:attachment":[{"href":"https:\/\/www.europesays.com\/no\/wp-json\/wp\/v2\/media?parent=137056"}],"wp:term":[{"taxonomy":"category","embeddable":true,"href":"https:\/\/www.europesays.com\/no\/wp-json\/wp\/v2\/categories?post=137056"},{"taxonomy":"post_tag","embeddable":true,"href":"https:\/\/www.europesays.com\/no\/wp-json\/wp\/v2\/tags?post=137056"}],"curies":[{"name":"wp","href":"https:\/\/api.w.org\/{rel}","templated":true}]}}