{"id":137060,"date":"2026-01-14T12:32:13","date_gmt":"2026-01-14T12:32:13","guid":{"rendered":"https:\/\/www.europesays.com\/no\/137060\/"},"modified":"2026-01-14T12:32:13","modified_gmt":"2026-01-14T12:32:13","slug":"gronlands-regjeringssjef-vi-velger-danmark","status":"publish","type":"post","link":"https:\/\/www.europesays.com\/no\/137060\/","title":{"rendered":"Gr\u00f8nlands regjeringssjef: \u2013 Vi velger Danmark"},"content":{"rendered":"<p>    Gr\u00f8nlands regjeringssjef Jens-Fredrik Nielsen sier tydelig ifra om at Gr\u00f8nland ikke \u00f8nsker \u00e5 bli en del av USA.<\/p>\n<p>\n    Jens-Frederik Nielsen og Mette Frederiksen under et m\u00f8te i april 2025. Foto: Mads Claus Rasmussen \/ Ritzau Scanpix via AP \/ NTB\n  <\/p>\n<p>\u2013 Vi st\u00e5r med en geopolitisk krise. Og skal vi velge her og n\u00e5, velger vi Danmark. Vi velger EU. Tiden er ikke til intern diskusjon og splittelse. Tiden er til \u00e5 bygge videre p\u00e5 det vi kjenner, sier han p\u00e5 en felles pressekonferanse med Danmarks statsminister Mette Frederiksen tirsdag.<\/p>\n<p>Nielsen legger til:<\/p>\n<p>\u2013 Gr\u00f8nland vil ikke styres av USA. Gr\u00f8nland vil ikke v\u00e6re en del av USA.<\/p>\n<p>Regjeringssjefen understreker ogs\u00e5 at situasjonen er alvorlig, og at den har lagt enormt press p\u00e5 Gr\u00f8nland og deres folk.<\/p>\n<p>    <a itemprop=\"url\" href=\"https:\/\/sol.no\/nyheter\/alarm-dyp-bekymring\/84062096\" rel=\"nofollow noopener\" target=\"_blank\"><\/p>\n<p>        <img loading=\"lazy\" decoding=\"async\" src=\"https:\/\/www.europesays.com\/no\/wp-content\/uploads\/2026\/01\/84062361.webp.webp\" width=\"980\" height=\"441\" title=\"Alarm: - Dyp bekymring\" alt=\"\" class=\"lazyload\" style=\"--aspect-ratio-image: 2.22; \"\/><\/p>\n<p>        Alarm: &#8211; Dyp bekymring<\/p>\n<p>sol.no<\/p>\n<p>    <\/a><\/p>\n<p>Onsdag skal Nielsen, sammen med Frederiksen og Danmarks utenriksminister, m\u00f8te USAs visepresident J.D. Vance og utenriksminister Marco Rubio.<\/p>\n<p>P\u00e5 direkte sp\u00f8rsm\u00e5l fra pressen sier Nielsen at det ikke er aktuelt \u00e5 m\u00f8te representanter fra USA uten Danmark til stede.<\/p>\n<p>\u2013 Vi g\u00e5r inn i lokalet sammen og snakker med amerikanerne sammen, sier Nielsen.<\/p>\n<p>\u2013 Vi kommer sammen og vi forblir sammen. Vi s\u00f8ker ikke konflikt, men budskapet v\u00e5rt er klart: Gr\u00f8nland er ikke til salgs, f\u00f8yer Frederiksen til.<\/p>\n<p>    <a itemprop=\"url\" href=\"https:\/\/sol.no\/nyheter\/noe-av-det-mest-stupide\/84071953\" rel=\"nofollow noopener\" target=\"_blank\"><\/p>\n<p>        <img loading=\"lazy\" decoding=\"async\" src=\"https:\/\/www.europesays.com\/no\/wp-content\/uploads\/2026\/01\/84072804.webp.webp\" width=\"980\" height=\"441\" title=\"- Noe av det mest stupide\" alt=\"\" class=\"lazyload\" style=\"--aspect-ratio-image: 2.22; \"\/><\/p>\n<p>        &#8211; Noe av det mest stupide<\/p>\n<p>sol.no<\/p>\n<p>    <\/a><\/p>\n<p>Donald Trump har i lengre tid uttrykt et \u00f8nske om \u00e5 ta over Gr\u00f8nland. Han har selv sagt at han helst vil kj\u00f8pe \u00f8ya, men har ikke utelukket \u00e5 ta den over ved bruk av milit\u00e6rmakt.<\/p>\n<p>\u2013 Det har ikke v\u00e6rt lett \u00e5 st\u00e5 imot et fullstendig uakseptabelt press fra v\u00e5re n\u00e6rmeste allierte. Men mye tyder p\u00e5 at den vanskeligste delen fortsatt ligger foran oss, sier Frederiksen.<\/p>\n","protected":false},"excerpt":{"rendered":"Gr\u00f8nlands regjeringssjef Jens-Fredrik Nielsen sier tydelig ifra om at Gr\u00f8nland ikke \u00f8nsker \u00e5 bli en del av USA.&hellip;\n","protected":false},"author":2,"featured_media":137061,"comment_status":"","ping_status":"","sticky":false,"template":"","format":"standard","meta":{"footnotes":""},"categories":[12],"tags":[20,21,24,25,15,22,23,13,30,28,29,14,16,26,27,42,43,44,45],"class_list":{"0":"post-137060","1":"post","2":"type-post","3":"status-publish","4":"format-standard","5":"has-post-thumbnail","7":"category-verden","8":"tag-breaking-news","9":"tag-breakingnews","10":"tag-featured-news","11":"tag-featurednews","12":"tag-headlines","13":"tag-latest-news","14":"tag-latestnews","15":"tag-news","16":"tag-no","17":"tag-norge","18":"tag-norway","19":"tag-nyheter","20":"tag-overskrifter","21":"tag-top-stories","22":"tag-topstories","23":"tag-verden","24":"tag-world","25":"tag-world-news","26":"tag-worldnews"},"share_on_mastodon":{"url":"https:\/\/pubeurope.com\/@no\/115893472147888135","error":""},"_links":{"self":[{"href":"https:\/\/www.europesays.com\/no\/wp-json\/wp\/v2\/posts\/137060","targetHints":{"allow":["GET"]}}],"collection":[{"href":"https:\/\/www.europesays.com\/no\/wp-json\/wp\/v2\/posts"}],"about":[{"href":"https:\/\/www.europesays.com\/no\/wp-json\/wp\/v2\/types\/post"}],"author":[{"embeddable":true,"href":"https:\/\/www.europesays.com\/no\/wp-json\/wp\/v2\/users\/2"}],"replies":[{"embeddable":true,"href":"https:\/\/www.europesays.com\/no\/wp-json\/wp\/v2\/comments?post=137060"}],"version-history":[{"count":0,"href":"https:\/\/www.europesays.com\/no\/wp-json\/wp\/v2\/posts\/137060\/revisions"}],"wp:featuredmedia":[{"embeddable":true,"href":"https:\/\/www.europesays.com\/no\/wp-json\/wp\/v2\/media\/137061"}],"wp:attachment":[{"href":"https:\/\/www.europesays.com\/no\/wp-json\/wp\/v2\/media?parent=137060"}],"wp:term":[{"taxonomy":"category","embeddable":true,"href":"https:\/\/www.europesays.com\/no\/wp-json\/wp\/v2\/categories?post=137060"},{"taxonomy":"post_tag","embeddable":true,"href":"https:\/\/www.europesays.com\/no\/wp-json\/wp\/v2\/tags?post=137060"}],"curies":[{"name":"wp","href":"https:\/\/api.w.org\/{rel}","templated":true}]}}