{"id":137062,"date":"2026-01-14T12:33:11","date_gmt":"2026-01-14T12:33:11","guid":{"rendered":"https:\/\/www.europesays.com\/no\/137062\/"},"modified":"2026-01-14T12:33:11","modified_gmt":"2026-01-14T12:33:11","slug":"tina-milena-solberg-drap-vahid-35-domt-til-over-16-ars-forvaring-for-drapet-pa-tina-33","status":"publish","type":"post","link":"https:\/\/www.europesays.com\/no\/137062\/","title":{"rendered":"Tina Milena Solberg, Drap | Vahid (35) d\u00f8mt til over 16 \u00e5rs forvaring for drapet p\u00e5 Tina (33)"},"content":{"rendered":"\n<p>I overkant av en m\u00e5ned etter at rettssaken mot 35-\u00e5ringen var over, er dommen klar.<\/p>\n<p>Like over klokken 12 onsdag ankom dommerrekken med tingrettsdommer Johan Eggen i spissen en rettssal i Hordaland tingrett.<\/p>\n<p>Den relativt lille rettssalen er fylt opp til randen med presse og familie av Tina og Vahid.<\/p>\n<p>Med en svartkledd Vahid Heydari Mohammadi p\u00e5 tiltalebenken og forsvarerne J\u00f8rgen Riple og Rikke Arnesen ved hans side, ble domsslutningen lest opp:<\/p>\n<p><b>Han er d\u00f8mt p\u00e5 alle punkter til 16 \u00e5r og seks m\u00e5neders , med en minstetid p\u00e5 elleve \u00e5r.<\/b><\/p>\n<p>Under dissens<\/p>\n<p>Mohammadi d\u00f8mmes ogs\u00e5 til \u00e5 betale over 3,7 millioner i erstatning til barna sine og Tinas etterlatte.<\/p>\n<p>\u2013 Dommen er avsagt under dissens, og det gjelder sp\u00f8rsm\u00e5let om forvaring, sa Eggen.<\/p>\n<p>Det betyr at flertallet i dommerrekken p\u00e5 tre mener forvaring er riktig straff, og dermed endte man p\u00e5 det. Flertallet best\u00e5r av Eggen og en av meddommerne.<\/p>\n<p>   <img decoding=\"async\" width=\"4128\" height=\"2752\" fetchpriority=\"low\"  loading=\"lazy\"  src=\"https:\/\/www.europesays.com\/no\/wp-content\/uploads\/2026\/01\/EH9_6152.jpg\" alt=\"\" class=\"brick-c-cFOWSL\" style=\"--brick-image-ratio: 4128 \/ 2752;\"\/><\/p>\n<p>      Tingrettsdommer Johan Eggen.<br \/>\n      Foto: EIRIK HAGES\u00c6TER\n    <\/p>\n<p>Noen av familiemedlemmene til Mohammadi tok til t\u00e5rene mens Eggen leste opp dommen.<\/p>\n<p>Selv hadde 35-\u00e5ringen blikket festet i bordet foran seg.<\/p>\n<p>            Tidligere saker fra rettssaken:<\/p>\n<p>  \u2013 Drevet av dyp sjalusi<\/p>\n<p>Det var om morgenen den 7. januar 2024 at tobarnsmoren Tina Milena Solberg (33) ble funnet d\u00f8d i bagasjerommet p\u00e5 en utbrent bil i \u00d8ygarden.<\/p>\n<p>Samme formiddag ble hennes tidligere samboer og faren til hennes barn p\u00e5grepet. Han tilsto \u00e5 ha drept henne i f\u00f8rste avh\u00f8r.<\/p>\n<p>Tina hadde blitt kvalt til d\u00f8de p\u00e5 soverommet til en av s\u00f8nnene deres tidligere den morgenen, f\u00f8r Mohammadi la henne i bilen som han senere tente p\u00e5.<\/p>\n<p>   <img decoding=\"async\" width=\"1280\" height=\"960\" fetchpriority=\"low\"  loading=\"lazy\"  src=\"https:\/\/www.europesays.com\/no\/wp-content\/uploads\/2026\/01\/2024-01-07_06-59-19-Video+fra+Tesla.00_00_04_05.Still001+%281%29.png\" alt=\"\" class=\"brick-c-cFOWSL\" style=\"--brick-image-ratio: 1280 \/ 960;\"\/><\/p>\n<p>      Rett f\u00f8r klokken syv om morgenen p\u00e5 drapsdagen, dro Tinas venner fra leiligheten. Da l\u00e5 eksen og gjemte seg bak en seng der inne, uten at de visste det.<br \/>\n      Foto: Skjermdump fra dashbordkamera\n    <\/p>\n<p>Han har ikke hatt noen god forklaring p\u00e5 hvorfor han drepte henne den morgenen, og viste til at de hadde hatt lignende krangler tidligere.<\/p>\n<p>Mohammadi har fortalt at det bare svartnet.<\/p>\n<p><b>Retten mener drapet viser hvor lite som skulle til for at Mohammadi tok i bruk det mest ekstreme middelet han kunne.<\/b><\/p>\n<p>Under rettssaken fortalte en rettsmedisiner at det vanligvis tar bortimot fire minutter f\u00f8r noen d\u00f8r av kvelning. Retten mener 35-\u00e5ringen hadde god tid til \u00e5 stanse.<\/p>\n<p>\u2013 Han tviholdt s\u00e5 lenge som n\u00f8dvendig for \u00e5 gjennomf\u00f8re drapet han hadde bestemt seg for. Han hadde rikelig med tid til \u00e5 forhindre Tinas d\u00f8d, fastslo Eggen.<\/p>\n<p>   <img decoding=\"async\" width=\"1000\" height=\"663\" fetchpriority=\"low\"  loading=\"lazy\"  src=\"https:\/\/www.europesays.com\/no\/wp-content\/uploads\/2026\/01\/IMG_6730__1_.jpeg\" alt=\"Aktor ber om forvaringsstraff for Tinas drapsmann - \u2013 \u00c5 drepe noen ved kvelning, er ikke noe som skjer med et uhell. Man kan n\u00e5r som helst stoppe og g\u00e5 tilbake, fastsl\u00e5r statsadvokat Kristine Herrebr\u00f8den.\" class=\"brick-c-cFOWSL\" style=\"--brick-image-ratio: 1000 \/ 663;\"\/><\/p>\n<p>      Tinas lik ble funnet med denne ledningen rundt halsen.<br \/>\n      Foto: Magnhild Mostad\n    <\/p>\n<p>I tillegg trakk dommeren frem hvordan s\u00f8nnene ble involvert den natten og morgenen av faren.<\/p>\n<p>Barna fikk penger for \u00e5 kontakte moren og be henne komme hjem, og ble lovet av faren at han bare skulle snakke med henne.<\/p>\n<p>I tillegg var den ene gutten til stede i rommet under deler av drapshandlingen.<\/p>\n<p><b>\u2013 Drevet av sin dype sjalusi har han grovt utnyttet og manipulert barna sine for \u00e5 f\u00e5 moren hjem. Det var det ultimate sviket. Lovnadene om at han bare skulle snakke med henne, var ikke verdt noen ting, mener retten.<\/b><\/p>\n<p>Trekk av psykopati<\/p>\n<p>P\u00e5 slutten av fjor\u00e5ret p\u00e5gikk rettssaken mot Mohammadi over tre uker. Der ble parets sv\u00e6rt turbulente og konfliktfylte forhold belyst fra alle sider.<\/p>\n<p>Sakkyndige <a href=\"https:\/\/www.ba.no\/psykiater-om-mannen-som-drepte-tina-trekk-av-psykopati\/s\/5-8-3243750\" rel=\"Follow nofollow noopener\" target=\"_blank\">konkluderte med at tiltalte <\/a>fyller kriteriene for diagnosen \u00ab\u00bb med trekk av psykopati.<\/p>\n<p>De har samtidig fastsl\u00e5tt at han var tilregnelig i gjernings\u00f8yeblikket.<\/p>\n<p>Aktor i saken, Kristine Herrebr\u00f8den, la ned p\u00e5stand om 16 \u00e5r og seks m\u00e5neder , med en minstetid p\u00e5 elleve \u00e5r. Hun fikk alts\u00e5 medhold i sin p\u00e5stand.<\/p>\n<p>   <img decoding=\"async\" width=\"4128\" height=\"2752\" fetchpriority=\"low\"  loading=\"lazy\"  src=\"https:\/\/www.europesays.com\/no\/wp-content\/uploads\/2026\/01\/EH9_6138.jpg\" alt=\"\" class=\"brick-c-cFOWSL\" style=\"--brick-image-ratio: 4128 \/ 2752;\"\/><\/p>\n<p>      Statsadvokat Kristine Herrebr\u00f8den.<br \/>\n      Foto: EIRIK HAGES\u00c6TER\n    <\/p>\n<p>Hun fastslo at samfunnet generelt, og kvinner spesielt, m\u00e5 beskyttes fra Mohammadi i lang tid.<\/p>\n<p><b>\u2013 Tiltalte viser grensel\u00f8s adferd. Han har et frav\u00e6r av sperrer som de fleste av oss ville hatt \u2013 ogs\u00e5 de som dreper, sa Herrebr\u00f8den.<\/b><\/p>\n<p>Aktor mente at det ikke var noen tvil om at Tina hadde grunn til \u00e5 frykte for livet sitt, og pekte p\u00e5 voldsepisodene og truslene fra forholdet deres.<\/p>\n<p>            Dette er saken<\/p>\n<p>Vahid Heydari Mohammadi (35) er tiltalt for \u00e5 ha drept sin ekssamboer Tina Milena Solberg (33), den 7. januar 2024.<\/p>\n<p>Da ble Solberg funnet d\u00f8d i bagasjerommet p\u00e5 en utbrent bil p\u00e5 Blomv\u00e5g i \u00d8ygarden.<\/p>\n<p>Mohammadi ble p\u00e5grepet ikke langt unna noen timer senere, og innr\u00f8mmet \u00e5 ha drept ekssamboeren i f\u00f8rste avh\u00f8r.<\/p>\n<p>Han er tiltalt for drapet, og er ogs\u00e5 tiltalt for \u00e5 ha mishandlet et lik ettersom bilen med avd\u00f8de i ble p\u00e5tent. Begge disse punktene erkjenner 35-\u00e5ringen straffskyld for.<\/p>\n<p>Han er ogs\u00e5 tiltalt for \u00e5 ha kj\u00f8rt i p\u00e5virket tilstand natten i forkant av drapet, og for \u00e5 ha tatt seg inn p\u00e5 en fremmed hytte etter handlingen. Ogs\u00e5 dette erkjenner han.<\/p>\n<p>Til slutt er Mohammadi tiltalt for mishandling av parets to barn i perioden 2017 og frem til drapsdagen i januar 2024, noe han nekter straffskyld for.<\/p>\n<p>  B\u00f8nn fra familien<\/p>\n<p>Mohammadi har tidligere uttalt at han skal ta sin straff, men ikke samtykker til forvaring.<\/p>\n<p>\u2013 Han er villig til \u00e5 akseptere en h\u00f8yere fengselsstraff, forutsatt at den er tidsbestemt, sa hans andre forsvarer, Rikke Arnesen, under rettssakens siste dag.<\/p>\n<p>Om han kommer til \u00e5 anke dommen, er forel\u00f8pig ikke kjent.<\/p>\n<p>Da Tinas mor vitnet i retten, kom hun avslutningsvis med en b\u00f8nn til Mohammadi.<\/p>\n<p><b>\u2013 Jeg h\u00e5per han tar den straffen han f\u00e5r, og ikke anker. Vi har lidd nok, og guttene m\u00e5 f\u00e5 fred. Jeg h\u00e5per han h\u00f8rer meg.<\/b><\/p>\n<p>   <img decoding=\"async\" width=\"4128\" height=\"2752\" fetchpriority=\"low\"  loading=\"lazy\"  src=\"https:\/\/www.europesays.com\/no\/wp-content\/uploads\/2026\/01\/EH9_6099.jpg\" alt=\"\" class=\"brick-c-cFOWSL\" style=\"--brick-image-ratio: 4128 \/ 2752;\"\/><\/p>\n<p>      Kurt Solberg i retten onsdag.<br \/>\n      Foto: EIRIK HAGES\u00c6TER\n    <\/p>\n<p>Tinas far, Kurt Solberg, har ogs\u00e5 bedt ham om det samme. Han sendte et brev til Mohammadi s\u00f8ndag forrige uke via sin bistandsadvokat, May Britt L\u00f8vik.<\/p>\n<p>\u00abV\u00e5r familie har et stort \u00f8nske om at du aksepterer den dommen som kommer, uansett. Vi \u00f8nsker ikke en ny runde i lagmannsretten\u00bb, skrev Solberg i brevet som <a rel=\"Follow nofollow noopener\" href=\"https:\/\/www.nrk.no\/vestland\/tina-milena-solberg-_33_-ble-drept_-tinas-far-ber-drapsmannen-om-ikke-a-anke-dommen-fra-tingretten-1.17725556\" target=\"_blank\">NRK<\/a> ogs\u00e5 har omtalt.<\/p>\n<p>\u2013 Det var noen ord som jeg f\u00f8lte jeg m\u00e5tte f\u00e5 sagt, sa faren til BA f\u00f8r domsavsigelsen onsdag.<\/p>\n<p>Mishandling av barna<\/p>\n<p>I tillegg til drap og likmishandling, har Mohammadi v\u00e6rt tiltalt for mishandling av parets to s\u00f8nner, som i dag er 11 og 13 \u00e5r.<\/p>\n<p>De har blant annet fortalt om slag med belte, trusler om vold og nedsettende ord, og p\u00e5talemyndigheten har ment at guttene over flere \u00e5r levde i et fryktregime.<\/p>\n<p>Tiltalte har erkjent at lekesl\u00e5ssing kan ha kommet ut av kontroll, og at han ikke h\u00e5ndterte alle situasjoner som han skulle ha gjort.<\/p>\n<p>Men at det har v\u00e6rt et frykt- og mishandlingsregime fra 2017 til drapsdagen 2024, nekter han for.<\/p>\n<p>   <img decoding=\"async\" width=\"1961\" height=\"1306\" fetchpriority=\"low\"  loading=\"lazy\"  src=\"https:\/\/www.europesays.com\/no\/wp-content\/uploads\/2026\/01\/DSC_2587_kopi2.jpg\" alt=\"Tina Milena Solberg ble funnet i bagasjerommet p\u00e5 en utbrent bil. Ekssamboeren Vahid Heydari Mohammadi er tiltalt for drapet\" class=\"brick-c-cFOWSL\" style=\"--brick-image-ratio: 1961 \/ 1306;\"\/><\/p>\n<p>      Krimteknikere arbeidet p\u00e5 stedet med den utbrente bilen.<br \/>\n      Foto: SKJALG EKELAND\n    <\/p>\n<p>Hans forsvarer, J\u00f8rgen Riple, sa i sin prosedyre at det ikke var noen bevis som st\u00f8ttet opp under barnas forklaringer.<\/p>\n<p>Retten har imidlertid sett det annerledes. De legger seg p\u00e5 linje med p\u00e5talemyndigheten, og mener tobarnsfarens oppf\u00f8rsel opp gjennom \u00e5rene har f\u00f8rt til at barna hans har levd i frykt.<\/p>\n<p>Tingrettsdommer Eggen trakk frem psykisk vold og trusler om fysisk vold, materiell vold og hvordan de var vitne til foreldrenes mange krangler.<\/p>\n<p>Det hele kulminerte i det brutale drapet.<\/p>\n<p>\u2013 Det har v\u00e6rt en utrygg tilv\u00e6relse for guttene, og retten mener det samlet sett ikke er noen tvil om at barna er blitt utsatt for mishandling.<\/p>\n","protected":false},"excerpt":{"rendered":"I overkant av en m\u00e5ned etter at rettssaken mot 35-\u00e5ringen var over, er dommen klar. Like over klokken&hellip;\n","protected":false},"author":2,"featured_media":137063,"comment_status":"","ping_status":"","sticky":false,"template":"","format":"standard","meta":{"footnotes":""},"categories":[10],"tags":[36,20,21,4297,377,24,25,15,2838,983,22,23,13,30,28,29,14,16,2869,1510,11782,26,27],"class_list":{"0":"post-137062","1":"post","2":"type-post","3":"status-publish","4":"format-standard","5":"has-post-thumbnail","7":"category-norge","8":"tag-art","9":"tag-breaking-news","10":"tag-breakingnews","11":"tag-dom","12":"tag-drap","13":"tag-featured-news","14":"tag-featurednews","15":"tag-headlines","16":"tag-hordaland-tingrett","17":"tag-krim","18":"tag-latest-news","19":"tag-latestnews","20":"tag-news","21":"tag-no","22":"tag-norge","23":"tag-norway","24":"tag-nyheter","25":"tag-overskrifter","26":"tag-oygarden","27":"tag-story","28":"tag-tina-milena-solberg","29":"tag-top-stories","30":"tag-topstories"},"share_on_mastodon":{"url":"https:\/\/pubeurope.com\/@no\/115893476098992685","error":""},"_links":{"self":[{"href":"https:\/\/www.europesays.com\/no\/wp-json\/wp\/v2\/posts\/137062","targetHints":{"allow":["GET"]}}],"collection":[{"href":"https:\/\/www.europesays.com\/no\/wp-json\/wp\/v2\/posts"}],"about":[{"href":"https:\/\/www.europesays.com\/no\/wp-json\/wp\/v2\/types\/post"}],"author":[{"embeddable":true,"href":"https:\/\/www.europesays.com\/no\/wp-json\/wp\/v2\/users\/2"}],"replies":[{"embeddable":true,"href":"https:\/\/www.europesays.com\/no\/wp-json\/wp\/v2\/comments?post=137062"}],"version-history":[{"count":0,"href":"https:\/\/www.europesays.com\/no\/wp-json\/wp\/v2\/posts\/137062\/revisions"}],"wp:featuredmedia":[{"embeddable":true,"href":"https:\/\/www.europesays.com\/no\/wp-json\/wp\/v2\/media\/137063"}],"wp:attachment":[{"href":"https:\/\/www.europesays.com\/no\/wp-json\/wp\/v2\/media?parent=137062"}],"wp:term":[{"taxonomy":"category","embeddable":true,"href":"https:\/\/www.europesays.com\/no\/wp-json\/wp\/v2\/categories?post=137062"},{"taxonomy":"post_tag","embeddable":true,"href":"https:\/\/www.europesays.com\/no\/wp-json\/wp\/v2\/tags?post=137062"}],"curies":[{"name":"wp","href":"https:\/\/api.w.org\/{rel}","templated":true}]}}