{"id":137064,"date":"2026-01-14T12:34:08","date_gmt":"2026-01-14T12:34:08","guid":{"rendered":"https:\/\/www.europesays.com\/no\/137064\/"},"modified":"2026-01-14T12:34:08","modified_gmt":"2026-01-14T12:34:08","slug":"ba-om-a-fa-ransake-hos-hoiby-12-dager-for-jul","status":"publish","type":"post","link":"https:\/\/www.europesays.com\/no\/137064\/","title":{"rendered":"Ba om \u00e5 f\u00e5 ransake hos H\u00f8iby 12 dager f\u00f8r jul"},"content":{"rendered":"\n<p class=\"_lead_o9xde_2 _lead_xtcu6_50 layout-component text-serif-m layout-normal text-serif-l layout-component layout-wide layout-padded _wide_17hqh_1 layout-padded\">Tre dager senere fikk politiet svaret fra tingretten. <\/p>\n<p><img alt=\"ETTERFORSKER: Politiet etterforsker fremdeles i saken mot Marius Borg H\u00f8iby. Her er politiadvokat Andreas Kruszewski fra en pressekonferanse i fjor sommer.  Foto: Helge Mikalsen \/ VG\" class=\"_image_qp4xg_65 layout-component layout-wide\" data-fullscreen- data-track-element-type=\"Article image fullscreen\" data-track-name=\"ImageFullscreen\" fetchpriority=\"high\" decoding=\"sync\" loading=\"eager\" height=\"5504\" itemprop=\"image\"  src=\"https:\/\/www.europesays.com\/no\/wp-content\/uploads\/2026\/01\/d78adf98-b9d5-4051-9eaf-e015091a5e11.jpeg\"  style=\"object-position:0% 0%\" width=\"8256\"\/>ETTERFORSKER: Politiet etterforsker fremdeles i saken mot Marius Borg H\u00f8iby. Her er politiadvokat Andreas Kruszewski fra en pressekonferanse i fjor sommer.  Foto: Helge Mikalsen \/ VG Oppdatert onsdag 14. januar kl. 10:21     <\/p>\n<p class=\"_paragraph_o9xde_4 _paragraph_xtcu6_10 layout-component text-serif-m layout-normal text-serif-m layout-padded\">Mandag ble det kjent at politiet etterforsker H\u00f8iby for nye lovbrudd. If\u00f8lge VGs opplysninger etterforskes <a href=\"https:\/\/www.vg.no\/tag\/marius-borg-hoeiby?utm_source=vg-article&amp;utm_medium=auto-tagger&amp;utm_campaign=zOgx6K\" class=\"_link_o9xde_39\" rel=\"nofollow noopener\" target=\"_blank\">Marius Borg H\u00f8iby<\/a> n\u00e5 for blant annet <a href=\"https:\/\/www.vg.no\/nyheter\/i\/rrgrba\/opplysninger-til-vg-hoeiby-etterforskes-for-brudd-paa-besoeksforbud\" data-track-element-type=\"Link\" data-track-id=\"link:rrgrba\" class=\"_link_o9xde_39\" rel=\"nofollow noopener\" target=\"_blank\">brudd p\u00e5 bes\u00f8ksforbudet <\/a>han har mot Frogner-kvinnnen.<\/p>\n<p class=\"_paragraph_o9xde_4 _paragraph_xtcu6_10 layout-component text-serif-m layout-normal text-serif-m layout-padded\">VG har tidligere skrevet at vi kjent med at de har m\u00f8ttes flere ganger<a href=\"https:\/\/www.vg.no\/rampelys\/i\/16k41M\/hoeiby-har-besoeksforbud-var-sammen-med-fornaermede-foer-avhoer\" data-track-element-type=\"Link\" data-track-id=\"link:16k41M\" class=\"_link_o9xde_39\" rel=\"nofollow noopener\" target=\"_blank\">\u00a0den siste tiden.<\/a><\/p>\n<p class=\"_paragraph_o9xde_4 _paragraph_xtcu6_10 layout-component text-serif-m layout-normal text-serif-m layout-padded\">Det var Aftenposten som f\u00f8rst omtalte de nye siktelsene i saken. Avisen skrev at kronprinsessens s\u00f8nn skal ha v\u00e6rt i nye avh\u00f8r \u2013 og at leiligheten hans i Oslo har blitt ransaket like f\u00f8r juleferien.<\/p>\n<p class=\"_paragraph_o9xde_4 _paragraph_xtcu6_10 layout-component text-serif-m layout-normal text-serif-m layout-padded\">If\u00f8lge avisen skal det dreie seg om flere ulike lovbrudd. <\/p>\n<p class=\"_paragraph_o9xde_4 _paragraph_xtcu6_10 layout-component text-serif-m layout-normal text-serif-m layout-padded\">Forholdene er fremdeles under etterforskning og det er forel\u00f8pig uvisst hvorvidt H\u00f8iby vil bli tiltalt for disse. <\/p>\n<p class=\"_paragraph_o9xde_4 _paragraph_xtcu6_10 layout-component text-serif-m layout-normal text-serif-m layout-padded\">H\u00f8ibys forsvarer Ellen Holager Anden\u00e6s har opplyst til VG at hun ikke \u00f8nsker \u00e5 svare p\u00e5 sp\u00f8rsm\u00e5l vedr\u00f8rende en eventuell etterforskning.<\/p>\n<p><img decoding=\"async\" alt=\"Bilde av Ellen Holager Anden\u00e6s\" class=\"_image_ygndg_42\" height=\"27\" itemprop=\"image\" loading=\"lazy\"  src=\"https:\/\/www.europesays.com\/no\/wp-content\/uploads\/2026\/01\/365706c2-54d7-4a82-ace2-1a3b468644fd.jpeg\"  width=\"40\"\/><strong class=\"_name_ygndg_51 title-serif-xs\">Ellen Holager Anden\u00e6s<\/strong><\/p>\n<p class=\"_paragraph_o9xde_4 text-sans-m _description_ygndg_56\">H\u00f8ibys forsvarer <\/p>\n<p class=\"_paragraph_o9xde_4 _paragraph_xtcu6_10 layout-component text-serif-m layout-normal text-serif-m layout-padded\">I forbindelse med de nye siktelsene har ikke VG lykkes \u00e5 f\u00e5 en kommentar fra Frogner-kvinnens bistandsadvokat, Mette Yvonne Larsen.<\/p>\n<p>Ba retten om lov<\/p>\n<p class=\"_paragraph_o9xde_4 _paragraph_xtcu6_10 layout-component text-serif-m layout-normal text-serif-m layout-padded\">VG har bedt om innsyn i politiets dokumenter i forbindelse med ransakingen. Denne foresp\u00f8rselen har politiet avsl\u00e5tt, men i avslaget fremkommer det at politiet den 12. desember ba tingretten om \u00e5 f\u00e5 ransake hos H\u00f8iby.<\/p>\n<p class=\"_paragraph_o9xde_4 _paragraph_xtcu6_10 layout-component text-serif-m layout-normal text-serif-m layout-padded\">Tre dager senere kom tingretten med sin beslutning. <\/p>\n<p class=\"_paragraph_o9xde_4 _paragraph_xtcu6_10 layout-component text-serif-m layout-normal text-serif-m layout-padded\">Hvilken dag politiet faktisk skal ha gjennomf\u00f8rt ransakelsen, er uvisst. <\/p>\n<p class=\"_paragraph_o9xde_4 _paragraph_xtcu6_10 layout-component text-serif-m layout-normal text-serif-m layout-padded\">VG har bedt politiet om en kommentar i denne saken, men har forel\u00f8pig ikke f\u00e5tt svar. Politiet har heller s\u00e5 langt ikke villet kommentere hva H\u00f8iby n\u00e5 er siktet for. <\/p>\n<p class=\"_paragraph_o9xde_4 _paragraph_xtcu6_10 layout-component text-serif-m layout-normal text-serif-m layout-padded\">\u00abOffentliggj\u00f8ring vil v\u00e6re direkte skadelig for den videre behandlingen av saken\u00bb st\u00e5r det avslagsbrevet.<\/p>\n<p>Rettssak i februar<\/p>\n<p class=\"_paragraph_o9xde_4 _paragraph_xtcu6_10 layout-component text-serif-m layout-normal text-serif-m layout-padded\">Om knappe tre uker starter rettssaken mot H\u00f8iby i Oslo tingrett. Han er tiltalt for 32 lovbrudd, blant annet mishandling i n\u00e6re relasjoner og fire voldtekter. <\/p>\n<p class=\"_paragraph_o9xde_4 _paragraph_xtcu6_10 layout-component text-serif-m layout-normal text-serif-m layout-padded\">H\u00f8iby har erkjent vold og skadeverk mot Frogner-kvinnen, samt for \u00e5 ha truet en mann i 20-\u00e5rene. Han nekter straffskyld for de mest alvorlige punktene, if\u00f8lge forsvarerne. <\/p>\n","protected":false},"excerpt":{"rendered":"Tre dager senere fikk politiet svaret fra tingretten. ETTERFORSKER: Politiet etterforsker fremdeles i saken mot Marius Borg H\u00f8iby.&hellip;\n","protected":false},"author":2,"featured_media":137065,"comment_status":"","ping_status":"","sticky":false,"template":"","format":"standard","meta":{"footnotes":""},"categories":[5],"tags":[5653,20,21,24,25,15,19,22,23,17,18,400,13,30,28,29,14,16,254,26,27],"class_list":{"0":"post-137064","1":"post","2":"type-post","3":"status-publish","4":"format-standard","5":"has-post-thumbnail","7":"category-overskrifter","8":"tag-besoksforbud","9":"tag-breaking-news","10":"tag-breakingnews","11":"tag-featured-news","12":"tag-featurednews","13":"tag-headlines","14":"tag-hovedoppslag","15":"tag-latest-news","16":"tag-latestnews","17":"tag-main-news","18":"tag-mainnews","19":"tag-marius-borg-hoiby","20":"tag-news","21":"tag-no","22":"tag-norge","23":"tag-norway","24":"tag-nyheter","25":"tag-overskrifter","26":"tag-politi","27":"tag-top-stories","28":"tag-topstories"},"share_on_mastodon":{"url":"https:\/\/pubeurope.com\/@no\/115893480127243006","error":""},"_links":{"self":[{"href":"https:\/\/www.europesays.com\/no\/wp-json\/wp\/v2\/posts\/137064","targetHints":{"allow":["GET"]}}],"collection":[{"href":"https:\/\/www.europesays.com\/no\/wp-json\/wp\/v2\/posts"}],"about":[{"href":"https:\/\/www.europesays.com\/no\/wp-json\/wp\/v2\/types\/post"}],"author":[{"embeddable":true,"href":"https:\/\/www.europesays.com\/no\/wp-json\/wp\/v2\/users\/2"}],"replies":[{"embeddable":true,"href":"https:\/\/www.europesays.com\/no\/wp-json\/wp\/v2\/comments?post=137064"}],"version-history":[{"count":0,"href":"https:\/\/www.europesays.com\/no\/wp-json\/wp\/v2\/posts\/137064\/revisions"}],"wp:featuredmedia":[{"embeddable":true,"href":"https:\/\/www.europesays.com\/no\/wp-json\/wp\/v2\/media\/137065"}],"wp:attachment":[{"href":"https:\/\/www.europesays.com\/no\/wp-json\/wp\/v2\/media?parent=137064"}],"wp:term":[{"taxonomy":"category","embeddable":true,"href":"https:\/\/www.europesays.com\/no\/wp-json\/wp\/v2\/categories?post=137064"},{"taxonomy":"post_tag","embeddable":true,"href":"https:\/\/www.europesays.com\/no\/wp-json\/wp\/v2\/tags?post=137064"}],"curies":[{"name":"wp","href":"https:\/\/api.w.org\/{rel}","templated":true}]}}