{"id":137070,"date":"2026-01-14T12:40:26","date_gmt":"2026-01-14T12:40:26","guid":{"rendered":"https:\/\/www.europesays.com\/no\/137070\/"},"modified":"2026-01-14T12:40:26","modified_gmt":"2026-01-14T12:40:26","slug":"disse-professorene-ble-oftest-nevnt-fra-stortingets-talerstol","status":"publish","type":"post","link":"https:\/\/www.europesays.com\/no\/137070\/","title":{"rendered":"Disse professorene ble oftest nevnt fra Stortingets talerstol"},"content":{"rendered":"<p class=\"kicker t14 tm15 align-left mobile_text_align_align-left\" style=\"\">politikk<\/p>\n<p>    36 professorer ble referert til i Stortinget i 2025. \u00d8verst p\u00e5 siteringslista troner jussprofessor Jan Fridthjof Bernt.\u00a0<\/p>\n<p>\n        Jussprofessorene Benedikte Moltumyr H\u00f8gberg (oppe til venstre) og Jan Fridthjof Bernt (nede til h\u00f8yre) f\u00e5r konkurranse fra professor Jonas K. N\u00f8land (oppe til h\u00f8yre) og professor Tom Karp p\u00e5 toppen av Khronos uformelle opptelling blant professorene som ble mest sitert p\u00e5 Stortinget i 2025.<br \/>\n        Foto: Elise Lystad, H\u00f8yskolen Kristiania, Silje Katrine Robinson og Agnete Brun\n    <\/p>\n<p>\u00abJeg tror ogs\u00e5 at professor Jan Fridthjof Bernt har sagt at habilitetsreglene i denne saken er fulgt, s\u00e5 det er ogs\u00e5 viktig \u00e5 ta med seg\u00bb, sa kultur- og likestillingsminister Lubna Boby Jaffery (Ap) fra Stortingets talerstol 19. november i fjor.\u00a0<\/p>\n<p>Anledningen var en debatt om rolleblanding i Kultur-Norge etter <a href=\"https:\/\/www.nettavisen.no\/okonomi\/mister-statsstotten-etter-nettavisens-avsloringer\/s\/5-95-2751577\" rel=\"nofollow noopener\" target=\"_blank\">flere medieoppslag<\/a> om Hooman Sharifi, som fikk tildelt 16,5 millioner kroner til sitt dansekompani samtidig som han satt som leder i utvalget som delte ut pengene.\u00a0<\/p>\n<p>Dette var \u00e9n av seks ganger professor emeritus ved Universitetet i Bergen, Jan Fridthjof Bernt, ble nevnt fra landets fremste politiske talerstol i 2025.\u00a0<\/p>\n<p>Det gj\u00f8r han til den professoren i Norge som ble nevnt hyppigst p\u00e5 Stortinget i fjor, viser en opptelling Khrono har gjort.<\/p>\n<p>Neste p\u00e5 lista er professor i rettsvitenskap, Benedikte Moltumyr H\u00f8gberg, ved Universitetet i Oslo og Tom Karp, professor i ledelse ved H\u00f8yskolen Kristiania. Jonas K. N\u00f8land ved NTNU og jussprofessor Hans Petter Graver runder av topp fem.\u00a0<\/p>\n<p class=\"kicker \">FAKTA<\/p>\n<p>        Slik har vi kommet fram til tallene<\/p>\n<ul>\n<li>Khrono har brukt <a href=\"https:\/\/www.stortinget.no\/no\/sok\/sok-beta\/?query=&amp;page=1&amp;sort=relevance\" target=\"_blank\" rel=\"nofollow noopener\">Stortingets s\u00f8kemotor<\/a> og s\u00f8kt p\u00e5 \u00abprofessor\u00bb i referatene fra stortingssalen, i innstillingene fra komiteene, i representantforslag og i skriftlige sp\u00f8rsm\u00e5l sendt til de ulike statsr\u00e5dene. Vi har ikke s\u00f8kt i h\u00f8ringer, proposisjoner eller meldinger fra departementene.<\/li>\n<li>Metoden kan gi en feilmargin, da flere professorer kan ha blitt nevnt med navn uten tittel. Derfor har vi s\u00f8kt opp navnene til de professorene som dukket opp i f\u00f8rste s\u00f8k, og talt p\u00e5 ny.<\/li>\n<li>Noen professorer har ledet arbeid med utredninger og NOU-er dette \u00e5ret. Vi har ikke talt antall ganger vedkommende er nevnt i spesifikke h\u00f8ringer rundt disse utredningene.<\/li>\n<li>Dette s\u00f8ket vil ogs\u00e5 raskt utelukke flere av forskerne med professorkompetanse p\u00e5 de ulike forskningsinstituttene, da de som regel ikke har professor i stillingstittelen sin.<\/li>\n<li>I en og samme debatt i stortingssalen kan en professor bli nevnt av flere politikere. Vi har talt opp hver gang en ny politiker nevner professoren.<\/li>\n<\/ul>\n<p>25 prosent kvinner<\/p>\n<p>Khrono har talt opp hvor ofte norske professorer er nevnt av representantene p\u00e5 Stortingets talerstol, i representantforslag, innstillinger fra de ulike komiteene eller i skriftlige sp\u00f8rsm\u00e5l i 2025 (se faktaboks).<\/p>\n<p>Tallene viser:<\/p>\n<ul>\n<li>36 professorer er nevnt til sammen 58 ganger i hele 2025.<\/li>\n<li>Ni av professorene er kvinner, som tilsvarer 25 prosent.<\/li>\n<li>Tre av de fem mest sitert professorene er jussprofessorer.<\/li>\n<\/ul>\n<p>Hvorfor jussprofessorene \u00e5r etter \u00e5r dominerer p\u00e5 toppen av lista, tror Bernt skyldes at feltet de er eksperter p\u00e5, har bred appell.\u00a0<\/p>\n<p>\u2014 Det skyldes vel f\u00f8rst og fremst at det dreier seg om temaer som ikke sjelden er av betydelig allmenn interesse, og et godt begrunnet svar kan ha betydelig autoritet, sier Bernt.\u00a0<\/p>\n<p>At han selv er \u00f8verst i \u00e5r, tror han er en tilfeldighet.<\/p>\n<p>\u2014\u00a0I f\u00f8rste rekke er det snakk om sp\u00f8rsm\u00e5l eller saker av interesse for media, eller sp\u00f8rsm\u00e5l i offentlig saksutredning eller i politisk debatt der det er usikkerhet eller debatt. I tillegg registrerer media hvem av oss som er villig til \u00e5 stille seg til r\u00e5dighet p\u00e5 denne m\u00e5ten, sier Bernt.<\/p>\n<p> Her er hele lista: <\/p>\n<p>Uavhengige forskere<\/p>\n<p>P\u00e5 en toppliste dominert av jussprofessorer, skiller Jonas Kristiansen N\u00f8land, professor i energiomforming ved NTNU, seg ut.\u00a0<\/p>\n<p>\u2014 Det er viktig at det ikke bare er jussprofessorer som gir politikerne et godt beslutningsgrunnlag. Energifeltet, for eksempel, er dominert av interesseorganisasjoner som \u00f8nsker \u00e5 p\u00e5virke politikerne. Det er helt legitimt, men jeg mener ogs\u00e5 at det er viktig for politikerne \u00e5 f\u00e5 h\u00f8re hva uavhengige forskere uten \u00f8konomiske bindinger mener, slik at de kan f\u00e5 et bredere beslutningsgrunnlag, sier N\u00f8land.\u00a0<\/p>\n<p>F\u00f8r sommeren skrev <a href=\"https:\/\/www.universitetsavisa.no\/akademisk-ytringsfrihet-formidling-forskningsformidling\/70-prosent-nedgang-forskere-orker-ikke-a-ytre-seg-i-media\/433570\" rel=\"nofollow noopener\" target=\"_blank\">Universitetsavisa<\/a> at antallet debattinnlegg fra NTNU-forskere har stupt med 70 prosent de fire siste \u00e5rene. Det er en trend N\u00f8land mener m\u00e5 snus.\u00a0<\/p>\n<p>\u2014 Jeg tror at det er mer kultur p\u00e5 andre felt for \u00e5 delta i samfunnsdebatten. Spesielt p\u00e5 teknologifeltet er det en tradisjon for \u00e5 holde seg for seg selv og v\u00e6re nerdete, selv om forskerne har en del perspektiver som har betydning for samfunnsdebatten.<\/p>\n<p>        <a itemprop=\"url\" class=\"\" href=\"https:\/\/www.khrono.no\/45-professorer-nevnt-fra-stortingets-talerstol-i-fjor-mannlige-jurister-dominerer\/747725\" data-k5a-url=\"https:\/\/www.khrono.no\/a\/747725\" rel=\"nofollow noopener\" target=\"_blank\"><\/p>\n<p>\nStortinget\n<\/p>\n<p>            45 professorer nevnt fra Stortingets talerstol i fjor. Mannlige jurister dominerer<\/p>\n<p>        <\/a><\/p>\n<p>Spiller ballen tilbake<\/p>\n<p>N\u00f8land er for tiden aktuell med boka \u00abEnergikrisen \u2014 og l\u00f8sningen p\u00e5 den\u00bb, og har de siste \u00e5rene blitt en tydelig stemme i det offentlige ordskiftet.\u00a0<\/p>\n<p>Blant annet var han\u00a0\u00e9n av to forskere som ble kritisert av dav\u00e6rende NTNU-rektor Anne Borg i et leserinnlegg i Dagens N\u00e6ringsliv, som senere f\u00f8rte til at\u00a0<a href=\"https:\/\/www.khrono.no\/her-er-all-kommunikasjon-mellom-anne-borg-og-nho-direktorene\/833081\" rel=\"nofollow noopener\" target=\"_blank\">Borg gikk av.<\/a> <\/p>\n<p class=\"italic m-italic\" data-lab-italic=\"italic\">\u2014 Professorer er nevnt 58 ganger i 2025 i opptellingen v\u00e5r. Burde politikerne referere til akademikere oftere?\u00a0<\/p>\n<p>\u2014 Jeg vil heller spille ballen tilbake til akademia. P\u00e5 universitetene har man fire grunnpilarer: Forskning, utdanning, innovasjon og formidling. Sannheten er at det er f\u00e5 insentiver for \u00e5 formidle sammenlignet med de tre andre. Det m\u00e5 det gj\u00f8res noe med p\u00e5 et overordnet, strukturelt niv\u00e5, sier N\u00f8land.\u00a0<\/p>\n<p>        <a itemprop=\"url\" class=\"\" href=\"https:\/\/www.khrono.no\/bare-seks-kvinnelige-professorer-er-nevnt-pa-stortinget-i-ar\/541568\" data-k5a-url=\"https:\/\/www.khrono.no\/a\/541568\" rel=\"nofollow noopener\" target=\"_blank\"><\/p>\n<p>\nTallenes tale\n<\/p>\n<p>            Kvinnelige professorer n\u00e6r ignorert p\u00e5 Stortinget: \u2014 Brutalt<\/p>\n<p>        <\/a><\/p>\n","protected":false},"excerpt":{"rendered":"politikk 36 professorer ble referert til i Stortinget i 2025. \u00d8verst p\u00e5 siteringslista troner jussprofessor Jan Fridthjof Bernt.\u00a0&hellip;\n","protected":false},"author":2,"featured_media":137071,"comment_status":"","ping_status":"","sticky":false,"template":"","format":"standard","meta":{"footnotes":""},"categories":[10],"tags":[20,21,24,25,15,22,23,13,30,28,29,14,16,26,27],"class_list":{"0":"post-137070","1":"post","2":"type-post","3":"status-publish","4":"format-standard","5":"has-post-thumbnail","7":"category-norge","8":"tag-breaking-news","9":"tag-breakingnews","10":"tag-featured-news","11":"tag-featurednews","12":"tag-headlines","13":"tag-latest-news","14":"tag-latestnews","15":"tag-news","16":"tag-no","17":"tag-norge","18":"tag-norway","19":"tag-nyheter","20":"tag-overskrifter","21":"tag-top-stories","22":"tag-topstories"},"share_on_mastodon":{"url":"https:\/\/pubeurope.com\/@no\/115893503696613420","error":""},"_links":{"self":[{"href":"https:\/\/www.europesays.com\/no\/wp-json\/wp\/v2\/posts\/137070","targetHints":{"allow":["GET"]}}],"collection":[{"href":"https:\/\/www.europesays.com\/no\/wp-json\/wp\/v2\/posts"}],"about":[{"href":"https:\/\/www.europesays.com\/no\/wp-json\/wp\/v2\/types\/post"}],"author":[{"embeddable":true,"href":"https:\/\/www.europesays.com\/no\/wp-json\/wp\/v2\/users\/2"}],"replies":[{"embeddable":true,"href":"https:\/\/www.europesays.com\/no\/wp-json\/wp\/v2\/comments?post=137070"}],"version-history":[{"count":0,"href":"https:\/\/www.europesays.com\/no\/wp-json\/wp\/v2\/posts\/137070\/revisions"}],"wp:featuredmedia":[{"embeddable":true,"href":"https:\/\/www.europesays.com\/no\/wp-json\/wp\/v2\/media\/137071"}],"wp:attachment":[{"href":"https:\/\/www.europesays.com\/no\/wp-json\/wp\/v2\/media?parent=137070"}],"wp:term":[{"taxonomy":"category","embeddable":true,"href":"https:\/\/www.europesays.com\/no\/wp-json\/wp\/v2\/categories?post=137070"},{"taxonomy":"post_tag","embeddable":true,"href":"https:\/\/www.europesays.com\/no\/wp-json\/wp\/v2\/tags?post=137070"}],"curies":[{"name":"wp","href":"https:\/\/api.w.org\/{rel}","templated":true}]}}