{"id":137075,"date":"2026-01-14T12:45:07","date_gmt":"2026-01-14T12:45:07","guid":{"rendered":"https:\/\/www.europesays.com\/no\/137075\/"},"modified":"2026-01-14T12:45:07","modified_gmt":"2026-01-14T12:45:07","slug":"battlefield-6s-forste-sesong-blir-utvidet-med-nesten-en-maned-for-a-polere-og-avgrense-sesong-2","status":"publish","type":"post","link":"https:\/\/www.europesays.com\/no\/137075\/","title":{"rendered":"Battlefield 6s f\u00f8rste sesong blir utvidet med nesten en m\u00e5ned for \u00e5 &laquo;polere og avgrense sesong 2&raquo;"},"content":{"rendered":"<p>Hvis du fremdeles var litt trygg p\u00e5 at Battlefield Studios ville v\u00e6re klar til \u00e5 lansere den andre sesongen av Battlefield 6 i januar, til tross for at du hadde lite \u00e5 dele om det, har vi noen d\u00e5rlige nyheter. Utvikleren har <a href=\"https:\/\/www.ea.com\/games\/battlefield\/battlefield-6\/news\/battlefield-6-and-redsec-season-1-january-update\" target=\"_blank\" rel=\"nofollow noopener\">avsl\u00f8rt<\/a> at neste sesong rett og slett ikke er klar enn\u00e5, og at den f\u00f8rste sesongen p\u00e5 grunn av dette blir forlenget med nesten en hel m\u00e5ned.<\/p>\n<p>N\u00e5 vil Season 1 l\u00f8pe helt til 17. februar, med denne ekstra tiden som skal fylles med en liste over oppdateringer som utgj\u00f8r &laquo;Sesong 1 forlengelse&raquo;. Dette vil omfatte ukentlige utfordringer, en Bonus Path, og en fortsettelse av Battle Pass, og hvorfor denne avgj\u00f8relsen har kommet, forklarer en kort uttalelse dette.<\/p>\n<p>&laquo;I l\u00f8pet av v\u00e5r p\u00e5g\u00e5ende utvikling har vi fortsatt \u00e5 gjennomg\u00e5 tilbakemeldinger fra samfunnet, og for \u00e5 holde l\u00f8ftet v\u00e5rt, bestemte vi oss for at v\u00e5r beste vei fremover er \u00e5 forlenge sesong 1 og gi oss ekstra tid til \u00e5 polere og finpusse sesong 2 ytterligere.&raquo;<\/p>\n<p>Noen av godbitene som spillerne vil kunne se frem til inkluderer Frostfire Bonus Path som begynner 27. januar og som vil gi nye tilpasningsalternativer som en Weapon Package og en Soldier Skin. Utover dette, i tr\u00e5d med Valentinsdag, vil det v\u00e6re en slags feiring, pluss flere doble XP-helger som er lovet resten av sesongen ogs\u00e5.<\/p>\n<p>Den utvidede Season 1 vil begynne \u00e5 komme til \u00e5 b\u00e6re frukt fra og med 20. januar.<\/p>\n<p><img loading=\"lazy\" decoding=\"async\" id=\"img-1957133-4782833\" data-fullsize=\"\/media\/28\/battlefield6u2019sfirst_4782833b.jpg\" data-lazy=\"\" src=\"https:\/\/www.gamereactor.nohttps:\/\/www.gamereactor.no\/media\/28\/battlefield6u2019sfirst_4782833_650x.jpg\" width=\"650\" onclick=\"if (!window.__cfRLUnblockHandlers) return false; gallery_openmodal('1957133','4782833',false,'4b27aee13e8d4e61f000c3849ca247dd');\" height=\"366\" alt=\"Battlefield 6\" class=\"rwd_col_content lazy\" data-cf-modified-b2245b497f52fd2d27a468cc-=\"\"\/><\/p>\n","protected":false},"excerpt":{"rendered":"Hvis du fremdeles var litt trygg p\u00e5 at Battlefield Studios ville v\u00e6re klar til \u00e5 lansere den andre&hellip;\n","protected":false},"author":2,"featured_media":137076,"comment_status":"","ping_status":"","sticky":false,"template":"","format":"standard","meta":{"footnotes":""},"categories":[57],"tags":[30,28,29,65,63,64,66,70,69,67,68],"class_list":{"0":"post-137075","1":"post","2":"type-post","3":"status-publish","4":"format-standard","5":"has-post-thumbnail","7":"category-vitenskap-og-teknologi","8":"tag-no","9":"tag-norge","10":"tag-norway","11":"tag-science","12":"tag-science-and-technology","13":"tag-scienceandtechnology","14":"tag-technology","15":"tag-teknologi","16":"tag-vitenskap","17":"tag-vitenskap-og-teknologi","18":"tag-vitenskapteknologi"},"share_on_mastodon":{"url":"https:\/\/pubeurope.com\/@no\/115893523085400049","error":""},"_links":{"self":[{"href":"https:\/\/www.europesays.com\/no\/wp-json\/wp\/v2\/posts\/137075","targetHints":{"allow":["GET"]}}],"collection":[{"href":"https:\/\/www.europesays.com\/no\/wp-json\/wp\/v2\/posts"}],"about":[{"href":"https:\/\/www.europesays.com\/no\/wp-json\/wp\/v2\/types\/post"}],"author":[{"embeddable":true,"href":"https:\/\/www.europesays.com\/no\/wp-json\/wp\/v2\/users\/2"}],"replies":[{"embeddable":true,"href":"https:\/\/www.europesays.com\/no\/wp-json\/wp\/v2\/comments?post=137075"}],"version-history":[{"count":0,"href":"https:\/\/www.europesays.com\/no\/wp-json\/wp\/v2\/posts\/137075\/revisions"}],"wp:featuredmedia":[{"embeddable":true,"href":"https:\/\/www.europesays.com\/no\/wp-json\/wp\/v2\/media\/137076"}],"wp:attachment":[{"href":"https:\/\/www.europesays.com\/no\/wp-json\/wp\/v2\/media?parent=137075"}],"wp:term":[{"taxonomy":"category","embeddable":true,"href":"https:\/\/www.europesays.com\/no\/wp-json\/wp\/v2\/categories?post=137075"},{"taxonomy":"post_tag","embeddable":true,"href":"https:\/\/www.europesays.com\/no\/wp-json\/wp\/v2\/tags?post=137075"}],"curies":[{"name":"wp","href":"https:\/\/api.w.org\/{rel}","templated":true}]}}