{"id":137083,"date":"2026-01-14T12:54:08","date_gmt":"2026-01-14T12:54:08","guid":{"rendered":"https:\/\/www.europesays.com\/no\/137083\/"},"modified":"2026-01-14T12:54:08","modified_gmt":"2026-01-14T12:54:08","slug":"nato-bor-bane-vei-for-at-usa-far-gronland","status":"publish","type":"post","link":"https:\/\/www.europesays.com\/no\/137083\/","title":{"rendered":"Nato b\u00f8r bane vei for at USA f\u00e5r Gr\u00f8nland"},"content":{"rendered":"<p class=\"extendedContent hyperion-css-eyn926\" data-test-tag=\"lead-text\">Tirsdag holdt Danmark og Gr\u00f8nland en felles pressekonferanse. Dagen etter kommer Trump med nye uttalelser, mens danske fortropper sendes til \u00f8ya. <\/p>\n<p><img decoding=\"async\" class=\"image-asset hyperion-css-1k988nd\" data-test-tag=\"image-asset\" src=\"https:\/\/www.europesays.com\/no\/wp-content\/uploads\/2026\/01\/139640ab-743e-4437-ae9c-e33557a88a97.jpeg\"  alt=\"\"  loading=\"eager\" fetchpriority=\"high\" style=\"aspect-ratio:2048 \/ 1365\"\/> Foto: Julia Demaree Nikhinson \/ AP<\/p>\n<p class=\"paywall hyperion-css-1j42uic\">Donald Trump skriver p\u00e5 sitt sosiale medium Truth Social at Nato b\u00f8r bane vei for at USA f\u00e5r Gr\u00f8nland.<\/p>\n<p class=\"paywall hyperion-css-1j42uic\">\u2013 Hvis ikke vi gj\u00f8r det, s\u00e5 vil Russland og Kina, og det kommer ikke til \u00e5 skje!<\/p>\n<p class=\"paywall hyperion-css-1j42uic\">Uttalelsene ble gitt f\u00e5 timer f\u00f8r det er duket for et m\u00f8te mellom Danmark, Gr\u00f8nland og USA i Washington. M\u00f8tet skal holdes klokken halv fem norsk tid. <\/p>\n<p class=\"paywall hyperion-css-1j42uic\">Trump hevder at alliansen ville v\u00e6rt langt mindre effektiv og avskrekkende uten hans innsats, og avslutter: <\/p>\n<p class=\"paywall hyperion-css-1j42uic\">\u2013 Nato blir langt mer formidable og effektive med Gr\u00f8nland i USA hender. Alt annet enn det er uakseptabelt!<\/p>\n<p class=\"paywall hyperion-css-1j42uic\">Samtidig melder <a aria-label=\"danske medier\" class=\"breaking-short hyperion-css-1raymq9\" href=\"https:\/\/www.dr.dk\/nyheder\/indland\/groenland\/efter-pres-fra-usa-danmark-er-nu-begyndt-sende-militaere-forstaerkninger-til-groenland\" target=\"_blank\" rel=\"noopener nofollow noreferrer\" data-test-tag=\"external-link\">danske medier<\/a> at Danmark har sendt milit\u00e6ret materiell og fortropper til Gr\u00f8nland. Fortroppene skal s\u00f8rge for at logistikk og omgivelser er klare til \u00e5 ta imot eventuelle hovedstyrker senere.<\/p>\n<p class=\"paywall hyperion-css-1j42uic\">Tidligere onsdag bekreftet forsvarsminister Troels Lund Poulsen til nyhetsbyr\u00e5et AFP at Danmark planlegger \u00e5 trappe opp sitt milit\u00e6re n\u00e6rv\u00e6r p\u00e5 \u00f8ya.<\/p>\n<p>\u2013 Skal ikke frykte store land<\/p>\n<p class=\"paywall hyperion-css-1j42uic\">Onsdagens utvikling kommer dagen etter <a data-test-tag=\"internal-link\" href=\"https:\/\/www.aftenposten.no\/verden\/i\/wreKGP\/forsker-tror-det-gaar-mot-annektering-av-groenland-jeg-frykter-det-verste\" class=\"hyperion-css-1raymq9\" rel=\"nofollow noopener\" target=\"\" aria-label=\"en pressekonferanse \" theme=\"breaking-short\">en pressekonferanse <\/a>med Danmarks statsminister Mette Frederiksen og Gr\u00f8nlands regjeringssjef Jens-Frederik Nielsen. Der gjorde Nielsen det klart at gr\u00f8nlenderne heller velger Danmark enn USA. Og Fredriksen understreket at \u00f8ya ikke er til salgs.<\/p>\n<p class=\"paywall hyperion-css-1j42uic\">\u2013 Sm\u00e5 land skal ikke frykte store land, sa den danske statsministeren.<\/p>\n<p><img decoding=\"async\" class=\"image-asset hyperion-css-1ot81g4\" data-test-tag=\"image-asset\" src=\"https:\/\/www.europesays.com\/no\/wp-content\/uploads\/2026\/01\/d2bac87b-a0f8-43f3-91bd-9d0330ed9cea.jpeg\"  alt=\"Mette Frederiksen ogJens-Frederik Nielsen under tirsdagens pressekonferanse.\"  loading=\"eager\" fetchpriority=\"high\" style=\"aspect-ratio:2048 \/ 1367\"\/>Mette Frederiksen ogJens-Frederik Nielsen under tirsdagens pressekonferanse. Foto: Liselotte Sabroe \/ Ritzau Scanpix<\/p>\n<p class=\"paywall hyperion-css-1j42uic\">Ogs\u00e5 Frankrikes president, Emmanuel Macron, uttaler at franskmennene f\u00f8lger situasjonen n\u00f8ye. <\/p>\n<p class=\"paywall hyperion-css-1j42uic\">\u2013 Hvis suvereniteten til et europeisk land og en alliert skulle bli ber\u00f8rt, vil ringvirkningene v\u00e6re uten sidestykke, sa Macron under et regjeringsm\u00f8te i Paris.<\/p>\n<p>M\u00f8tet flyttet fra Det hvite hus<\/p>\n<p class=\"paywall hyperion-css-1j42uic\">Dagens m\u00f8te som Danmark og Gr\u00f8nlands utenriksministre skal ha med blant annet USAs visepresident J.D. Vance ble onsdag flyttet ut av Det hvite hus. Det skal heller foreg\u00e5 p\u00e5 visepresidentens kontor og representasjonsrom i nabobygningen Eisenhower Executive Office Building.<\/p>\n<p class=\"paywall hyperion-css-1j42uic\">Danmarks utenriksminister Lars L\u00f8kke Rasmussen og Gr\u00f8nlands minister for utenrikssaker Vivian Motzfeldt skal m\u00f8te Vance og utenriksminister Marco Rubio.<\/p>\n","protected":false},"excerpt":{"rendered":"Tirsdag holdt Danmark og Gr\u00f8nland en felles pressekonferanse. Dagen etter kommer Trump med nye uttalelser, mens danske fortropper&hellip;\n","protected":false},"author":2,"featured_media":137084,"comment_status":"","ping_status":"","sticky":false,"template":"","format":"standard","meta":{"footnotes":""},"categories":[12],"tags":[20,21,24,25,15,22,23,13,30,28,29,14,16,26,27,42,43,44,45],"class_list":{"0":"post-137083","1":"post","2":"type-post","3":"status-publish","4":"format-standard","5":"has-post-thumbnail","7":"category-verden","8":"tag-breaking-news","9":"tag-breakingnews","10":"tag-featured-news","11":"tag-featurednews","12":"tag-headlines","13":"tag-latest-news","14":"tag-latestnews","15":"tag-news","16":"tag-no","17":"tag-norge","18":"tag-norway","19":"tag-nyheter","20":"tag-overskrifter","21":"tag-top-stories","22":"tag-topstories","23":"tag-verden","24":"tag-world","25":"tag-world-news","26":"tag-worldnews"},"share_on_mastodon":{"url":"https:\/\/pubeurope.com\/@no\/115893558543964168","error":""},"_links":{"self":[{"href":"https:\/\/www.europesays.com\/no\/wp-json\/wp\/v2\/posts\/137083","targetHints":{"allow":["GET"]}}],"collection":[{"href":"https:\/\/www.europesays.com\/no\/wp-json\/wp\/v2\/posts"}],"about":[{"href":"https:\/\/www.europesays.com\/no\/wp-json\/wp\/v2\/types\/post"}],"author":[{"embeddable":true,"href":"https:\/\/www.europesays.com\/no\/wp-json\/wp\/v2\/users\/2"}],"replies":[{"embeddable":true,"href":"https:\/\/www.europesays.com\/no\/wp-json\/wp\/v2\/comments?post=137083"}],"version-history":[{"count":0,"href":"https:\/\/www.europesays.com\/no\/wp-json\/wp\/v2\/posts\/137083\/revisions"}],"wp:featuredmedia":[{"embeddable":true,"href":"https:\/\/www.europesays.com\/no\/wp-json\/wp\/v2\/media\/137084"}],"wp:attachment":[{"href":"https:\/\/www.europesays.com\/no\/wp-json\/wp\/v2\/media?parent=137083"}],"wp:term":[{"taxonomy":"category","embeddable":true,"href":"https:\/\/www.europesays.com\/no\/wp-json\/wp\/v2\/categories?post=137083"},{"taxonomy":"post_tag","embeddable":true,"href":"https:\/\/www.europesays.com\/no\/wp-json\/wp\/v2\/tags?post=137083"}],"curies":[{"name":"wp","href":"https:\/\/api.w.org\/{rel}","templated":true}]}}