{"id":137085,"date":"2026-01-14T12:55:13","date_gmt":"2026-01-14T12:55:13","guid":{"rendered":"https:\/\/www.europesays.com\/no\/137085\/"},"modified":"2026-01-14T12:55:13","modified_gmt":"2026-01-14T12:55:13","slug":"runde-nummer-to-med-broyting-noen-steder-kommer-vi-ikke-fram-tonsbergs-blad","status":"publish","type":"post","link":"https:\/\/www.europesays.com\/no\/137085\/","title":{"rendered":"Runde nummer to med br\u00f8yting: \u2013 Noen steder kommer vi ikke fram &#8211; T\u00f8nsbergs Blad"},"content":{"rendered":"<ol>\n<li><a href=\"https:\/\/news.google.com\/rss\/articles\/CBMimAFBVV95cUxNX1czbEQtSW5vcUZncTl2aE85c1lzNG5nQWpiXzdDcVVpUTNoS1lmZU1iRXlhZDlneEs0ajczWkIyaWw1a2lTMzBIcm95bHJfUXhTYjY0SWZvUVNtUlYzUkFrNFFiNS1fdjgzMHRkQk9BdXZ2VTFuZ1dBWUN1REFXMFN6Q1V3dVFDQkNFVnRSajVvOWZPZTdIVA?oc=5\" target=\"_blank\" rel=\"nofollow noopener\">Runde nummer to med br\u00f8yting: \u2013 Noen steder kommer vi ikke fram<\/a>&nbsp;&nbsp;T\u00f8nsbergs Blad<\/li>\n<li><a href=\"https:\/\/news.google.com\/rss\/articles\/CBMiYEFVX3lxTE9wMVQ5UUtsZ1lObzB2MEZINk9IdWlucURtcnY5U2dsZmU0bW1oM1RCUm1xUTB5Mk5vdmFpUnpkVXpQREcwQ1pRMUhpZ1QxR2xDYTdQTkRZcVhXX1k0WllJTA?oc=5\" target=\"_blank\" rel=\"nofollow noopener\">Ullensvang, Sn\u00f8 | Sn\u00f8kaos i Odda<\/a>&nbsp;&nbsp;Haugesunds Avis<\/li>\n<li><a href=\"https:\/\/news.google.com\/rss\/articles\/CBMivgFBVV95cUxOVVR6TDhwdEpHVlpCNHRyMF9CMHlJblNwY1RzZDVhZllsMmJKTGxsT1lSaTBjaXliMHpZbUpad0FEQWxHNjRGVGtBejdUQlhXSVA5SFlqMWtqaWIzS21QOE9DNU82b3NiOVR5ZGZ5NU5YUjlNLVBHdzVZUFl3dFpUUUJqdmowRWZRSG5sck5lYkJKZENlWmItSUVfWUIyV0FDVEJjWGxTbld6S1I5V0tENTBIOXh5M2s4RFlHY1N3?oc=5\" target=\"_blank\" rel=\"nofollow noopener\">Ullensvangs kommune, Stort sn\u00f8fall | Advarer mot feilparkering: \u2013 En bil kan forsinke br\u00f8ytingen med flere timer<\/a>&nbsp;&nbsp;Hardanger Folkeblad<\/li>\n<li><a href=\"https:\/\/news.google.com\/rss\/articles\/CBMiiAFBVV95cUxQdC1FY3NvRnRiR1Azelh2UHFIa2RYMHk0LUc0WE1ST0c1d2o0TkdUaGdSbm11UUpkVDAtdDRxVW1JZ2JRN0t4cjBwYkJuQ0pfTXg4cm9wY0x6blhJMlZBTmVhWHhfM0VFRHhGUGhfRWVXMjI2WHB4bzAtcUk1Y3Z2RW40Y3dSenVL?oc=5\" target=\"_blank\" rel=\"nofollow noopener\">Sn\u00f8, Veier | V\u00e6rt p\u00e5 jobb siden tre i natt: \u2014 Ikke noe problem<\/a>&nbsp;&nbsp;Telen<\/li>\n<li><a href=\"https:\/\/news.google.com\/rss\/articles\/CBMiwAFBVV95cUxOcllXdTJqVWRSRHB1c0o3U1M1a0RHRDFwc3FUc3pySFFFaE0wSlBfZzBYVDVlS0wyeFdvS2EwelVtRU5SazhGcHY3U2pYRnUtVXpqdVpfdF9scTRHR2pUM0lSZUpGajJFUnpaQk84TmloSzV5NzRqRWVCb3NYZUdXc0xCNWxGQXloZFJKZXlTdnFveld1anA5dDY1NHdyVkIwYnVqWUdUWl9lSDIxeldrT0lsbTBlRDZ6NVd3QTVNblI?oc=5\" target=\"_blank\" rel=\"nofollow noopener\">Dette sier kommunen om br\u00f8yting n\u00e5 &#8211; ikke alle er forn\u00f8yd: &#8211; Biler st\u00e5r fast i alle retninger!<\/a>&nbsp;&nbsp;\u00d8yene<\/li>\n<\/ol>\n","protected":false},"excerpt":{"rendered":"Runde nummer to med br\u00f8yting: \u2013 Noen steder kommer vi ikke fram&nbsp;&nbsp;T\u00f8nsbergs Blad Ullensvang, Sn\u00f8 | Sn\u00f8kaos i&hellip;\n","protected":false},"author":2,"featured_media":137086,"comment_status":"","ping_status":"","sticky":false,"template":"","format":"standard","meta":{"footnotes":""},"categories":[10],"tags":[20,21,24,25,15,22,23,13,30,28,29,14,16,26,27],"class_list":{"0":"post-137085","1":"post","2":"type-post","3":"status-publish","4":"format-standard","5":"has-post-thumbnail","7":"category-norge","8":"tag-breaking-news","9":"tag-breakingnews","10":"tag-featured-news","11":"tag-featurednews","12":"tag-headlines","13":"tag-latest-news","14":"tag-latestnews","15":"tag-news","16":"tag-no","17":"tag-norge","18":"tag-norway","19":"tag-nyheter","20":"tag-overskrifter","21":"tag-top-stories","22":"tag-topstories"},"share_on_mastodon":{"url":"https:\/\/pubeurope.com\/@no\/115893562602365192","error":""},"_links":{"self":[{"href":"https:\/\/www.europesays.com\/no\/wp-json\/wp\/v2\/posts\/137085","targetHints":{"allow":["GET"]}}],"collection":[{"href":"https:\/\/www.europesays.com\/no\/wp-json\/wp\/v2\/posts"}],"about":[{"href":"https:\/\/www.europesays.com\/no\/wp-json\/wp\/v2\/types\/post"}],"author":[{"embeddable":true,"href":"https:\/\/www.europesays.com\/no\/wp-json\/wp\/v2\/users\/2"}],"replies":[{"embeddable":true,"href":"https:\/\/www.europesays.com\/no\/wp-json\/wp\/v2\/comments?post=137085"}],"version-history":[{"count":0,"href":"https:\/\/www.europesays.com\/no\/wp-json\/wp\/v2\/posts\/137085\/revisions"}],"wp:featuredmedia":[{"embeddable":true,"href":"https:\/\/www.europesays.com\/no\/wp-json\/wp\/v2\/media\/137086"}],"wp:attachment":[{"href":"https:\/\/www.europesays.com\/no\/wp-json\/wp\/v2\/media?parent=137085"}],"wp:term":[{"taxonomy":"category","embeddable":true,"href":"https:\/\/www.europesays.com\/no\/wp-json\/wp\/v2\/categories?post=137085"},{"taxonomy":"post_tag","embeddable":true,"href":"https:\/\/www.europesays.com\/no\/wp-json\/wp\/v2\/tags?post=137085"}],"curies":[{"name":"wp","href":"https:\/\/api.w.org\/{rel}","templated":true}]}}