{"id":137091,"date":"2026-01-14T13:00:48","date_gmt":"2026-01-14T13:00:48","guid":{"rendered":"https:\/\/www.europesays.com\/no\/137091\/"},"modified":"2026-01-14T13:00:48","modified_gmt":"2026-01-14T13:00:48","slug":"skoda-er-pa-vei-med-en-stor-suv","status":"publish","type":"post","link":"https:\/\/www.europesays.com\/no\/137091\/","title":{"rendered":"Skoda er p\u00e5 vei med en stor SUV"},"content":{"rendered":"<p>\n        TITTEI: Skoda viser delvis fram deres kommende stor-SUV, Peaq.<br \/>\n        Foto: SKODA\n    <\/p>\n<p class=\"kicker t31 tm25 font-weight-bold m-font-weight-bold font-Roboto\" style=\"\">Peaq:<\/p>\n<p>    I 2023 viste Skoda fram en konseptbil med sju seter, senere i \u00e5r blir den virkelighet.<\/p>\n<p>For snart tre \u00e5r siden var konseptbilen Skoda Vision 7S p\u00e5 bes\u00f8k i Norge, da var det ansl\u00e5tt at modellen bli lansert i 2026.\u00a0<\/p>\n<p>Det viser seg \u00e5 stemme.<\/p>\n<p> \u2013 Fra og med i dag har v\u00e5r dristige visjon for Skodas elektriske fremtid et navn: Peaq, en tydelig erkl\u00e6ring om hvor denne modellen h\u00f8rer hjemme i portef\u00f8ljen v\u00e5r, sier Martin Jahn, styremedlem med ansvar for salg og markedsf\u00f8ring i Skoda, i en pressemelding.<\/p>\n<p class=\"font-weight-bold m-font-weight-bold\" data-lab-font_weight=\"font-weight-bold\">Den gang som n\u00e5 er det en stor SUV, med sju seter. Det blir med andre ord merkets st\u00f8rste bil i Norge.<\/p>\n<p> \u2013 Vi vet at mange norske familier har ventet p\u00e5 en stor, helelektrisk SUV med god plass, mulighet for syv seter\u00a0og fleksibilitet,\u00a0sier Martine Behrens, direkt\u00f8r for Skoda Norge i Harald A. M\u00f8ller AS. <\/p>\n<p>Peaq skal bli det <a href=\"https:\/\/www.motor.no\/provekjort\/en-rimelig-suv-for-store-anledninger\/123487\" target=\"_blank\" rel=\"nofollow noopener\">Kodiaq <\/a>har v\u00e6rt for den fossile modellinjen til Skoda.<\/p>\n<p> Verdenspremieren for Peaq\u00a0er sommeren 2026. Mer informasjon om norske spesifikasjoner, priser og salgsstart skal komme n\u00e6rmere lansering. <\/p>\n<p>Utfra illustrasjonen av fronten til Peaq, ser det ut til at den er beholdt fra konseptbilen. Om selvmordsd\u00f8rer og 22-tommers felger ogs\u00e5 blir med, gjenst\u00e5r \u00e5 se.<\/p>\n<p>Se saken om Vision 7S under:<\/p>\n<p>        <a itemprop=\"url\" class=\"\" href=\"https:\/\/www.motor.no\/bil\/dette-er-nye-skoda-vision-7s\/245248\" data-k5a-url=\"https:\/\/www.motor.no\/a\/245248\" rel=\"nofollow noopener\" target=\"_blank\"><\/p>\n<p>\nVision 7S \u2013 se bildene:\n<\/p>\n<p>            Dette blir den nye familie\u00adbilen fra Skoda<\/p>\n<p>        <\/a><\/p>\n<p>            Les alle Motors biltester:<\/p>\n","protected":false},"excerpt":{"rendered":"TITTEI: Skoda viser delvis fram deres kommende stor-SUV, Peaq. Foto: SKODA Peaq: I 2023 viste Skoda fram en&hellip;\n","protected":false},"author":2,"featured_media":137092,"comment_status":"","ping_status":"","sticky":false,"template":"","format":"standard","meta":{"footnotes":""},"categories":[56],"tags":[60,61,62,30,28,29],"class_list":{"0":"post-137091","1":"post","2":"type-post","3":"status-publish","4":"format-standard","5":"has-post-thumbnail","7":"category-naeringsliv","8":"tag-business","9":"tag-economy","10":"tag-naeringsliv","11":"tag-no","12":"tag-norge","13":"tag-norway"},"share_on_mastodon":{"url":"https:\/\/pubeurope.com\/@no\/115893586062120213","error":""},"_links":{"self":[{"href":"https:\/\/www.europesays.com\/no\/wp-json\/wp\/v2\/posts\/137091","targetHints":{"allow":["GET"]}}],"collection":[{"href":"https:\/\/www.europesays.com\/no\/wp-json\/wp\/v2\/posts"}],"about":[{"href":"https:\/\/www.europesays.com\/no\/wp-json\/wp\/v2\/types\/post"}],"author":[{"embeddable":true,"href":"https:\/\/www.europesays.com\/no\/wp-json\/wp\/v2\/users\/2"}],"replies":[{"embeddable":true,"href":"https:\/\/www.europesays.com\/no\/wp-json\/wp\/v2\/comments?post=137091"}],"version-history":[{"count":0,"href":"https:\/\/www.europesays.com\/no\/wp-json\/wp\/v2\/posts\/137091\/revisions"}],"wp:featuredmedia":[{"embeddable":true,"href":"https:\/\/www.europesays.com\/no\/wp-json\/wp\/v2\/media\/137092"}],"wp:attachment":[{"href":"https:\/\/www.europesays.com\/no\/wp-json\/wp\/v2\/media?parent=137091"}],"wp:term":[{"taxonomy":"category","embeddable":true,"href":"https:\/\/www.europesays.com\/no\/wp-json\/wp\/v2\/categories?post=137091"},{"taxonomy":"post_tag","embeddable":true,"href":"https:\/\/www.europesays.com\/no\/wp-json\/wp\/v2\/tags?post=137091"}],"curies":[{"name":"wp","href":"https:\/\/api.w.org\/{rel}","templated":true}]}}