{"id":137093,"date":"2026-01-14T13:01:06","date_gmt":"2026-01-14T13:01:06","guid":{"rendered":"https:\/\/www.europesays.com\/no\/137093\/"},"modified":"2026-01-14T13:01:06","modified_gmt":"2026-01-14T13:01:06","slug":"en-henleggelse-vi-har-ventet-pa-nrk-norge-oversikt-over-nyheter-fra-ulike-deler-av-landet","status":"publish","type":"post","link":"https:\/\/www.europesays.com\/no\/137093\/","title":{"rendered":"\u2013 En henleggelse vi har ventet p\u00e5 \u2013 NRK Norge \u2013 Oversikt over nyheter fra ulike deler av landet"},"content":{"rendered":"<p>Sommeren 2024 p\u00e5grep politiet en mann p\u00e5 Gardermoen etter en reise til Kina.<\/p>\n<p>Det var f\u00f8rste gang en norsk statsborger hadde blitt p\u00e5grepet for spionasje til fordel for Kina, <a href=\"https:\/\/www.nrk.no\/norge\/pst_-norsk-statsborger-pagrepet-for-a-prove-a-spionere-for-kina-1.16948892\" ec-id=\"pp:article:1.16948892\" ec-name=\"sa PST den gangen\" rel=\"nofollow noopener\" target=\"_blank\">sa PST den gangen<\/a>.<\/p>\n<p>Mannen var siktet for \u00e5 ha samlet inn statshemmeligheter og annen ulovlig etterretning. Han har ikke erkjent straffskyld.<\/p>\n<p><strong>N\u00e5 er saken imidlertid henlagt p\u00e5 bevisets stilling, bekrefter b\u00e5de statsadvokaten og PST til NRK.<\/strong><\/p>\n<p>\u2013 Det har v\u00e6rt en grundig etterforsking. Men for \u00e5 ta ut tiltale, skal jeg legge de samme beviskravene til grunn som en domstol. Vilk\u00e5rene for \u00e5 ta ut tiltale etter straffelovens bestemmelser om etterretningsvirksomhet var ikke oppfylt i denne saken, sier statsadvokat Anne Karoline Bakken Staff til NRK.<\/p>\n<p>Mannens forsvarer Marius Dietrichson, sier politiets konklusjon ikke er en overraskelse.<\/p>\n<p>\u2013 Det er en henleggelse vi har etterspurt og ventet p\u00e5. Saken viser at den st\u00e5r seg ikke, sier Dietrichson til NRK.<\/p>\n<p>Har delt informasjon med personer i Kina<\/p>\n<p>Statsadvokat Bakken Staff sier beviskravet ikke er oppfylt s\u00e6rlig knyttet til informasjonen som er eller kan v\u00e6re delt eller innhentet av mannen.<\/p>\n<p><img decoding=\"async\"   src=\"data:image\/gif;base64,R0lGODlhAQABAIAAAAAAAP\/\/\/yH5BAEAAAAALAAAAAABAAEAAAIBRAA7\" loading=\"eager\" alt=\"Anne Karoline Bakken Staff\" title=\"Foto: Stig Jaarvik \/ NRK\"\/><\/p>\n<p class=\"\">Statsadvokat Anne Karoline Bakken Staff.<\/p>\n<p>Foto: Stig Jaarvik \/ NRK<\/p>\n<p>\u2013 Han har erkjent at han har hatt kontakt med personer i Kina, delt informasjon med dem og mottatt betaling for det. Det er i seg selv likevel ikke nok etter dagens bestemmelser, sier Staff.<\/p>\n<p>Hun \u00f8nsker ikke \u00e5 si noe om hva slags informasjon mannen skal ha delt, eller hvem han har delt det med.<\/p>\n<p><strong>\u2013 Man kan stille sp\u00f8rsm\u00e5l om dagens bestemmelser i tilstrekkelig grad er egnet til \u00e5 beskytte Norge mot fremmede staters etterretningsvirksomhet, sier hun.<\/strong><\/p>\n<p>Dietrichson sier hans klient har v\u00e6rt \u00e5pen med PST om at han har delt informasjon, men at dette har v\u00e6rt knyttet til jobben hans.<\/p>\n<p>\u2013 Det fremg\u00e5r jo av virksomhetsbeskrivelsen hans som ligger ute p\u00e5 internett og alle steder. Han driver et geopolitisk senter hvor han p\u00e5 oppdrag fra interessenter gj\u00f8r politiske vurderinger. Men der deler han ikke statshemmeligheter, og han bygger sine vurderinger p\u00e5 \u00e5pne, tilgjengelige kilder. Det rammes ikke av straffelovens bestemmelse.<\/p>\n<p>Den norske statsborgeren hadde startet et selskap i Oslo f\u00f8r han ble p\u00e5grepet. Selskapet skulle drive med analyse av geopolitiske forhold. Mannen s\u00f8kte til <a href=\"https:\/\/www.nrk.no\/norge\/spionsiktede-ville-ha-hjelp-av-ud_-_stor-nytte-for-meg_-1.16960525\" ec-id=\"pp:article:1.16960525\" ec-name=\"b\u00e5de UD\" rel=\"nofollow noopener\" target=\"_blank\">b\u00e5de UD<\/a> og <a href=\"https:\/\/www.nrk.no\/norge\/spionsiktet-provde-flere-ganger-a-fa-mote-med-forsvarsdepartementet-_-ville-ha-pengestotte-1.16962939\" ec-id=\"pp:article:1.16962939\" ec-name=\"Forsvarsdepartementet\" rel=\"nofollow noopener\" target=\"_blank\">Forsvarsdepartementet <\/a>om st\u00f8tte til dette.<\/p>\n<p>\u2013 Det er det han jobber med, p\u00e5 lik linje med en rekke andre tilsvarende virksomheter her og i utlandet.<\/p>\n<p>Ikke delt statshemmeligheter<\/p>\n<p>PST innstilte ogs\u00e5 p\u00e5 \u00e5 henlegge saken.<\/p>\n<p><strong>\u2013 Dette er blant annet knyttet til tvil om den informasjonen som er eller kan v\u00e6re delt og\/eller fors\u00f8kt innhentet kan anses som hemmelig og om deling av den kan skade grunnleggende nasjonale interesser eller skade andre staters sikkerhetsinteresser, sier politiadvokat Jane Lundstadsveen i PST til NRK.<\/strong><\/p>\n<p>PST mente sommeren 2024 \u00e5 ha funnet det som framsto \u00e5 v\u00e6re en oppdragsdialog mellom nordmannen og det <a href=\"https:\/\/www.nrk.no\/norge\/kjennelse_-spionsiktede-antas-a-ha-chattet-med-_foringsoffiser-i-kina_-1.16983792\" ec-id=\"pp:article:1.16983792\" ec-name=\"PST da antok var en f\u00f8ringsoffiser i Kina\" rel=\"nofollow noopener\" target=\"_blank\">PST da antok var en f\u00f8ringsoffiser i Kina<\/a>.<\/p>\n<p>\u2013 Etterforskningen har avdekket aktivitet hvor siktede har tilegnet seg informasjon, p\u00e5 ulike arenaer og i ulike sammenhenger, der noe informasjon ogs\u00e5 ser ut til \u00e5 v\u00e6re delt med personer i Kina, sier Lundstadsveen.<\/p>\n<p>Lundstadsveen sier etterforskingen har best\u00e5tt av unders\u00f8kelser av digitale lagringsenheter og flere vitneavh\u00f8r.<\/p>\n<p>Mannen hadde hatt flere verv i det politiske Norge f\u00f8r p\u00e5gripelsen i 2024. Tidligere var mannen med i et lokallag i Arbeiderpartiet, og var blant annet <a href=\"https:\/\/www.nrk.no\/norge\/spionsiktet-var-pa-studietur-til-tyskland-med-lokalt-arbeiderparti-lag-1.16949517\" ec-id=\"pp:article:1.16949517\" ec-name=\"med partilaget p\u00e5 studietur til Tyskland\" rel=\"nofollow noopener\" target=\"_blank\">med partilaget p\u00e5 studietur til Tyskland<\/a>.<\/p>\n<p>Han var en del av den liberale tenketanken Civitas nettverk, men<a href=\"https:\/\/www.nrk.no\/norge\/spionsiktede-havnet-i-liberalt-tenketank-nettverk-_-ble-kastet-ut-1.16954696\" ec-id=\"pp:article:1.16954696\" ec-name=\"ble kastet ut etter en konflikt i 2022\" rel=\"nofollow noopener\" target=\"_blank\"> ble kastet ut etter en konflikt i 2022<\/a>.<\/p>\n<p>Mannen tok doktorgraden sin i Kina, og ble av sine medstudenter <a href=\"https:\/\/www.nrk.no\/norge\/pst_-spionsiktede-har-ikke-villet-la-seg-avhore-1.16956638\" ec-id=\"pp:article:1.16956638\" ec-name=\"beskrevet som vestlig orientert i sine akademiske tekster\" rel=\"nofollow noopener\" target=\"_blank\">beskrevet som vestlig orientert i sine akademiske tekster<\/a>. En av professorene hans <a href=\"https:\/\/www.nrk.no\/norge\/visepresidenten-pa-kinesisk-universitetet-var-veileder-for-spionsiktet-nordmann-1.16962413\" ec-id=\"pp:article:1.16962413\" ec-name=\"beskrev ham som en av sine beste studenter\" rel=\"nofollow noopener\" target=\"_blank\">beskrev ham som en av sine beste studenter<\/a>.\n<\/p>\n<p><img decoding=\"async\"   src=\"data:image\/gif;base64,R0lGODlhAQABAIAAAAAAAP\/\/\/yH5BAEAAAAALAAAAAABAAEAAAIBRAA7\" loading=\"eager\" alt=\"NRK_B\u00d8E_33\" title=\"Foto: Torstein Georg B\u00f8e \/ Torstein Georg B\u00f8e\"\/><\/p>\n<p class=\"\">Forsvarer Marius Dietrichson. <\/p>\n<p>Foto: Torstein Georg B\u00f8e \/ Torstein Georg B\u00f8e<\/p>\n<p>\u2013 Det er en belastning for enhver \u00e5 v\u00e6re under etterforskning for politiet, ogs\u00e5 for min klient, og spesielt for en s\u00e5 belastende anklage som dette. S\u00e5 uriktig, og rett i kjernen p\u00e5 nettopp hva han arbeider med, sier forsvarer Dietrichson.<\/p>\n<p>\u2013 Har det hatt noen konsekvenser for ham og hans jobbsituasjon?<\/p>\n<p>\u2013 Det vil f\u00e5 betydning for alle som er under etterforskning. At man er under etterforskning, og det har det ogs\u00e5 f\u00e5tt for min klient. S\u00e5 han i m\u00f8ter seg selvf\u00f8lgelig henleggelsesbeslutningen i dag.<\/p>\n<p>Publisert<\/p>\n<p>14.01.2026, kl. 13.34<\/p>\n<p>Oppdatert<\/p>\n<p>14.01.2026, kl. 13.53<\/p>\n","protected":false},"excerpt":{"rendered":"Sommeren 2024 p\u00e5grep politiet en mann p\u00e5 Gardermoen etter en reise til Kina. Det var f\u00f8rste gang en&hellip;\n","protected":false},"author":2,"featured_media":137094,"comment_status":"","ping_status":"","sticky":false,"template":"","format":"standard","meta":{"footnotes":""},"categories":[12],"tags":[20,21,24,25,15,22,23,13,30,28,29,14,16,26,27,42,43,44,45],"class_list":{"0":"post-137093","1":"post","2":"type-post","3":"status-publish","4":"format-standard","5":"has-post-thumbnail","7":"category-verden","8":"tag-breaking-news","9":"tag-breakingnews","10":"tag-featured-news","11":"tag-featurednews","12":"tag-headlines","13":"tag-latest-news","14":"tag-latestnews","15":"tag-news","16":"tag-no","17":"tag-norge","18":"tag-norway","19":"tag-nyheter","20":"tag-overskrifter","21":"tag-top-stories","22":"tag-topstories","23":"tag-verden","24":"tag-world","25":"tag-world-news","26":"tag-worldnews"},"share_on_mastodon":{"url":"https:\/\/pubeurope.com\/@no\/115893586118599453","error":""},"_links":{"self":[{"href":"https:\/\/www.europesays.com\/no\/wp-json\/wp\/v2\/posts\/137093","targetHints":{"allow":["GET"]}}],"collection":[{"href":"https:\/\/www.europesays.com\/no\/wp-json\/wp\/v2\/posts"}],"about":[{"href":"https:\/\/www.europesays.com\/no\/wp-json\/wp\/v2\/types\/post"}],"author":[{"embeddable":true,"href":"https:\/\/www.europesays.com\/no\/wp-json\/wp\/v2\/users\/2"}],"replies":[{"embeddable":true,"href":"https:\/\/www.europesays.com\/no\/wp-json\/wp\/v2\/comments?post=137093"}],"version-history":[{"count":0,"href":"https:\/\/www.europesays.com\/no\/wp-json\/wp\/v2\/posts\/137093\/revisions"}],"wp:featuredmedia":[{"embeddable":true,"href":"https:\/\/www.europesays.com\/no\/wp-json\/wp\/v2\/media\/137094"}],"wp:attachment":[{"href":"https:\/\/www.europesays.com\/no\/wp-json\/wp\/v2\/media?parent=137093"}],"wp:term":[{"taxonomy":"category","embeddable":true,"href":"https:\/\/www.europesays.com\/no\/wp-json\/wp\/v2\/categories?post=137093"},{"taxonomy":"post_tag","embeddable":true,"href":"https:\/\/www.europesays.com\/no\/wp-json\/wp\/v2\/tags?post=137093"}],"curies":[{"name":"wp","href":"https:\/\/api.w.org\/{rel}","templated":true}]}}