{"id":137095,"date":"2026-01-14T13:02:17","date_gmt":"2026-01-14T13:02:17","guid":{"rendered":"https:\/\/www.europesays.com\/no\/137095\/"},"modified":"2026-01-14T13:02:17","modified_gmt":"2026-01-14T13:02:17","slug":"200-000-dode-oppdrettsfisk-massevis-av-ratten-fisk-under-tilsyn","status":"publish","type":"post","link":"https:\/\/www.europesays.com\/no\/137095\/","title":{"rendered":"200.000 d\u00f8de oppdrettsfisk \u2013 massevis av r\u00e5tten fisk under tilsyn"},"content":{"rendered":"<p class=\"lead dn-text-entity lead\" role=\"paragraph\">P\u00e5 fem uker d\u00f8de over 200.000 oppdrettstorsk av virussykdom. Mattilsynet kaller Norcods fiskevelferd uforsvarlig. Selskapet sier at situasjonen er i ferd med \u00e5 stabilisere seg.<\/p>\n<p>Illustrasjonsfoto: Norcods m\u00e5 bedre fiskevelferden sin ved lokaliteten Bj\u00f8rn\u00f8ya Bildet er fra selskapets lokalitet Jamnungen p\u00e5 Fr\u00f8ya.<\/p>\n<p>Arkivfoto: Robert Nedrejord\/arkiv<\/p>\n","protected":false},"excerpt":{"rendered":"P\u00e5 fem uker d\u00f8de over 200.000 oppdrettstorsk av virussykdom. Mattilsynet kaller Norcods fiskevelferd uforsvarlig. Selskapet sier at situasjonen&hellip;\n","protected":false},"author":2,"featured_media":137096,"comment_status":"","ping_status":"","sticky":false,"template":"","format":"standard","meta":{"footnotes":""},"categories":[10],"tags":[20,21,24,25,15,22,23,13,30,28,29,14,16,26,27],"class_list":{"0":"post-137095","1":"post","2":"type-post","3":"status-publish","4":"format-standard","5":"has-post-thumbnail","7":"category-norge","8":"tag-breaking-news","9":"tag-breakingnews","10":"tag-featured-news","11":"tag-featurednews","12":"tag-headlines","13":"tag-latest-news","14":"tag-latestnews","15":"tag-news","16":"tag-no","17":"tag-norge","18":"tag-norway","19":"tag-nyheter","20":"tag-overskrifter","21":"tag-top-stories","22":"tag-topstories"},"share_on_mastodon":{"url":"https:\/\/pubeurope.com\/@no\/115893590057787397","error":""},"_links":{"self":[{"href":"https:\/\/www.europesays.com\/no\/wp-json\/wp\/v2\/posts\/137095","targetHints":{"allow":["GET"]}}],"collection":[{"href":"https:\/\/www.europesays.com\/no\/wp-json\/wp\/v2\/posts"}],"about":[{"href":"https:\/\/www.europesays.com\/no\/wp-json\/wp\/v2\/types\/post"}],"author":[{"embeddable":true,"href":"https:\/\/www.europesays.com\/no\/wp-json\/wp\/v2\/users\/2"}],"replies":[{"embeddable":true,"href":"https:\/\/www.europesays.com\/no\/wp-json\/wp\/v2\/comments?post=137095"}],"version-history":[{"count":0,"href":"https:\/\/www.europesays.com\/no\/wp-json\/wp\/v2\/posts\/137095\/revisions"}],"wp:featuredmedia":[{"embeddable":true,"href":"https:\/\/www.europesays.com\/no\/wp-json\/wp\/v2\/media\/137096"}],"wp:attachment":[{"href":"https:\/\/www.europesays.com\/no\/wp-json\/wp\/v2\/media?parent=137095"}],"wp:term":[{"taxonomy":"category","embeddable":true,"href":"https:\/\/www.europesays.com\/no\/wp-json\/wp\/v2\/categories?post=137095"},{"taxonomy":"post_tag","embeddable":true,"href":"https:\/\/www.europesays.com\/no\/wp-json\/wp\/v2\/tags?post=137095"}],"curies":[{"name":"wp","href":"https:\/\/api.w.org\/{rel}","templated":true}]}}