{"id":137099,"date":"2026-01-14T13:04:49","date_gmt":"2026-01-14T13:04:49","guid":{"rendered":"https:\/\/www.europesays.com\/no\/137099\/"},"modified":"2026-01-14T13:04:49","modified_gmt":"2026-01-14T13:04:49","slug":"dodsfall-bisettelse-tar-farvel-med-sivert-guttorm-bakken","status":"publish","type":"post","link":"https:\/\/www.europesays.com\/no\/137099\/","title":{"rendered":"D\u00f8dsfall, Bisettelse | Tar farvel med Sivert Guttorm Bakken"},"content":{"rendered":"\n<p>(<a href=\"https:\/\/www.gd.no\/i-dag-bisettes-sivert-guttorm-bakken\/s\/5-18-2438664\" rel=\"Follow nofollow noopener\" target=\"_blank\">Gudbrandsd\u00f8len Dagningen<\/a>): Lille julaften ble det kjent at Sivert Guttorm Bakken fra Lillehammer var funnet d\u00f8d p\u00e5 sitt hotellrom i italienske Lavaz\u00e8. Han ble bare 27 \u00e5r.<\/p>\n<p>Den tragiske nyheten rystet en hel idrettsverden.<\/p>\n<p>I dag, tirsdag 13. januar, skal familie og venner f\u00e5 ta et siste farvel. I Nordre \u00c5l kirke klokken 11.00.<\/p>\n<p>   <img decoding=\"async\" width=\"1872\" height=\"1205\" fetchpriority=\"low\"  loading=\"lazy\"  src=\"https:\/\/www.europesays.com\/no\/wp-content\/uploads\/2026\/01\/1768395878_405_Sivertbisettelse.jpg\" alt=\"\" class=\"brick-c-cFOWSL\" style=\"--brick-image-ratio: 1872 \/ 1205;\"\/><\/p>\n<p>      Folk str\u00f8mmer til bisettelsen til skiskytter Guttorm Sivert Bakken i Nordre \u00c5l Kirke p\u00e5 Lillehammer.<br \/>\n      Foto: Geir Olsen\/NTB\n    <\/p>\n<p>  \u2013 Blir en tung dag<\/p>\n<p>Konstiutert generalsekret\u00e6r i Norges skiskytterforbund, Emilie Nordskar, er blant dem som skal ta farvel med Bakken tirsdag. Hun tror det blir en tung dag, men ogs\u00e5 godt \u00e5 f\u00e5 tatt en verdig avskjed med 27-\u00e5ringen.<\/p>\n<p>\u2013 Det kommer til \u00e5 bli en tung dag for oss alle som er til stede, men jeg tror det blir godt \u00e5 f\u00e5 samlet oss og gitt han en verdig avskjed og et slags farvel. Det blir godt og veldig trist, sier hun til NRK.<\/p>\n<p>Hun beskriver Bakken som et fantastisk menneske, som hadde en unik kombinasjon av engasjement, driv og en trygghet, som tok ansvar og alltid hadde et lurt smil p\u00e5 lur.<\/p>\n<p>\u2013 Vi har mista en lagkamerat som gjorde oss alle litt bedre, sier hun.<\/p>\n<p>   <img decoding=\"async\" width=\"5088\" height=\"3392\" fetchpriority=\"low\"  loading=\"lazy\"  src=\"https:\/\/www.europesays.com\/no\/wp-content\/uploads\/2026\/01\/1768395880_254_cueres_scp-mangler_navn_Dv_F3-rSqrE.jpg\" alt=\"\" class=\"brick-c-cFOWSL\" style=\"--brick-image-ratio: 5088 \/ 3392;\"\/><\/p>\n<p>      Emilie Nordskar, konstituert generalsekret\u00e6r i Norges Skiskytterforbund, deltar i bisettelsen til skiskytter Guttorm Sivert Bakken i Nordre \u00c5l Kirke p\u00e5 Lillehammer.<br \/>\n      Foto: Geir Olsen\/NTB\n    <\/p>\n<p>  Herrene kommer \u2013 kvinnelaget blir i Tyskland<\/p>\n<p>TV 2 har f\u00e5tt bekreftet at hele det norske herrelaget, som er i Tyskland for verdenscupl\u00f8pene i Oberhof og Ruhpolding, reiser hjem mellom rennene for \u00e5 delta i begravelsen p\u00e5 Lillehammer.<\/p>\n<p>Isak Leknes Frey, Martin Uldal, Johannes Dale-Skjevdal, Vetle Sj\u00e5stad Christiansen, Martin Nevland og Sverre Aspenes, i tillegg til deler av st\u00f8tteapparatet, fl\u00f8y hjem fra M\u00fcnchen mandag ettermiddag. De som skal konkurrere igjen i Ruhpolding, vil returnere til Tyskland tirsdag kveld. Torsdag er det nemlig herrestafett.<\/p>\n<p>\u2013 Det var aldri tvil om at de skulle f\u00e5 reise hit, og vi har hele vegen sagt at de som vil reise hit skal f\u00e5 reise hjem. Det blir en hektisk greie, men jeg tror alle setter pris p\u00e5 det, sier landslagssjef Per-Arne Botnan til GD.<\/p>\n<p>Han beskriver Bakken som en vanvittig flott person, og har flere gode minner fra karrieren til Vingrom-l\u00f8peren.<\/p>\n<p>\u2013 Prestasjonsmessig st\u00f8rst er nok fellesstartseieren hans i Kollen f\u00f8r han ble sjuk, men for meg er det sterkeste minnet mitt med Sivert m\u00e5ten han kom tilbake p\u00e5. Den dedikasjonen til \u00e5 ta de t\u00f8ffe valgene hele vegen gj\u00f8r det minnet sterkest, sier Botnan.\u00a0<\/p>\n<p>Bakken vant sitt f\u00f8rste og eneste verdenscuprenn i skiskyting i Holmenkollen i 2022. I fjor var han tilbake i konkurranse etter en sykdomsperiode som oppsto etter 2021\/22-sesongen.<\/p>\n<p>   <img decoding=\"async\" width=\"4032\" height=\"3024\" fetchpriority=\"low\"  loading=\"lazy\"  src=\"https:\/\/www.europesays.com\/no\/wp-content\/uploads\/2026\/01\/Landslagssjefen.bin.jpeg\" alt=\"\" class=\"brick-c-cFOWSL\" style=\"--brick-image-ratio: 4032 \/ 3024;\"\/><\/p>\n<p>      Landslagssjef i skiskyting Per-Arne Botnan.<br \/>\n      Foto: J\u00f8rgen Karlsen\n    <\/p>\n<p>Allerede onsdag er det stafett for kvinnene. De blir dermed igjen i Tyskland, sammen med deler av st\u00f8tteapparatet. Tirsdag skal de ha en privat minnestund for Bakken.<\/p>\n<p>Minnestund ble det ogs\u00e5 lille julaften, da Lillehammer kirkes d\u00f8rer ble \u00e5pnet for alle som \u00f8nsket \u00e5 samle seg. Under fire timer etter at nyheten om d\u00f8dsfallet kom var kirka full.<\/p>\n<p>\u2013 Han var en dyktig idrettsut\u00f8ver med et stort nettverk, sa prost Ann Cathrin Opsann Tomten fra S\u00f8r-Gudbrandsdal prosti.<\/p>\n<p>Hun skal lede begravelsen sammen med Rosemarie Rustad Stakston, som er sogneprest i Nordre \u00c5l kirke.<\/p>\n<p>   <img decoding=\"async\" width=\"8256\" height=\"5504\" fetchpriority=\"low\"  loading=\"lazy\"  src=\"https:\/\/www.europesays.com\/no\/wp-content\/uploads\/2026\/01\/TO+-+MINNESTUND++SIVERT+GUTTORM+BAKKEN.bin.jpeg\" alt=\"\" class=\"brick-c-cFOWSL\" style=\"--brick-image-ratio: 8256 \/ 5504;\"\/><\/p>\n<p>      Prost Ann Cathrin Opsann Tomten m\u00f8tte over 100 personer, da hun \u00e5pnet d\u00f8rene til Lillehammer kirke lille julaften. Tirsdag skal hun se mange av de samme ansiktene igjen.<br \/>\n      Foto: Torbj\u00f8rn Olsen\n    <\/p>\n","protected":false},"excerpt":{"rendered":"(Gudbrandsd\u00f8len Dagningen): Lille julaften ble det kjent at Sivert Guttorm Bakken fra Lillehammer var funnet d\u00f8d p\u00e5 sitt&hellip;\n","protected":false},"author":2,"featured_media":137100,"comment_status":"","ping_status":"","sticky":false,"template":"","format":"standard","meta":{"footnotes":""},"categories":[59],"tags":[36,380,576,30,28,29,13042,769,83,82,1510],"class_list":{"0":"post-137099","1":"post","2":"type-post","3":"status-publish","4":"format-standard","5":"has-post-thumbnail","7":"category-sport","8":"tag-art","9":"tag-bisettelse","10":"tag-dodsfall","11":"tag-no","12":"tag-norge","13":"tag-norway","14":"tag-sivert-guttorm-bakken","15":"tag-skiskyting","16":"tag-sport","17":"tag-sports","18":"tag-story"},"share_on_mastodon":{"url":"https:\/\/pubeurope.com\/@no\/115893601793937041","error":""},"_links":{"self":[{"href":"https:\/\/www.europesays.com\/no\/wp-json\/wp\/v2\/posts\/137099","targetHints":{"allow":["GET"]}}],"collection":[{"href":"https:\/\/www.europesays.com\/no\/wp-json\/wp\/v2\/posts"}],"about":[{"href":"https:\/\/www.europesays.com\/no\/wp-json\/wp\/v2\/types\/post"}],"author":[{"embeddable":true,"href":"https:\/\/www.europesays.com\/no\/wp-json\/wp\/v2\/users\/2"}],"replies":[{"embeddable":true,"href":"https:\/\/www.europesays.com\/no\/wp-json\/wp\/v2\/comments?post=137099"}],"version-history":[{"count":0,"href":"https:\/\/www.europesays.com\/no\/wp-json\/wp\/v2\/posts\/137099\/revisions"}],"wp:featuredmedia":[{"embeddable":true,"href":"https:\/\/www.europesays.com\/no\/wp-json\/wp\/v2\/media\/137100"}],"wp:attachment":[{"href":"https:\/\/www.europesays.com\/no\/wp-json\/wp\/v2\/media?parent=137099"}],"wp:term":[{"taxonomy":"category","embeddable":true,"href":"https:\/\/www.europesays.com\/no\/wp-json\/wp\/v2\/categories?post=137099"},{"taxonomy":"post_tag","embeddable":true,"href":"https:\/\/www.europesays.com\/no\/wp-json\/wp\/v2\/tags?post=137099"}],"curies":[{"name":"wp","href":"https:\/\/api.w.org\/{rel}","templated":true}]}}