{"id":137107,"date":"2026-01-14T13:12:07","date_gmt":"2026-01-14T13:12:07","guid":{"rendered":"https:\/\/www.europesays.com\/no\/137107\/"},"modified":"2026-01-14T13:12:07","modified_gmt":"2026-01-14T13:12:07","slug":"politi-nabokommune-alvorlig-trafikkulykke-mann-i-20-arene-bekreftet-omkommet","status":"publish","type":"post","link":"https:\/\/www.europesays.com\/no\/137107\/","title":{"rendered":"Politi, Nabokommune | Alvorlig trafikkulykke \u2013 mann i 20-\u00e5rene bekreftet omkommet"},"content":{"rendered":"\n<p>Rett f\u00f8r klokken 09.00 onsdag gikk \u00d8st politidistrikt ut med melding om trafikkulykke p\u00e5 Osloveien i Vestby kommune, ikke langt fra S\u00e5ner (se kart nederst).<\/p>\n<p>Operasjonsleder P\u00e5l Bjelland ved \u00d8st politidistrikt opplyste da at det var snakk om en front mot front-ulykke mellom en personbil og en trailer, og at hendelsen fremsto alvorlig for f\u00f8reren av personbilen, mens f\u00f8reren av lastebilen fremsto fysisk uskadd.<\/p>\n<p>N\u00f8detatene rykket ut, og ogs\u00e5 redningshelikopter (SAR-Queen) ble rekvirert fra Rygge flyplass.<\/p>\n<p>\u2013 Traileren har kj\u00f8rt s\u00f8rover Osloveien i retning mot Son, mens personbilen har kj\u00f8rt nordover (retning Vestby). Personbilen har kommet over i motg\u00e5ende kj\u00f8refelt hvor de kolliderte. Veien var slapsete p\u00e5 stedet etter sn\u00f8fallet, opplyste Bjelland klokken 09.15.<\/p>\n<p>Livet til f\u00f8reren av personbilen sto ikke til \u00e5 redde. Den omkomne er if\u00f8lge politiet i 20-\u00e5rene.<\/p>\n<p>\u2013 F\u00f8reren av personbilen er bekreftet omkommet, og de p\u00e5r\u00f8rende er varslet. P\u00e5r\u00f8rende f\u00e5r oppf\u00f8lging av kriseteam. N\u00f8detatene jobber fortsatt p\u00e5 stedet, sammen med ulykkesgruppen. Veien forventes videre stengt i cirka to timer til, forteller operasjonslederen klokken 11.52.<\/p>\n<p><a href=\"https:\/\/www.moss-avis.no\/melding-om-trafikkulykke\/s\/5-67-2285622\" rel=\"Follow nofollow noopener\" target=\"_blank\">If\u00f8lge Moss Avis har den omkomne bostedsadresse i Oslo.<\/a><\/p>\n","protected":false},"excerpt":{"rendered":"Rett f\u00f8r klokken 09.00 onsdag gikk \u00d8st politidistrikt ut med melding om trafikkulykke p\u00e5 Osloveien i Vestby kommune,&hellip;\n","protected":false},"author":2,"featured_media":137108,"comment_status":"","ping_status":"","sticky":false,"template":"","format":"standard","meta":{"footnotes":""},"categories":[10],"tags":[36,20,21,24,25,15,22,23,15694,13,30,28,29,14,16,254,15695,15696,1510,26,27,666,1922],"class_list":{"0":"post-137107","1":"post","2":"type-post","3":"status-publish","4":"format-standard","5":"has-post-thumbnail","7":"category-norge","8":"tag-art","9":"tag-breaking-news","10":"tag-breakingnews","11":"tag-featured-news","12":"tag-featurednews","13":"tag-headlines","14":"tag-latest-news","15":"tag-latestnews","16":"tag-nabokommune","17":"tag-news","18":"tag-no","19":"tag-norge","20":"tag-norway","21":"tag-nyheter","22":"tag-overskrifter","23":"tag-politi","24":"tag-ringvoll","25":"tag-saner","26":"tag-story","27":"tag-top-stories","28":"tag-topstories","29":"tag-trafikkulykke","30":"tag-vestby"},"share_on_mastodon":{"url":"https:\/\/pubeurope.com\/@no\/115893629341639032","error":""},"_links":{"self":[{"href":"https:\/\/www.europesays.com\/no\/wp-json\/wp\/v2\/posts\/137107","targetHints":{"allow":["GET"]}}],"collection":[{"href":"https:\/\/www.europesays.com\/no\/wp-json\/wp\/v2\/posts"}],"about":[{"href":"https:\/\/www.europesays.com\/no\/wp-json\/wp\/v2\/types\/post"}],"author":[{"embeddable":true,"href":"https:\/\/www.europesays.com\/no\/wp-json\/wp\/v2\/users\/2"}],"replies":[{"embeddable":true,"href":"https:\/\/www.europesays.com\/no\/wp-json\/wp\/v2\/comments?post=137107"}],"version-history":[{"count":0,"href":"https:\/\/www.europesays.com\/no\/wp-json\/wp\/v2\/posts\/137107\/revisions"}],"wp:featuredmedia":[{"embeddable":true,"href":"https:\/\/www.europesays.com\/no\/wp-json\/wp\/v2\/media\/137108"}],"wp:attachment":[{"href":"https:\/\/www.europesays.com\/no\/wp-json\/wp\/v2\/media?parent=137107"}],"wp:term":[{"taxonomy":"category","embeddable":true,"href":"https:\/\/www.europesays.com\/no\/wp-json\/wp\/v2\/categories?post=137107"},{"taxonomy":"post_tag","embeddable":true,"href":"https:\/\/www.europesays.com\/no\/wp-json\/wp\/v2\/tags?post=137107"}],"curies":[{"name":"wp","href":"https:\/\/api.w.org\/{rel}","templated":true}]}}