{"id":137109,"date":"2026-01-14T13:13:07","date_gmt":"2026-01-14T13:13:07","guid":{"rendered":"https:\/\/www.europesays.com\/no\/137109\/"},"modified":"2026-01-14T13:13:07","modified_gmt":"2026-01-14T13:13:07","slug":"for-en-idiot-jeg-er-nrk-sport-sportsnyheter-resultater-og-sendeplan","status":"publish","type":"post","link":"https:\/\/www.europesays.com\/no\/137109\/","title":{"rendered":"\u2013 For en idiot jeg er \u2013 NRK Sport \u2013 Sportsnyheter, resultater og sendeplan"},"content":{"rendered":"<p>NM-sprinten p\u00e5 Steinkjer fikk en h\u00f8ydramatisk avslutning. Lenge s\u00e5 det ut som favoritten Ansgar Evensen hadde seieren i lomma, men p\u00e5 de siste meterne dukket 20 \u00e5r gamle Lars Heggen opp som en rakett.<\/p>\n<p>I en forrykende sluttspurt kjempet de to side om side, men en enorm avslutning s\u00f8rget for at Heggen snek seg en halvmeter foran i m\u00e5l. Dermed sikret unggutten sitt aller f\u00f8rste NM-gull og sin f\u00f8rste seier som senior.<\/p>\n<p>\u2013 Det er en stor dag for meg. Det var sinnssykt g\u00f8y, jeg er s\u00e5 forn\u00f8yd, sier den ferske norgesmesteren.<\/p>\n<p>Seieren kunne ikke kommet p\u00e5 et bedre tidspunkt. Landslagstrener Arild Monsen har bekreftet overfor NRK at \u00e9n av de to siste OL-billettene er \u00f8remerket en sprinter. Med dagens prestasjon har Heggen sendt en s\u00f8knad det er umulig \u00e5 overse.<\/p>\n<p>\u2013 Det er den beste f\u00f8lelsen \u00e5 vinne skirenn. Jeg har ikke vunnet som senior f\u00f8r n\u00e5, s\u00e5 det var utrolig g\u00f8y at det skjedde i dag, sier Heggen.<\/p>\n<p>Selv om han er beskjeden p\u00e5 egne vegne, legger han ikke skjul p\u00e5 at selvtilliten er p\u00e5 topp f\u00f8r det kommende uttaket.<\/p>\n<p>\u2013 De har en vanskelig jobb, de gutta som skal ta ut laget. Jeg vet ikke om jeg er med i diskusjonen en gang, sier Heggen, f\u00f8r han kontrer p\u00e5 sp\u00f8rsm\u00e5l om han mener han er god nok for troppen:<\/p>\n<p>\u2013 Ja, det vil jeg si. Jeg er alltid \u00e5 regne med.<\/p>\n<p>\u2013 En j\u00e6vla idiot<\/p>\n<p>En annen som ogs\u00e5 deltok var Petter Northug. Northug har rukket \u00e5 bli 40 \u00e5r gammel. Det hindret han ikke fra \u00e5 ta p\u00e5 seg skidressen og stille til start p\u00e5 sprinten i \u00e5rets NM.<\/p>\n<p>Veteranen la opp som skil\u00f8per p\u00e5 toppniv\u00e5 i 2018.<\/p>\n<p>Han er selv klar p\u00e5 at han merker at han har blitt eldre.<\/p>\n<p>\u2013 Det merkers. Oppvarmingen er tung og seig og det er lite fartsressurser igjen. S\u00e5 jeg m\u00e5 v\u00e6re p\u00e5 hugget i starten for jeg taper nok mye de f\u00f8rst 100\u2013200 meterne, analyserte han til NRK f\u00f8r start.<\/p>\n<p><img decoding=\"async\"   src=\"data:image\/gif;base64,R0lGODlhAQABAIAAAAAAAP\/\/\/yH5BAEAAAAALAAAAAABAAEAAAIBRAA7\" loading=\"eager\" alt=\"undefined (Bildebeskrivelsen er laget av en KI-tjeneste)\" title=\"Foto: Lise \u00c5serud \/ NTB\"\/><\/p>\n<p class=\"\">JOBBET P\u00c5: Kroppen til Northug f\u00f8ltes ikke like lett som for ti \u00e5r siden.<\/p>\n<p>Foto: Lise \u00c5serud \/ NTB<\/p>\n<p>Og det s\u00e5 lenge ut til at det gamle skiesset skulle ta seg videre fra prologen.<\/p>\n<p><strong>\u2013 For en j\u00e6vla idiot jeg er som melder meg p\u00e5 tenkte jeg etter 150 meter, sier en andpusten Northug til NRK etter endt prolog. <\/strong><\/p>\n<p>Men det holdt ikke til avansement. F\u00f8r alle l\u00f8pere er i m\u00e5l har Northug misset ut p\u00e5 avansement med fem hundredeler.<\/p>\n<p>Det var likevel ingen tvil om hvem som var den st\u00f8rste stjernen i Steinkjer onsdag. Folk l\u00f8p etter Northug for \u00e5 f\u00f8lge ham i l\u00f8ypa, og ble stoppet for b\u00e5de bilder og autografer etter m\u00e5lgang.<\/p>\n<p>Nerv\u00f8s f\u00f8r l\u00f8pet<\/p>\n<p>Det er likevel ikke bare medaljer som opptar ut\u00f8verne i Tr\u00f8ndelag. For herrene gjenst\u00e5r det fortsatt to ledige plasser i OL-troppen, noe som Evensen innr\u00f8mmet f\u00f8r start preget han.<\/p>\n<p>\u2013 Jeg er nerv\u00f8s fordi jeg m\u00e5 prestere hvis jeg vil til OL. Jeg har f\u00e5tt f\u00e5 signaler, og man burde ikke bli straffet for \u00e5 g\u00e5 alle skirennene man kan, sa Ansgar Evensen til NRK f\u00f8r start.<\/p>\n<p><img decoding=\"async\"   src=\"data:image\/gif;base64,R0lGODlhAQABAIAAAAAAAP\/\/\/yH5BAEAAAAALAAAAAABAAEAAAIBRAA7\" loading=\"eager\" alt=\"Ansgar Evensen g\u00e5r i m\u00e5l\" title=\"Foto: Lise \u00c5serud \/ NTB\"\/><\/p>\n<p class=\"\">KJEMPER: Evensen er klar p\u00e5 at OL tar opp mye av tankene hans. <\/p>\n<p>Foto: Lise \u00c5serud \/ NTB<\/p>\n<p>\u2013 Man har litt vondt i hodet og f\u00f8ler seg kvalm, fortsetter han.<\/p>\n<p>Evensen leverte en meget sterk prolog onsdag.<\/p>\n<p>I forkant av NM har det v\u00e6rt murring rundt OL-uttaket. Flere har reagert kraftig p\u00e5 at Emil Iversen ikke har f\u00e5tt plass til lekene. Iversen stiller ikke til start i NM.<\/p>\n<p>Monsen holder fortsatt kortene tett til brystet hva gjelder de siste OL-billettene.<\/p>\n<p>\u2013 Er det to sprintere som skal med, eller en distansel\u00f8per?<\/p>\n<p>\u2013 Nei, det detter lite ut av meg. Vi vurderer selvf\u00f8lgelig begge alternativer. Og s\u00e5 f\u00e5r vi se, men n\u00e5 har vi sagt at vi skal holde oss til det at det kommer ikke noe klart svar i dag. Vi skal kj\u00f8re NM, og s\u00e5 blir det landa helt offisielt p\u00e5 tirsdag i hvert fall, sier Monsen til NRK i Steinkjer onsdag.\n<\/p>\n<p><img decoding=\"async\"   src=\"data:image\/gif;base64,R0lGODlhAQABAIAAAAAAAP\/\/\/yH5BAEAAAAALAAAAAABAAEAAAIBRAA7\" loading=\"eager\" alt=\"To personer st\u00e5r ute i sn\u00f8en, begge if\u00f8rt vinterkl\u00e6r. Den ene, if\u00f8rt r\u00f8d jakke og bl\u00e5 lue, har armene krysset foran seg. Den andre personen er if\u00f8rt en bl\u00e5 jakke og holder en mikrofon. Bakgrunnen er uklar og fremst\u00e5r som sn\u00f8dekt. (Bildebeskrivelsen er laget av en KI-tjeneste)\" title=\"Foto: Lise \u00c5serud \/ NTB\"\/><\/p>\n<p class=\"\">SJEF: Arild Monsen ville ikke r\u00f8pe noe om hvem som f\u00e5r de siste to OL-plassene.<\/p>\n<p>Foto: Lise \u00c5serud \/ NTB<\/p>\n<p>Kritisk Northug<\/p>\n<p>Petter Northug er p\u00e5 sin side kritisk til prosessen da NRK spurte ham om OL-uttaket.<\/p>\n<p>\u2013 Kommunikasjonen er d\u00e5rlig. Jeg savner at man snakker tydeligere om retningslinjer og \u00e5pent om hvordan man gj\u00f8r det. Det er flere som kjenner p\u00e5 frustrasjon vet jeg, sa han til NRK.<\/p>\n<p>Northug, som for nesten n\u00f8yaktig 20 \u00e5r siden vant NM-gull p\u00e5 tremila og fikk beskjed om at han ikke fikk en av de 12 plassene p\u00e5 OL-laget, mener mer burde v\u00e6rt avgjort f\u00f8r mesterskapet i Steinkjer.<\/p>\n<p><img decoding=\"async\"   src=\"data:image\/gif;base64,R0lGODlhAQABAIAAAAAAAP\/\/\/yH5BAEAAAAALAAAAAABAAEAAAIBRAA7\" loading=\"eager\" alt=\"\" title=\"Foto: Lise \u00c5serud \/ NTB\"\/><\/p>\n<p class=\"\">ST\u00d8TTER IVERSEN: Petter Northug ser gjerne at Iversen f\u00e5r en av de to siste OL-plassene.<\/p>\n<p>Foto: Lise \u00c5serud \/ NTB<\/p>\n<p>For Northug ville hatt med b\u00e5de Emil Iversen og Oskar Opstad Vike p\u00e5 sitt OL-lag.<\/p>\n<p>\u2013 Hva tenker du om NMs betydning? <\/p>\n<p>\u2013 Det varierer litt fra mesterskap til mesterskap. For min del s\u00e5 har det v\u00e6rt forskjellige opplevelser fra Kongsberg til R\u00f8ros for \u00e5 g\u00e5 en sprint for \u00e5 kvalifisere meg. S\u00e5 det har v\u00e6rt mange forskjellige opplevelser for min del.<\/p>\n<p>Han er likevel klar p\u00e5 at han ikke syns NM b\u00f8r telle s\u00e5 mye som kvalifisering til mesterskap.<\/p>\n<p>\u2013 Internasjonale resultater veier tungt. S\u00e5 kan man bruke det i tvilstilfeller, sier Northug.<\/p>\n<p>Publisert<\/p>\n<p>14.01.2026, kl. 11.13<\/p>\n<p>Oppdatert<\/p>\n<p>14.01.2026, kl. 14.12<\/p>\n","protected":false},"excerpt":{"rendered":"NM-sprinten p\u00e5 Steinkjer fikk en h\u00f8ydramatisk avslutning. Lenge s\u00e5 det ut som favoritten Ansgar Evensen hadde seieren i&hellip;\n","protected":false},"author":2,"featured_media":137110,"comment_status":"","ping_status":"","sticky":false,"template":"","format":"standard","meta":{"footnotes":""},"categories":[5],"tags":[20,21,24,25,15,19,22,23,17,18,13,30,28,29,14,16,26,27],"class_list":{"0":"post-137109","1":"post","2":"type-post","3":"status-publish","4":"format-standard","5":"has-post-thumbnail","7":"category-overskrifter","8":"tag-breaking-news","9":"tag-breakingnews","10":"tag-featured-news","11":"tag-featurednews","12":"tag-headlines","13":"tag-hovedoppslag","14":"tag-latest-news","15":"tag-latestnews","16":"tag-main-news","17":"tag-mainnews","18":"tag-news","19":"tag-no","20":"tag-norge","21":"tag-norway","22":"tag-nyheter","23":"tag-overskrifter","24":"tag-top-stories","25":"tag-topstories"},"share_on_mastodon":{"url":"https:\/\/pubeurope.com\/@no\/115893633314129585","error":""},"_links":{"self":[{"href":"https:\/\/www.europesays.com\/no\/wp-json\/wp\/v2\/posts\/137109","targetHints":{"allow":["GET"]}}],"collection":[{"href":"https:\/\/www.europesays.com\/no\/wp-json\/wp\/v2\/posts"}],"about":[{"href":"https:\/\/www.europesays.com\/no\/wp-json\/wp\/v2\/types\/post"}],"author":[{"embeddable":true,"href":"https:\/\/www.europesays.com\/no\/wp-json\/wp\/v2\/users\/2"}],"replies":[{"embeddable":true,"href":"https:\/\/www.europesays.com\/no\/wp-json\/wp\/v2\/comments?post=137109"}],"version-history":[{"count":0,"href":"https:\/\/www.europesays.com\/no\/wp-json\/wp\/v2\/posts\/137109\/revisions"}],"wp:featuredmedia":[{"embeddable":true,"href":"https:\/\/www.europesays.com\/no\/wp-json\/wp\/v2\/media\/137110"}],"wp:attachment":[{"href":"https:\/\/www.europesays.com\/no\/wp-json\/wp\/v2\/media?parent=137109"}],"wp:term":[{"taxonomy":"category","embeddable":true,"href":"https:\/\/www.europesays.com\/no\/wp-json\/wp\/v2\/categories?post=137109"},{"taxonomy":"post_tag","embeddable":true,"href":"https:\/\/www.europesays.com\/no\/wp-json\/wp\/v2\/tags?post=137109"}],"curies":[{"name":"wp","href":"https:\/\/api.w.org\/{rel}","templated":true}]}}