{"id":137117,"date":"2026-01-14T13:26:09","date_gmt":"2026-01-14T13:26:09","guid":{"rendered":"https:\/\/www.europesays.com\/no\/137117\/"},"modified":"2026-01-14T13:26:09","modified_gmt":"2026-01-14T13:26:09","slug":"jeg-er-alltid-a-regne-med","status":"publish","type":"post","link":"https:\/\/www.europesays.com\/no\/137117\/","title":{"rendered":"\u2013 Jeg er alltid \u00e5 regne med"},"content":{"rendered":"\n<p class=\"_lead_o9xde_2 _lead_xtcu6_50 layout-component text-serif-m layout-normal text-serif-l layout-component layout-wide layout-padded _wide_17hqh_1 layout-padded\">Lars Heggen (20) slo Ansgar Evensen p\u00e5 oppl\u00f8pet p\u00e5 sprinten og tok sitt f\u00f8rste NM-gull.<\/p>\n<ul class=\"_gallery_1qa3s_23\" tabindex=\"0\">\n<li class=\"_item_1qa3s_37\" data-index=\"0\"><img fetchpriority=\"high\" decoding=\"async\" class=\"_image_foru8_23 _introGallery_foru8_43\" data-fullscreen- width=\"4078\" height=\"2718\" itemprop=\"image\" loading=\"eager\"  src=\"https:\/\/www.europesays.com\/no\/wp-content\/uploads\/2026\/01\/505287cd-49ba-4a01-be85-8fa34d36c67a.jpeg\"  style=\"object-position:50% 50%;aspect-ratio:var(--gallery-aspect-ratio, 16 \/ 9)\"\/>Lars Heggen slo Ansgar Evensen i spurten.<br \/>\nFoto: Lise \u00c5serud \/ NTB<\/li>\n<li class=\"_item_1qa3s_37\" data-index=\"1\"><img decoding=\"async\" class=\"_image_foru8_23 _introGallery_foru8_43\" data-fullscreen- width=\"5213\" height=\"3476\" itemprop=\"image\" loading=\"lazy\"  src=\"https:\/\/www.europesays.com\/no\/wp-content\/uploads\/2026\/01\/9a76ef6e-f750-4439-82a2-e28846de71b5.png\"  style=\"object-position:50% 50%;aspect-ratio:var(--gallery-aspect-ratio, 16 \/ 9)\"\/>Lars Heggen tok NM-gull.<br \/>\nFoto: Lise \u00c5serud \/ NTB<\/li>\n<\/ul>\n<p>Lars Heggen slo Ansgar Evensen i spurten.<br \/>\nFoto: Lise \u00c5serud \/ NTB<\/p>\n<ul aria-hidden=\"true\" class=\"_images_ntbth_112\">\n<li><a class=\"_link_ntbth_117\" href=\"https:\/\/www.vg.no\/forfatter\/ntb\" style=\"z-index:1\" title=\"NTB\" rel=\"nofollow noopener\" target=\"_blank\"><img alt=\"Bilde av NTB\" class=\"_image_ntbth_93\" fetchpriority=\"low\" loading=\"lazy\" decoding=\"async\" itemprop=\"image\"  src=\"https:\/\/www.europesays.com\/no\/wp-content\/uploads\/2026\/01\/1768397169_970_c33980b0-5d07-4027-84a1-813f90a7c8d6.png\"  width=\"480\"\/><\/a><\/li>\n<\/ul>\n<p> Oppdatert onsdag 14. januar kl. 14:09     <\/p>\n<p class=\"_paragraph_o9xde_4 _paragraph_xtcu6_10 layout-component text-serif-m layout-normal text-serif-m layout-padded\">Evensen ledet lenge i finalen, men p\u00e5 oppl\u00f8pet spurtet Heggen forbi og vant. Even Northug kom inn p\u00e5 bronseplass.<\/p>\n<p class=\"_paragraph_o9xde_4 _paragraph_xtcu6_10 layout-component text-serif-m layout-normal text-serif-m layout-padded\">\u2013 Det er en stor dag for meg. Det var sinnssykt g\u00f8y. Det er s\u00e5 deilig. Det er den beste f\u00f8lelsen, sa Harestua-l\u00f8per Heggen til NRK.<\/p>\n<p class=\"_paragraph_o9xde_4 _paragraph_xtcu6_10 layout-component text-serif-m layout-normal text-serif-m layout-padded\">Evensen var best i prologen og hele veien gjennom utslagsrundene. I finalen m\u00e5tte han ta til takke med s\u00f8lv.<\/p>\n<p class=\"_paragraph_o9xde_4 _paragraph_xtcu6_10 layout-component text-serif-m layout-normal text-serif-m layout-padded\">Vind-l\u00f8peren er en av dem som h\u00e5per \u00e5 ta en av de to siste OL-plassene p\u00e5 herrelaget. Landslagstrener Arild Monsen bekreftet onsdag til NRK at minst en av de to siste OL-billettene g\u00e5r til en sprinter.<\/p>\n<p class=\"_paragraph_o9xde_4 _paragraph_xtcu6_10 layout-component text-serif-m layout-normal text-serif-m layout-padded\">Det blir trolig enten Evensen eller Oskar Opstad Vike. Sistnevnte gikk ikke onsdagens NM-sprint som f\u00f8lge av sykdom.<\/p>\n<p>Utelukker ikke OL-sjanse<\/p>\n<p class=\"_paragraph_o9xde_4 _paragraph_xtcu6_10 layout-component text-serif-m layout-normal text-serif-m layout-padded\">Heggen ville selv ikke p\u00e5berope seg en stor OL-sjanse, men tror ikke at l\u00f8pet er kj\u00f8rt.<\/p>\n<p class=\"_paragraph_o9xde_4 _paragraph_xtcu6_10 layout-component text-serif-m layout-normal text-serif-m layout-padded\">\u2013 De har en vanskelig jobb de som skal ta ut laget. Jeg vet ikke om jeg er i diskusjonen, sa han og la til:<\/p>\n<p class=\"_paragraph_o9xde_4 _paragraph_xtcu6_10 layout-component text-serif-m layout-normal text-serif-m layout-padded\">\u2013 Jeg er alltid \u00e5 regne med.<\/p>\n<p class=\"_paragraph_o9xde_4 _paragraph_xtcu6_10 layout-component text-serif-m layout-normal text-serif-m layout-padded\">Plassene skal deles ut etter denne uken.<\/p>\n<p class=\"_paragraph_o9xde_4 _paragraph_xtcu6_10 layout-component text-serif-m layout-normal text-serif-m layout-padded\">Seks av \u00e5tte plasser i den norske OL-troppen p\u00e5 herresiden er allerede tatt. De har Harald \u00d8stberg Amundsen, Johannes H\u00f8sflot Kl\u00e6bo, Martin L\u00f8wstr\u00f8m Nyenget, Erik Valnes, Einar Hedegart og Mattis Stenshagen f\u00e5tt.<\/p>\n<p class=\"_paragraph_o9xde_4 _paragraph_xtcu6_10 layout-component text-serif-m layout-normal text-serif-m layout-padded\">Hvem som f\u00e5r de to siste plassene, r\u00e5der det usikkerhet rundt.<\/p>\n<p>Iversen i h\u00f8yden<\/p>\n<p class=\"_paragraph_o9xde_4 _paragraph_xtcu6_10 layout-component text-serif-m layout-normal text-serif-m layout-padded\">Dersom landslagsledelsen finner plass til b\u00e5de Vike og Evensen i OL-troppen, blir det p\u00e5 bekostning av Emil Iversen. Iversen prioriterer h\u00f8ydeopphold framfor NM, i h\u00e5p om at han skal f\u00e5 billett til OL uansett.<\/p>\n<p class=\"_paragraph_o9xde_4 _paragraph_xtcu6_10 layout-component text-serif-m layout-normal text-serif-m layout-padded\">Norge har fire plasser p\u00e5 sprinten i Val di Fiemme. Regjerende mester Johannes H\u00f8sflot Kl\u00e6bo har ingen personlig friplass. VM-kongen f\u00e5r ganske sikkert med seg Erik Valnes p\u00e5 startstreken i OL.<\/p>\n<p class=\"_paragraph_o9xde_4 _paragraph_xtcu6_10 layout-component text-serif-m layout-normal text-serif-m layout-padded\">Dersom ikke b\u00e5de Opstad Vike og Evensen f\u00e5r plass i troppen, blir trolig Harald \u00d8stberg Amundsen fjerdemann p\u00e5 sprintlaget.<\/p>\n<p>Northug overrasket<\/p>\n<p class=\"_paragraph_o9xde_4 _paragraph_xtcu6_10 layout-component text-serif-m layout-normal text-serif-m layout-padded\">Petter Northug (40) var sv\u00e6rt n\u00e6r \u00e5 ta seg til utslagsrundene onsdag. Han var fem hundredeler bak den siste som fikk plass.<\/p>\n<p class=\"_paragraph_o9xde_4 _paragraph_xtcu6_10 layout-component text-serif-m layout-normal text-serif-m layout-padded\">\u2013 Jeg g\u00e5r prolog en gang i \u00e5ret. Jeg tenkte etter 150 meter at jeg var en idiot som holdt p\u00e5 med dette, sa Northug til NRK.<\/p>\n","protected":false},"excerpt":{"rendered":"Lars Heggen (20) slo Ansgar Evensen p\u00e5 oppl\u00f8pet p\u00e5 sprinten og tok sitt f\u00f8rste NM-gull. Lars Heggen slo&hellip;\n","protected":false},"author":2,"featured_media":137118,"comment_status":"","ping_status":"","sticky":false,"template":"","format":"standard","meta":{"footnotes":""},"categories":[59],"tags":[30,28,29,83,82],"class_list":{"0":"post-137117","1":"post","2":"type-post","3":"status-publish","4":"format-standard","5":"has-post-thumbnail","7":"category-sport","8":"tag-no","9":"tag-norge","10":"tag-norway","11":"tag-sport","12":"tag-sports"},"share_on_mastodon":{"url":"https:\/\/pubeurope.com\/@no\/115893684366229798","error":""},"_links":{"self":[{"href":"https:\/\/www.europesays.com\/no\/wp-json\/wp\/v2\/posts\/137117","targetHints":{"allow":["GET"]}}],"collection":[{"href":"https:\/\/www.europesays.com\/no\/wp-json\/wp\/v2\/posts"}],"about":[{"href":"https:\/\/www.europesays.com\/no\/wp-json\/wp\/v2\/types\/post"}],"author":[{"embeddable":true,"href":"https:\/\/www.europesays.com\/no\/wp-json\/wp\/v2\/users\/2"}],"replies":[{"embeddable":true,"href":"https:\/\/www.europesays.com\/no\/wp-json\/wp\/v2\/comments?post=137117"}],"version-history":[{"count":0,"href":"https:\/\/www.europesays.com\/no\/wp-json\/wp\/v2\/posts\/137117\/revisions"}],"wp:featuredmedia":[{"embeddable":true,"href":"https:\/\/www.europesays.com\/no\/wp-json\/wp\/v2\/media\/137118"}],"wp:attachment":[{"href":"https:\/\/www.europesays.com\/no\/wp-json\/wp\/v2\/media?parent=137117"}],"wp:term":[{"taxonomy":"category","embeddable":true,"href":"https:\/\/www.europesays.com\/no\/wp-json\/wp\/v2\/categories?post=137117"},{"taxonomy":"post_tag","embeddable":true,"href":"https:\/\/www.europesays.com\/no\/wp-json\/wp\/v2\/tags?post=137117"}],"curies":[{"name":"wp","href":"https:\/\/api.w.org\/{rel}","templated":true}]}}