{"id":137120,"date":"2026-01-14T13:31:13","date_gmt":"2026-01-14T13:31:13","guid":{"rendered":"https:\/\/www.europesays.com\/no\/137120\/"},"modified":"2026-01-14T13:31:13","modified_gmt":"2026-01-14T13:31:13","slug":"det-er-helt-nydelig-na-det-kan-ikke-bli-bedre-fvn-no","status":"publish","type":"post","link":"https:\/\/www.europesays.com\/no\/137120\/","title":{"rendered":"(+) \u2013 Det er helt nydelig n\u00e5, det kan ikke bli bedre &#8211; fvn.no"},"content":{"rendered":"<ol>\n<li><a href=\"https:\/\/news.google.com\/rss\/articles\/CBMihgFBVV95cUxNNWRfYjNfb3B4VWdRWnZfQVFKeVdaVHF1TEtDNXgzSlhzVGt2bjJkMVVqNGpUVVZnd0VrUUloeWozT2JabXFEeFAyYzQtc1pWbDMtRU9oUHFzbk9EVTFsR3Q3UUdMbVU1WVM1OXdOYnB5aUNUeVVCWmRaaWYyTFdvSUpSNEthZw?oc=5\" target=\"_blank\" rel=\"nofollow noopener\">(+) \u2013 Det er helt nydelig n\u00e5, det kan ikke bli bedre<\/a>&nbsp;&nbsp;fvn.no<\/li>\n<li><a href=\"https:\/\/news.google.com\/rss\/articles\/CBMiggFBVV95cUxPbnV4dEdmTjBpWExibmJIbnduTVgtdkpTeFZRWmd5dlJMYjItOXFLeU8xZmdjWU9qblZFOGJRNEV0NlNlLVhrZTkwdWYycjVMczhYMG5lc1gwZC1TMlIteE9obkhMRUp6eVhIVGstcEJic3NQU1BsNm9lMVFmUjVwckFR?oc=5\" target=\"_blank\" rel=\"nofollow noopener\">\u2013 Klart vi t\u00e5ler dette. Det er ittno problem<\/a>&nbsp;&nbsp;Hamar Arbeiderblad<\/li>\n<li><a href=\"https:\/\/news.google.com\/rss\/articles\/CBMidEFVX3lxTE9wVGduQVROcWR5YlRWejBKc3FwbGNLV0NaYjJUMFhhaGM1aW53dVNwUkM2QnhQUEVMZTdWbjJGQ05MRWVlZW01MVpUMUoxMm5rbWpEOXp3NlI1Qm1TZEt1Z2hGWGFTQnBhTkpGb2lUeDB0Si1l?oc=5\" target=\"_blank\" rel=\"nofollow noopener\">Ski, Runar ski | Her er det skispor: \u2013 Klare til bruk<\/a>&nbsp;&nbsp;Sandefjords Blad<\/li>\n<li><a href=\"https:\/\/news.google.com\/rss\/articles\/CBMirwFBVV95cUxOeEx0N0lxUHpJWnpFalMzMEYzN0ppNVRTN1NOS1BOaXlBRmczek1qUF93dGViZzFmYlA5TlpXc3JRdnJ0ZWlHXzZNTUQ1OHB6LUlPTlZRby1mMkxXOXdwbHBmektoUG00OXRfbmhHejQxanFPYVkxRmdLZ0xXX29qUUpFNUl5WGJBUm9JYmZ6UHhGOUFIZDh4ZWlOU1djNnhicjJ1YTZhV0gwbFJDSmtR?oc=5\" target=\"_blank\" rel=\"nofollow noopener\">(+) N\u00e5 kan du g\u00e5 p\u00e5 ski i Kris\u00adtian\u00adsand: \u2013 Dette har vi ventet lenge p\u00e5<\/a>&nbsp;&nbsp;fvn.no<\/li>\n<li><a href=\"https:\/\/news.google.com\/rss\/articles\/CBMimwFBVV95cUxQVDFlLXZiTDlDQ3FFRWtVTE9ZU1FLT3BsTHZ4bVFNVjA1UURWcXVlWkNhSC1ITFFaVUhhZFJRUUNsTlNhVUl6dEFYTkctNmdwenJqcHNFYU9YZTBLbTZiRHV1eW1fT3BaZFR6R2dkRGstdDNwcHV2WkRSRXJ5cThTaUc0c2tVZTJmb29sWkZKeU5iOV9KSzRSNzNRMA?oc=5\" target=\"_blank\" rel=\"nofollow noopener\">Gode nyheter for barnefamilier og skiglade: \u2013 Str\u00e5lende forn\u00f8yd<\/a>&nbsp;&nbsp;Hamar Arbeiderblad<\/li>\n<\/ol>\n","protected":false},"excerpt":{"rendered":"(+) \u2013 Det er helt nydelig n\u00e5, det kan ikke bli bedre&nbsp;&nbsp;fvn.no \u2013 Klart vi t\u00e5ler dette. Det&hellip;\n","protected":false},"author":2,"featured_media":137121,"comment_status":"","ping_status":"","sticky":false,"template":"","format":"standard","meta":{"footnotes":""},"categories":[10],"tags":[20,21,24,25,15,22,23,1202,13,30,28,29,14,16,7569,26,27],"class_list":{"0":"post-137120","1":"post","2":"type-post","3":"status-publish","4":"format-standard","5":"has-post-thumbnail","7":"category-norge","8":"tag-breaking-news","9":"tag-breakingnews","10":"tag-featured-news","11":"tag-featurednews","12":"tag-headlines","13":"tag-latest-news","14":"tag-latestnews","15":"tag-meteorologisk-institutt","16":"tag-news","17":"tag-no","18":"tag-norge","19":"tag-norway","20":"tag-nyheter","21":"tag-overskrifter","22":"tag-skiloype","23":"tag-top-stories","24":"tag-topstories"},"share_on_mastodon":{"url":"https:\/\/pubeurope.com\/@no\/115893704045441617","error":""},"_links":{"self":[{"href":"https:\/\/www.europesays.com\/no\/wp-json\/wp\/v2\/posts\/137120","targetHints":{"allow":["GET"]}}],"collection":[{"href":"https:\/\/www.europesays.com\/no\/wp-json\/wp\/v2\/posts"}],"about":[{"href":"https:\/\/www.europesays.com\/no\/wp-json\/wp\/v2\/types\/post"}],"author":[{"embeddable":true,"href":"https:\/\/www.europesays.com\/no\/wp-json\/wp\/v2\/users\/2"}],"replies":[{"embeddable":true,"href":"https:\/\/www.europesays.com\/no\/wp-json\/wp\/v2\/comments?post=137120"}],"version-history":[{"count":0,"href":"https:\/\/www.europesays.com\/no\/wp-json\/wp\/v2\/posts\/137120\/revisions"}],"wp:featuredmedia":[{"embeddable":true,"href":"https:\/\/www.europesays.com\/no\/wp-json\/wp\/v2\/media\/137121"}],"wp:attachment":[{"href":"https:\/\/www.europesays.com\/no\/wp-json\/wp\/v2\/media?parent=137120"}],"wp:term":[{"taxonomy":"category","embeddable":true,"href":"https:\/\/www.europesays.com\/no\/wp-json\/wp\/v2\/categories?post=137120"},{"taxonomy":"post_tag","embeddable":true,"href":"https:\/\/www.europesays.com\/no\/wp-json\/wp\/v2\/tags?post=137120"}],"curies":[{"name":"wp","href":"https:\/\/api.w.org\/{rel}","templated":true}]}}